{"id":12533,"date":"2021-01-29T16:33:27","date_gmt":"2021-01-29T19:33:27","guid":{"rendered":"http:\/\/www.centraldenoticias.com.ar\/?p=12533"},"modified":"2021-01-29T20:47:45","modified_gmt":"2021-01-29T23:47:45","slug":"se-suspendio-la-visita-del-quirofano-veterinario-movil-a-loma-negra","status":"publish","type":"post","link":"https:\/\/cdnoticias.com\/index.php\/2021\/01\/29\/se-suspendio-la-visita-del-quirofano-veterinario-movil-a-loma-negra\/","title":{"rendered":"Se suspendi\u00f3 la visita del Quir\u00f3fano Veterinario M\u00f3vil a Loma Negra"},"content":{"rendered":"<p>Estaba prevista para la semana del 1 al 5 de febrero. Los turnos ser\u00e1n reprogramados.<!--more--><\/p>\n<hr \/>\n<p>Desde la Direcci\u00f3n de Bromatolog\u00eda se inform\u00f3 que, por cuestiones ajenas al servicio, <strong>qued\u00f3 suspendida la visita del Quir\u00f3fano Veterinario M\u00f3vil programada para la semana del 1 al 5 de febrero a la localidad de Loma Negra.<\/strong><\/p>\n<p>&nbsp;<\/p>\n<p>Cabe destacar que aquellas personas con turnos otorgados ser\u00e1n contactadas telef\u00f3nicamente por personal de Bromatolog\u00eda para tramitar la <strong>reprogramaci\u00f3n<\/strong> del mismo.<\/p>\n<p>&nbsp;<\/p>\n<p>Recordemos que <strong>desde esta \u00faltima semana de enero el Quir\u00f3fano M\u00f3vil volvi\u00f3 a itinerar<\/strong> luego de que el servicio se suspendi\u00f3 en el mes de marzo del a\u00f1o pasado por la pandemia.<\/p>\n","protected":false},"excerpt":{"rendered":"<p>Estaba prevista para la semana del 1 al 5 de febrero. Los turnos ser\u00e1n reprogramados.<\/p>\n","protected":false},"author":5,"featured_media":0,"comment_status":"closed","ping_status":"closed","sticky":false,"template":"","format":"standard","meta":{"_jetpack_memberships_contains_paid_content":false,"footnotes":""},"categories":[5,1],"tags":[],"class_list":["post-12533","post","type-post","status-publish","format-standard","hentry","category-informacion-general","category-portada"],"jetpack_featured_media_url":"","jetpack_sharing_enabled":true,"_links":{"self":[{"href":"https:\/\/cdnoticias.com\/index.php\/wp-json\/wp\/v2\/posts\/12533","targetHints":{"allow":["GET"]}}],"collection":[{"href":"https:\/\/cdnoticias.com\/index.php\/wp-json\/wp\/v2\/posts"}],"about":[{"href":"https:\/\/cdnoticias.com\/index.php\/wp-json\/wp\/v2\/types\/post"}],"author":[{"embeddable":true,"href":"https:\/\/cdnoticias.com\/index.php\/wp-json\/wp\/v2\/users\/5"}],"replies":[{"embeddable":true,"href":"https:\/\/cdnoticias.com\/index.php\/wp-json\/wp\/v2\/comments?post=12533"}],"version-history":[{"count":0,"href":"https:\/\/cdnoticias.com\/index.php\/wp-json\/wp\/v2\/posts\/12533\/revisions"}],"wp:attachment":[{"href":"https:\/\/cdnoticias.com\/index.php\/wp-json\/wp\/v2\/media?parent=12533"}],"wp:term":[{"taxonomy":"category","embeddable":true,"href":"https:\/\/cdnoticias.com\/index.php\/wp-json\/wp\/v2\/categories?post=12533"},{"taxonomy":"post_tag","embeddable":true,"href":"https:\/\/cdnoticias.com\/index.php\/wp-json\/wp\/v2\/tags?post=12533"}],"curies":[{"name":"wp","href":"https:\/\/api.w.org\/{rel}","templated":true}]}}