{"id":125309,"date":"2024-09-14T10:24:58","date_gmt":"2024-09-14T13:24:58","guid":{"rendered":"https:\/\/cdnoticias.com\/?p=125309"},"modified":"2024-09-14T12:56:05","modified_gmt":"2024-09-14T15:56:05","slug":"agustin-vernice-fue-reconocido-como-ciudadano-ilustre","status":"publish","type":"post","link":"https:\/\/cdnoticias.com\/index.php\/2024\/09\/14\/agustin-vernice-fue-reconocido-como-ciudadano-ilustre\/","title":{"rendered":"Agust\u00edn Vernice fue reconocido como \u201cCiudadano Ilustre\u201d"},"content":{"rendered":"<p>El intendente Maximiliano Wesner hizo entrega del decreto municipal en el marco de la charla que brind\u00f3 el deportista ol\u00edmpico en el Teatro. Participaci\u00f3n de Encuentro Republicano Federal.<!--more--><\/p>\n<hr \/>\n<p>En la tarde del jueves el <strong>Teatro Municipal<\/strong> fue sede del merecido <strong>reconocimiento de toda la comunidad de Olavarr\u00eda a Agust\u00edn Vernice<\/strong>, el palista nacido en nuestra ciudad y deportivamente en el Club Atl\u00e9tico Estudiantes, quien protagoniz\u00f3 una <strong>destacada participaci\u00f3n en los <a href=\"https:\/\/cdnoticias.com\/index.php\/2024\/08\/10\/historico-agustin-vernice-finalizo-cuarto-en-los-juegos-olimpicos\/\" target=\"_blank\" rel=\"noopener\">Juegos Ol\u00edmpicos de Par\u00eds 2024<\/a><\/strong>. No obstante, se trat\u00f3 del fruto de una<strong> trayectoria y continuidad de logros<\/strong> que se remontan desde hace ya a\u00f1os. Fue por ello que <strong>el intendente municipal Maximiliano Wesner le entreg\u00f3 el reconocimiento como \u201cCiudadano Ilustre\u201d.<\/strong><\/p>\n<p>La actividad se desarroll\u00f3 a partir de las 19 horas, organizada desde el Municipio, con la<strong> conducci\u00f3n de los periodistas locales Marcelo Manolio y Daniel Lovano<\/strong>. La capacidad del Teatro se vio <strong>pr\u00e1cticamente colmada, con una importante presencia de chicos y chicas<\/strong>, cumpliendo uno de los principales objetivos de la propuesta, ya que se busc\u00f3 que <strong>a partir de las experiencias narradas por Agust\u00edn sean cada vez m\u00e1s los chicos que se vuelquen al deporte<\/strong>, y con ello todos los beneficios que trae aparejado, como la adopci\u00f3n de h\u00e1bitos saludables, disciplina y tambi\u00e9n vinculaci\u00f3n social.<\/p>\n<p><img data-recalc-dims=\"1\" loading=\"lazy\" decoding=\"async\" class=\"size-full wp-image-125316 aligncenter\" src=\"https:\/\/i0.wp.com\/cdnoticias.com\/wp-content\/uploads\/2024\/09\/agustin-vernice-teatro-municipal-1.jpeg?resize=800%2C446&#038;ssl=1\" alt=\"\" width=\"800\" height=\"446\" srcset=\"https:\/\/i0.wp.com\/cdnoticias.com\/wp-content\/uploads\/2024\/09\/agustin-vernice-teatro-municipal-1.jpeg?w=1000&amp;ssl=1 1000w, https:\/\/i0.wp.com\/cdnoticias.com\/wp-content\/uploads\/2024\/09\/agustin-vernice-teatro-municipal-1.jpeg?resize=300%2C167&amp;ssl=1 300w, https:\/\/i0.wp.com\/cdnoticias.com\/wp-content\/uploads\/2024\/09\/agustin-vernice-teatro-municipal-1.jpeg?resize=768%2C428&amp;ssl=1 768w, https:\/\/i0.wp.com\/cdnoticias.com\/wp-content\/uploads\/2024\/09\/agustin-vernice-teatro-municipal-1.jpeg?resize=800%2C445&amp;ssl=1 800w\" sizes=\"auto, (max-width: 800px) 100vw, 800px\" \/><\/p>\n<p>No obstante, se pudo ver tambi\u00e9n personas de todas las edades, quienes quisieron estar presentes para hacerle llegar<strong> el reconocimiento, la felicitaci\u00f3n y tambi\u00e9n el agradecimiento a Vernice por colocar el nombre de Olavarr\u00eda en lo m\u00e1s alto del deporte mundial<\/strong>.<\/p>\n<p>Adem\u00e1s de los <strong>aprendizajes y an\u00e9cdotas<\/strong>, tambi\u00e9n hubo un tiempo para la<strong> emoci\u00f3n<\/strong>. Fue cuando se comparti\u00f3 <em>un video que incluy\u00f3 im\u00e1genes de su participaci\u00f3n en Par\u00eds, tambi\u00e9n el saludo de no solo de personalidades del deporte nacional, de la talla de los medallistas ol\u00edmpicos y emblemas de nuestro pa\u00eds como Paula Pareto, Emanuel Gin\u00f3bili y Javier Correa, sino tambi\u00e9n de personas claves en la vida de Agust\u00edn, como su primer entrenador Pablo Hoffman o su pareja Agustina Mc Donald.<\/em><\/p>\n<p>Sobre el cierre de la actividad tambi\u00e9n se vivi\u00f3 otro momento emotivo, que fue cuando <strong>el intendente Maximiliano Wesner subi\u00f3 al escenario para hacer entrega del decreto municipal que reconoci\u00f3 a Agust\u00edn Vernice como \u201cCiudadano Ilustre\u201d<\/strong>. El jefe comunal olavarriense le dirigi\u00f3 unas palabras para hacerle llegar el agradecimiento de todo el Partido de Olavarr\u00eda por compartir su experiencia, y c\u00f3mo el equilibrio, la perseverancia y la disciplina como ingredientes ineludibles para el \u00e9xito, no solo en el deporte.<\/p>\n<p>Adem\u00e1s, se realiz\u00f3 un sorteo en el que se entreg\u00f3 el buzo oficial utilizado por Agust\u00edn y la Delegaci\u00f3n Argentina en los Juegos Ol\u00edmpicos.<\/p>\n\n\n<div class=\"wp-block-jetpack-slideshow aligncenter\" data-effect=\"slide\"><div class=\"wp-block-jetpack-slideshow_container swiper-container\"><ul class=\"wp-block-jetpack-slideshow_swiper-wrapper swiper-wrapper\"><li class=\"wp-block-jetpack-slideshow_slide swiper-slide\"><figure><img data-recalc-dims=\"1\" loading=\"lazy\" decoding=\"async\" width=\"800\" height=\"445\" alt=\"\" class=\"wp-block-jetpack-slideshow_image wp-image-125312\" data-id=\"125312\" src=\"https:\/\/i0.wp.com\/cdnoticias.com\/wp-content\/uploads\/2024\/09\/agustin-vernice-teatro-municipal-5.jpeg?resize=800%2C445&#038;ssl=1\" srcset=\"https:\/\/i0.wp.com\/cdnoticias.com\/wp-content\/uploads\/2024\/09\/agustin-vernice-teatro-municipal-5.jpeg?w=1000&amp;ssl=1 1000w, https:\/\/i0.wp.com\/cdnoticias.com\/wp-content\/uploads\/2024\/09\/agustin-vernice-teatro-municipal-5.jpeg?resize=300%2C167&amp;ssl=1 300w, https:\/\/i0.wp.com\/cdnoticias.com\/wp-content\/uploads\/2024\/09\/agustin-vernice-teatro-municipal-5.jpeg?resize=768%2C427&amp;ssl=1 768w, https:\/\/i0.wp.com\/cdnoticias.com\/wp-content\/uploads\/2024\/09\/agustin-vernice-teatro-municipal-5.jpeg?resize=800%2C445&amp;ssl=1 800w\" sizes=\"(max-width: 800px) 100vw, 800px\" \/><\/figure><\/li><li class=\"wp-block-jetpack-slideshow_slide swiper-slide\"><figure><img data-recalc-dims=\"1\" loading=\"lazy\" decoding=\"async\" width=\"800\" height=\"445\" alt=\"\" class=\"wp-block-jetpack-slideshow_image wp-image-125314\" data-id=\"125314\" src=\"https:\/\/i0.wp.com\/cdnoticias.com\/wp-content\/uploads\/2024\/09\/agustin-vernice-teatro-municipal-6.jpeg?resize=800%2C445&#038;ssl=1\" srcset=\"https:\/\/i0.wp.com\/cdnoticias.com\/wp-content\/uploads\/2024\/09\/agustin-vernice-teatro-municipal-6.jpeg?w=1000&amp;ssl=1 1000w, https:\/\/i0.wp.com\/cdnoticias.com\/wp-content\/uploads\/2024\/09\/agustin-vernice-teatro-municipal-6.jpeg?resize=300%2C167&amp;ssl=1 300w, https:\/\/i0.wp.com\/cdnoticias.com\/wp-content\/uploads\/2024\/09\/agustin-vernice-teatro-municipal-6.jpeg?resize=768%2C427&amp;ssl=1 768w, https:\/\/i0.wp.com\/cdnoticias.com\/wp-content\/uploads\/2024\/09\/agustin-vernice-teatro-municipal-6.jpeg?resize=800%2C445&amp;ssl=1 800w\" sizes=\"(max-width: 800px) 100vw, 800px\" \/><\/figure><\/li><li class=\"wp-block-jetpack-slideshow_slide swiper-slide\"><figure><img data-recalc-dims=\"1\" loading=\"lazy\" decoding=\"async\" width=\"800\" height=\"445\" alt=\"\" class=\"wp-block-jetpack-slideshow_image wp-image-125317\" data-id=\"125317\" src=\"https:\/\/i0.wp.com\/cdnoticias.com\/wp-content\/uploads\/2024\/09\/agustin-vernice-teatro-municipal-2.jpeg?resize=800%2C445&#038;ssl=1\" srcset=\"https:\/\/i0.wp.com\/cdnoticias.com\/wp-content\/uploads\/2024\/09\/agustin-vernice-teatro-municipal-2.jpeg?w=1000&amp;ssl=1 1000w, https:\/\/i0.wp.com\/cdnoticias.com\/wp-content\/uploads\/2024\/09\/agustin-vernice-teatro-municipal-2.jpeg?resize=300%2C167&amp;ssl=1 300w, https:\/\/i0.wp.com\/cdnoticias.com\/wp-content\/uploads\/2024\/09\/agustin-vernice-teatro-municipal-2.jpeg?resize=768%2C427&amp;ssl=1 768w, https:\/\/i0.wp.com\/cdnoticias.com\/wp-content\/uploads\/2024\/09\/agustin-vernice-teatro-municipal-2.jpeg?resize=800%2C445&amp;ssl=1 800w\" sizes=\"(max-width: 800px) 100vw, 800px\" \/><\/figure><\/li><li class=\"wp-block-jetpack-slideshow_slide swiper-slide\"><figure><img data-recalc-dims=\"1\" loading=\"lazy\" decoding=\"async\" width=\"800\" height=\"446\" alt=\"\" class=\"wp-block-jetpack-slideshow_image wp-image-125316\" data-id=\"125316\" src=\"https:\/\/i0.wp.com\/cdnoticias.com\/wp-content\/uploads\/2024\/09\/agustin-vernice-teatro-municipal-1.jpeg?resize=800%2C446&#038;ssl=1\" srcset=\"https:\/\/i0.wp.com\/cdnoticias.com\/wp-content\/uploads\/2024\/09\/agustin-vernice-teatro-municipal-1.jpeg?w=1000&amp;ssl=1 1000w, https:\/\/i0.wp.com\/cdnoticias.com\/wp-content\/uploads\/2024\/09\/agustin-vernice-teatro-municipal-1.jpeg?resize=300%2C167&amp;ssl=1 300w, https:\/\/i0.wp.com\/cdnoticias.com\/wp-content\/uploads\/2024\/09\/agustin-vernice-teatro-municipal-1.jpeg?resize=768%2C428&amp;ssl=1 768w, https:\/\/i0.wp.com\/cdnoticias.com\/wp-content\/uploads\/2024\/09\/agustin-vernice-teatro-municipal-1.jpeg?resize=800%2C445&amp;ssl=1 800w\" sizes=\"(max-width: 800px) 100vw, 800px\" \/><\/figure><\/li><li class=\"wp-block-jetpack-slideshow_slide swiper-slide\"><figure><img data-recalc-dims=\"1\" loading=\"lazy\" decoding=\"async\" width=\"800\" height=\"445\" alt=\"\" class=\"wp-block-jetpack-slideshow_image wp-image-125310\" data-id=\"125310\" src=\"https:\/\/i0.wp.com\/cdnoticias.com\/wp-content\/uploads\/2024\/09\/agustin-vernice-teatro-municipal-3.jpeg?resize=800%2C445&#038;ssl=1\" srcset=\"https:\/\/i0.wp.com\/cdnoticias.com\/wp-content\/uploads\/2024\/09\/agustin-vernice-teatro-municipal-3.jpeg?w=1000&amp;ssl=1 1000w, https:\/\/i0.wp.com\/cdnoticias.com\/wp-content\/uploads\/2024\/09\/agustin-vernice-teatro-municipal-3.jpeg?resize=300%2C167&amp;ssl=1 300w, https:\/\/i0.wp.com\/cdnoticias.com\/wp-content\/uploads\/2024\/09\/agustin-vernice-teatro-municipal-3.jpeg?resize=768%2C427&amp;ssl=1 768w, https:\/\/i0.wp.com\/cdnoticias.com\/wp-content\/uploads\/2024\/09\/agustin-vernice-teatro-municipal-3.jpeg?resize=800%2C445&amp;ssl=1 800w\" sizes=\"(max-width: 800px) 100vw, 800px\" \/><\/figure><\/li><li class=\"wp-block-jetpack-slideshow_slide swiper-slide\"><figure><img data-recalc-dims=\"1\" loading=\"lazy\" decoding=\"async\" width=\"800\" height=\"445\" alt=\"\" class=\"wp-block-jetpack-slideshow_image wp-image-125311\" data-id=\"125311\" src=\"https:\/\/i0.wp.com\/cdnoticias.com\/wp-content\/uploads\/2024\/09\/agustin-vernice-teatro-municipal-4.jpeg?resize=800%2C445&#038;ssl=1\" srcset=\"https:\/\/i0.wp.com\/cdnoticias.com\/wp-content\/uploads\/2024\/09\/agustin-vernice-teatro-municipal-4.jpeg?w=1000&amp;ssl=1 1000w, https:\/\/i0.wp.com\/cdnoticias.com\/wp-content\/uploads\/2024\/09\/agustin-vernice-teatro-municipal-4.jpeg?resize=300%2C167&amp;ssl=1 300w, https:\/\/i0.wp.com\/cdnoticias.com\/wp-content\/uploads\/2024\/09\/agustin-vernice-teatro-municipal-4.jpeg?resize=768%2C427&amp;ssl=1 768w, https:\/\/i0.wp.com\/cdnoticias.com\/wp-content\/uploads\/2024\/09\/agustin-vernice-teatro-municipal-4.jpeg?resize=800%2C445&amp;ssl=1 800w\" sizes=\"(max-width: 800px) 100vw, 800px\" \/><\/figure><\/li><\/ul><a class=\"wp-block-jetpack-slideshow_button-prev swiper-button-prev swiper-button-white\" role=\"button\"><\/a><a class=\"wp-block-jetpack-slideshow_button-next swiper-button-next swiper-button-white\" role=\"button\"><\/a><a aria-label=\"Pause Slideshow\" class=\"wp-block-jetpack-slideshow_button-pause\" role=\"button\"><\/a><div class=\"wp-block-jetpack-slideshow_pagination swiper-pagination swiper-pagination-white\"><\/div><\/div><\/div>\n\n\n\n<p><h4>Encuentro Republicano Federal acompa\u00f1\u00f3 el homenaje a Vernice<\/h4>\n\n<p>Encuentro Republicano Federal estuvo presente en el evento en homenaje al destacado palista olavarriense. \u201cVernice no solo logr\u00f3 su mejor marca personal, sino que tambi\u00e9n <strong>hizo historia al convertirse en el primer argentino en alcanzar esa posici\u00f3n en esta disciplina<\/strong>\u201d se destac\u00f3.<\/p>\n\n<p>\u201cDesde Encuentro Republicano Federal, espacio conducido por el Cr. Mario Cura y representado por la edil Miriam Mosescu en el HCD, <strong>valoramos la importancia de fomentar la constancia, dedicaci\u00f3n y profesionalismo, claves del \u00e9xito tanto en el deporte como en la vida cotidiana<\/strong>\u201d resalt\u00f3 la agrupaci\u00f3n.<\/p><\/p>\n\n\n\n<figure class=\"wp-block-image size-full\"><img data-recalc-dims=\"1\" loading=\"lazy\" decoding=\"async\" width=\"567\" height=\"756\" src=\"https:\/\/i0.wp.com\/cdnoticias.com\/wp-content\/uploads\/2024\/09\/agustin-vernice-miriam-mosescu.jpg?resize=567%2C756&#038;ssl=1\" alt=\"\" class=\"wp-image-125315\" srcset=\"https:\/\/i0.wp.com\/cdnoticias.com\/wp-content\/uploads\/2024\/09\/agustin-vernice-miriam-mosescu.jpg?w=567&amp;ssl=1 567w, https:\/\/i0.wp.com\/cdnoticias.com\/wp-content\/uploads\/2024\/09\/agustin-vernice-miriam-mosescu.jpg?resize=225%2C300&amp;ssl=1 225w\" sizes=\"auto, (max-width: 567px) 100vw, 567px\" \/><\/figure>\n\n\n<p><blockquote class=\"wp-embedded-content\" data-secret=\"5hc67IOS1n\"><a href=\"https:\/\/cdnoticias.com\/index.php\/2024\/09\/05\/olavarria-recibio-a-agustin-vernice-y-tuvo-su-homenaje\/\">Olavarr\u00eda recibi\u00f3 a Agust\u00edn Vernice y tuvo su homenaje<\/a><\/blockquote><iframe loading=\"lazy\" class=\"wp-embedded-content\" sandbox=\"allow-scripts\" security=\"restricted\" style=\"position: absolute; visibility: hidden;\" title=\"&#8220;Olavarr\u00eda recibi\u00f3 a Agust\u00edn Vernice y tuvo su homenaje&#8221; &#8212; Central de Noticias | Olavarr\u00eda\" src=\"https:\/\/cdnoticias.com\/index.php\/2024\/09\/05\/olavarria-recibio-a-agustin-vernice-y-tuvo-su-homenaje\/embed\/#?secret=92gNcGPKdJ#?secret=5hc67IOS1n\" data-secret=\"5hc67IOS1n\" width=\"600\" height=\"338\" frameborder=\"0\" marginwidth=\"0\" marginheight=\"0\" scrolling=\"no\"><\/iframe><\/p>","protected":false},"excerpt":{"rendered":"<p>El intendente Maximiliano Wesner hizo entrega del decreto municipal en el marco de la charla que brind\u00f3 el deportista ol\u00edmpico<\/p>\n","protected":false},"author":4,"featured_media":125317,"comment_status":"closed","ping_status":"closed","sticky":false,"template":"","format":"standard","meta":{"_jetpack_memberships_contains_paid_content":false,"footnotes":""},"categories":[5,1],"tags":[],"class_list":["post-125309","post","type-post","status-publish","format-standard","has-post-thumbnail","hentry","category-informacion-general","category-portada"],"jetpack_featured_media_url":"https:\/\/i0.wp.com\/cdnoticias.com\/wp-content\/uploads\/2024\/09\/agustin-vernice-teatro-municipal-2.jpeg?fit=1000%2C556&ssl=1","jetpack_sharing_enabled":true,"_links":{"self":[{"href":"https:\/\/cdnoticias.com\/index.php\/wp-json\/wp\/v2\/posts\/125309","targetHints":{"allow":["GET"]}}],"collection":[{"href":"https:\/\/cdnoticias.com\/index.php\/wp-json\/wp\/v2\/posts"}],"about":[{"href":"https:\/\/cdnoticias.com\/index.php\/wp-json\/wp\/v2\/types\/post"}],"author":[{"embeddable":true,"href":"https:\/\/cdnoticias.com\/index.php\/wp-json\/wp\/v2\/users\/4"}],"replies":[{"embeddable":true,"href":"https:\/\/cdnoticias.com\/index.php\/wp-json\/wp\/v2\/comments?post=125309"}],"version-history":[{"count":0,"href":"https:\/\/cdnoticias.com\/index.php\/wp-json\/wp\/v2\/posts\/125309\/revisions"}],"wp:featuredmedia":[{"embeddable":true,"href":"https:\/\/cdnoticias.com\/index.php\/wp-json\/wp\/v2\/media\/125317"}],"wp:attachment":[{"href":"https:\/\/cdnoticias.com\/index.php\/wp-json\/wp\/v2\/media?parent=125309"}],"wp:term":[{"taxonomy":"category","embeddable":true,"href":"https:\/\/cdnoticias.com\/index.php\/wp-json\/wp\/v2\/categories?post=125309"},{"taxonomy":"post_tag","embeddable":true,"href":"https:\/\/cdnoticias.com\/index.php\/wp-json\/wp\/v2\/tags?post=125309"}],"curies":[{"name":"wp","href":"https:\/\/api.w.org\/{rel}","templated":true}]}}