{"id":125308,"date":"2024-09-14T19:26:34","date_gmt":"2024-09-14T22:26:34","guid":{"rendered":"https:\/\/cdnoticias.com\/?p=125308"},"modified":"2024-09-14T19:26:36","modified_gmt":"2024-09-14T22:26:36","slug":"la-fio-celebra-el-desafio-fundacional-de-adelantarse-al-futuro","status":"publish","type":"post","link":"https:\/\/cdnoticias.com\/index.php\/2024\/09\/14\/la-fio-celebra-el-desafio-fundacional-de-adelantarse-al-futuro\/","title":{"rendered":"La FIO celebra el desaf\u00edo fundacional de adelantarse al futuro"},"content":{"rendered":"\n<p>Fundada en 1969, en respuesta a las demandas de la \u201cCiudad del Trabajo\u201d, la Facultad de Ingenier\u00eda ha sido pilar en la formaci\u00f3n de profesionales y en el desarrollo regional.<\/p>\n\n\n\n<hr class=\"wp-block-separator has-alpha-channel-opacity\"\/>\n\n\n\n<p>Sin sede y como Instituto, al comp\u00e1s de las demandas que marcaba la \u201cCiudad del Trabajo\u201d, tambi\u00e9n llamada \u201cCapital del Cemento\u201d.<strong> As\u00ed naci\u00f3 la Facultad de Ingenier\u00eda de Olavarr\u00eda, en 1969, anticip\u00e1ndose a la propia UNICEN y como parte de la expansi\u00f3n universitaria en toda la regi\u00f3n <\/strong>impulsada por un grupo de j\u00f3venes ilusionados con formarse en la ciudad.<\/p>\n\n\n\n<p><\/p>\n\n\n\n<p>A trav\u00e9s de un breve recorrido en sepia es posible entender c\u00f3mo, desde sus inicios<strong>, el Instituto Universitario de Olavarr\u00eda tom\u00f3 la visionaria decisi\u00f3n de \u201cadelantarse al futuro\u201d para formar t\u00e9cnicos y profesionales especializados en las \u00e1reas de ingenier\u00eda que eran requeridos por una industria fuertemente ligada a la miner\u00eda.<\/strong> Un desaf\u00edo que m\u00e1s tarde la convertir\u00eda en Facultad de Ingenier\u00eda ampliando su oferta acad\u00e9mica, siempre en sinton\u00eda con el desarrollo productivo m\u00e1s pr\u00f3ximo.<\/p>\n\n\n\n<p><\/p>\n\n\n\n<p>Ladrillo sobre ladrillo y paso a paso se fue moldeando ese ambicioso proyecto que hoy es referencia a nivel nacional pero tambi\u00e9n m\u00e1s all\u00e1 de Ezeiza. Con cincuenta y cinco a\u00f1os en el haber y una balanza a favor, hay n\u00fameros que permiten dimensionar por qu\u00e9<strong> la FIO hoy tiene prestigio y a la vez prestigia a quienes eligen transitan por sus aulas y laboratorios.<\/strong><\/p>\n\n\n\n<p><\/p>\n\n\n\n<figure class=\"wp-block-image size-full\"><img data-recalc-dims=\"1\" loading=\"lazy\" decoding=\"async\" width=\"800\" height=\"445\" src=\"https:\/\/i0.wp.com\/cdnoticias.com\/wp-content\/uploads\/2024\/09\/Maria-Peralta-FIO.jpg?resize=800%2C445&#038;ssl=1\" alt=\"\" class=\"wp-image-125323\" srcset=\"https:\/\/i0.wp.com\/cdnoticias.com\/wp-content\/uploads\/2024\/09\/Maria-Peralta-FIO.jpg?w=800&amp;ssl=1 800w, https:\/\/i0.wp.com\/cdnoticias.com\/wp-content\/uploads\/2024\/09\/Maria-Peralta-FIO.jpg?resize=300%2C167&amp;ssl=1 300w, https:\/\/i0.wp.com\/cdnoticias.com\/wp-content\/uploads\/2024\/09\/Maria-Peralta-FIO.jpg?resize=768%2C427&amp;ssl=1 768w\" sizes=\"auto, (max-width: 800px) 100vw, 800px\" \/><figcaption class=\"wp-element-caption\">La Ing. Mar\u00eda Peralta, decana de la FIO, plantea que es un gran desaf\u00edo honrar la historia de la instituci\u00f3n.  <\/figcaption><\/figure>\n\n\n\n<p><\/p>\n\n\n\n<blockquote class=\"wp-block-quote is-layout-flow wp-block-quote-is-layout-flow\">\n<p>\u201cMe impacta pensar c\u00f3mo aquel grupo de j\u00f3venes, en el a\u00f1o 68, tuvo la ilusi\u00f3n de que en Olavarr\u00eda se pudieran estudiar carreras universitarias\u201d, analiza con mirada retrospectiva la <strong>Ing. Mar\u00eda Peralta, decana de una instituci\u00f3n que hoy tiene 1800 estudiantes.<\/strong><\/p>\n<\/blockquote>\n\n\n\n<p><\/p>\n\n\n\n<p>Lo define como \u201cuna gesta de la Universidad\u201d y siente que \u201c55 a\u00f1os despu\u00e9s el desaf\u00edo es ver c\u00f3mo honramos esa historia que hizo posible democratizar el acceso al conocimiento en Olavarr\u00eda\u201d.<\/p>\n\n\n\n<p><\/p>\n\n\n\n<p><strong>En carrera, desde el inicio<\/strong><\/p>\n\n\n\n<p><\/p>\n\n\n\n<p>De las clases magistrales, donde el profesor explicaba los contenidos en una pizarra con estudiantes tomando apuntes y bibliotecas que eran esenciales para el estudio a la era de las tecnolog\u00edas de la Informaci\u00f3n y la comunicaci\u00f3n, los libros digitales y simuladores de laboratorios mediante realidad inmersiva. Todo en medio siglo, con la FIO <strong>adapt\u00e1ndose a la velocidad de los cambios, redefiniendo m\u00e9todos de ense\u00f1anza y formando profesionales con habilidades pr\u00e1cticas y capacidad para amoldarse a un entorno en constante transformaci\u00f3n.<\/strong><\/p>\n\n\n\n<p><\/p>\n\n\n\n<figure class=\"wp-block-image size-full\"><img data-recalc-dims=\"1\" loading=\"lazy\" decoding=\"async\" width=\"800\" height=\"445\" src=\"https:\/\/i0.wp.com\/cdnoticias.com\/wp-content\/uploads\/2024\/09\/fio.jpg?resize=800%2C445&#038;ssl=1\" alt=\"\" class=\"wp-image-125319\" srcset=\"https:\/\/i0.wp.com\/cdnoticias.com\/wp-content\/uploads\/2024\/09\/fio.jpg?w=800&amp;ssl=1 800w, https:\/\/i0.wp.com\/cdnoticias.com\/wp-content\/uploads\/2024\/09\/fio.jpg?resize=300%2C167&amp;ssl=1 300w, https:\/\/i0.wp.com\/cdnoticias.com\/wp-content\/uploads\/2024\/09\/fio.jpg?resize=768%2C427&amp;ssl=1 768w\" sizes=\"auto, (max-width: 800px) 100vw, 800px\" \/><figcaption class=\"wp-element-caption\">La Facultad de Ingenier\u00eda se inici\u00f3 como Instituto Universitario de Olavarr\u00eda, en sinton\u00eda con las demandas que impon\u00eda el desarrollo en la regi\u00f3n.<\/figcaption><\/figure>\n\n\n\n<p><\/p>\n\n\n\n<p>\u201cTodo eso se logr\u00f3 porque <strong>estuvo el impulso de j\u00f3venes que consiguieron apoyo social, pol\u00edtico, econ\u00f3mico<\/strong> para crear el Instituto y a poco andar para ser parte de la Universidad, en el a\u00f1o 74. En el 69 tambi\u00e9n se cre\u00f3 el primer PIO. Ya se vislumbraba el perfil de la ciudad en cuanto a desarrollo industrial y se acompa\u00f1\u00f3 ese crecimiento\u201d, valora la decana, dispuesta a mantener esa impronta de articulaci\u00f3n con actores claves del entramado productivo regional.<\/p>\n\n\n\n<p><\/p>\n\n\n\n<blockquote class=\"wp-block-quote is-layout-flow wp-block-quote-is-layout-flow\">\n<p>De las aulas prestadas y una oferta acad\u00e9mica incipiente a un 2024 con un total de 17 carreras, entre las que se encuentran 6 ingenier\u00edas, tecnicaturas, licenciaturas y posgrados, con programas est\u00e1n dise\u00f1ados para formar profesionales competentes y comprometidos. En esa l\u00ednea de tiempo, que supera el medio siglo de historia, aflora un sentido de pertenencia que hoy se replica y conecta con aquellos inicios.<\/p>\n<\/blockquote>\n\n\n\n<p><\/p>\n\n\n\n<p>\u201cSe entendi\u00f3 lo que demandaban: <strong>no tener que irse de la ciudad, tener estudios universitarios en Olavarr\u00eda, que se queden y se formen <\/strong>mientras se vislumbraba una Olavarr\u00eda pujante en cuanto a la industria y la necesidad de tener recursos humanos. Era un aporte importante poder formarlos ac\u00e1. Luego una gran parte de esa masa de j\u00f3venes hizo y hace al crecimiento de la ciudad, de la regi\u00f3n y del pa\u00eds\u201d, reconoce la Ing. Peralta.<\/p>\n\n\n\n<p><\/p>\n\n\n\n<figure class=\"wp-block-image size-full\"><img data-recalc-dims=\"1\" loading=\"lazy\" decoding=\"async\" width=\"800\" height=\"445\" src=\"https:\/\/i0.wp.com\/cdnoticias.com\/wp-content\/uploads\/2024\/09\/fio-3.jpg?resize=800%2C445&#038;ssl=1\" alt=\"\" class=\"wp-image-125321\" srcset=\"https:\/\/i0.wp.com\/cdnoticias.com\/wp-content\/uploads\/2024\/09\/fio-3.jpg?w=800&amp;ssl=1 800w, https:\/\/i0.wp.com\/cdnoticias.com\/wp-content\/uploads\/2024\/09\/fio-3.jpg?resize=300%2C167&amp;ssl=1 300w, https:\/\/i0.wp.com\/cdnoticias.com\/wp-content\/uploads\/2024\/09\/fio-3.jpg?resize=768%2C427&amp;ssl=1 768w\" sizes=\"auto, (max-width: 800px) 100vw, 800px\" \/><figcaption class=\"wp-element-caption\">La Facultad registra dos mil graduados y graduadas en 55 a\u00f1os de historia. <\/figcaption><\/figure>\n\n\n\n<p><\/p>\n\n\n\n<p><strong>\u201cVamos a entregar diplomas\u201d<\/strong><\/p>\n\n\n\n<p><\/p>\n\n\n\n<p>Unos <strong>200 inscriptos iniciales <\/strong>certificaban que \u00e9se era el camino indicado sin imaginar que el nuevo siglo encontrar\u00eda a la FIO en medio de un campus universitario, sumando edificios hasta llegar a una infraestructura que promedia los 9 mil metros cuadrados y que va por m\u00e1s: en breve, Ingenier\u00eda en Agrimensura estrenar\u00e1 sede, construida con el aporte del CPA gracias al respaldo de alianzas estrat\u00e9gicas.<\/p>\n\n\n\n<p><\/p>\n\n\n\n<p>En un a\u00f1o tan clave, complejo y desafiante como \u00e9ste, corresponde abrazar a esta instituci\u00f3n que <strong>durante cinco d\u00e9cadas ha formado a 2000 graduados y graduadas que nos conectan con el mundo y posicionan el sello FIO en las m\u00e1s diversas latitudes.<\/strong><\/p>\n\n\n\n<p><\/p>\n\n\n\n<p>Por eso,<strong> \u201cvamos a entregar diplomas. Vamos a honrar la historia\u201d, dice la decana ubicando la 165\u00ba Colaci\u00f3n de Grados, que ser\u00e1 el 20 de septiembre,<\/strong> como parte central del acto por el aniversario, reivindicando la esencia y raz\u00f3n de ser de la Facultad, que fue y es la formaci\u00f3n de profesionales. Eso la identifica y la distingue, con un impacto en la regi\u00f3n que es innegable.<\/p>\n\n\n\n<p><\/p>\n\n\n\n<p>\u201cEsa misi\u00f3n central hoy se ve fortalecida no solo por la generaci\u00f3n de conocimientos sino por la investigaci\u00f3n, extensi\u00f3n, vinculaci\u00f3n, transferencia, innovaci\u00f3n y emprendorismo que realizamos desde la FIO\u201d, asegura la Ing. Peralta, que hoy tiene a su cargo la gesti\u00f3n de dicha unidad acad\u00e9mica.<\/p>\n\n\n\n<p><\/p>\n\n\n\n<blockquote class=\"wp-block-quote is-layout-flow wp-block-quote-is-layout-flow\">\n<p>\u201cEstoy orgullosa de ver c\u00f3mo se ha tejido esta historia, siempre mirando el contexto y las demandas. Tenemos la responsabilidad de acompa\u00f1ar y provocar las transformaciones necesarias con educaci\u00f3n de calidad, y pertinencia social y garantizar la inclusi\u00f3n. Son ejes de un plan estrat\u00e9gico que se mantienen en el tiempo y para eso trabajamos\u201d, analiza la decana.<\/p>\n<\/blockquote>\n\n\n\n<p><\/p>\n\n\n\n<p>Con ese perfil, la FIO logr\u00f3 consolidarse como referente acad\u00e9mica en \u00e1reas como la <strong>Ingenier\u00eda Civil, Electromec\u00e1nica, Industrial, Qu\u00edmica, Seguridad e Higiene en el Trabajo y Agrimensura, as\u00ed como en Tecnolog\u00eda de los Alimentos, Tecnolog\u00eda M\u00e9dica, Formaci\u00f3n Docente<\/strong>, con una oferta educativa que creci\u00f3 al ritmo de las necesidades del pa\u00eds y la regi\u00f3n. Con 200 docentes y 42 nodocentes que sostienen su compromiso con la excelencia acad\u00e9mica y que, a 55 a\u00f1os del puntapi\u00e9 inicial, son parte de esa cosecha.<\/p>\n\n\n\n<p><\/p>\n\n\n\n<figure class=\"wp-block-image size-full\"><img data-recalc-dims=\"1\" loading=\"lazy\" decoding=\"async\" width=\"800\" height=\"445\" src=\"https:\/\/i0.wp.com\/cdnoticias.com\/wp-content\/uploads\/2024\/09\/fio-4.jpg?resize=800%2C445&#038;ssl=1\" alt=\"\" class=\"wp-image-125322\" srcset=\"https:\/\/i0.wp.com\/cdnoticias.com\/wp-content\/uploads\/2024\/09\/fio-4.jpg?w=800&amp;ssl=1 800w, https:\/\/i0.wp.com\/cdnoticias.com\/wp-content\/uploads\/2024\/09\/fio-4.jpg?resize=300%2C167&amp;ssl=1 300w, https:\/\/i0.wp.com\/cdnoticias.com\/wp-content\/uploads\/2024\/09\/fio-4.jpg?resize=768%2C427&amp;ssl=1 768w\" sizes=\"auto, (max-width: 800px) 100vw, 800px\" \/><figcaption class=\"wp-element-caption\">Miles de estudiantes eligieron y eligen la FIO para su formaci\u00f3n profesional.<\/figcaption><\/figure>\n\n\n\n<p><\/p>\n\n\n\n<p><strong>V\u00ednculos e inclusi\u00f3n social<\/strong><\/p>\n\n\n\n<p><\/p>\n\n\n\n<p><strong>\u201cSeguimos convencidos de que el plan ha sido absolutamente apropiado y as\u00ed lo entendieron las diferentes gestiones\u201d<\/strong>, apunta la decana, decidida a mantener \u201clos desaf\u00edos y realizar las transformaciones necesarias para enfrentar el contexto, con actividades de calidad y trabajando con el impacto social que queremos\u201d.<\/p>\n\n\n\n<p><\/p>\n\n\n\n<p><strong>M\u00e1s de 400 convenios y 30 proyectos de investigaci\u00f3n en marcha<\/strong> confirman el fuerte v\u00ednculo con el sector productivo que adem\u00e1s se potencia con investigaci\u00f3n aplicada que permite a los estudiantes participar en proyectos que contribuyen al desarrollo tecnol\u00f3gico e industrial.<\/p>\n\n\n\n<p><\/p>\n\n\n\n<p>\u201cLa <strong>inclusi\u00f3n social <\/strong>que como eje estrat\u00e9gico, como responsabilidad de la Universidad p\u00fablica, se destaca en la Planificaci\u00f3n Estrat\u00e9gica institucional, en l\u00ednea con lo que dice nuestra Constituci\u00f3n: el Estado debe garantizar el acceso a la educaci\u00f3n p\u00fablica, en el convencimiento de la educaci\u00f3n como transformadora de la vida de los j\u00f3venes\u201d, apunta Mar\u00eda Peralta, con las convicciones firmes y el optimismo intacto, abrazando ese legado que tiene en su ADN el sello FIO desde el primer d\u00eda.<\/p>\n\n\n\n<p><\/p>\n\n\n\n<p>En la misma sinton\u00eda, propone bucear por la <strong>\u201cUniversidad y Memoria. 40 a\u00f1os de democracia en la Facultad de Ingenier\u00eda de la UNICEN\u201d <\/strong>y emprender un viaje por la memoria de la instituci\u00f3n, en la voz de sus protagonistas. Cuatro episodios de podcast producidos por el \u00c1rea de Comunicaci\u00f3n Institucional (www.youtube.com\/fiounicen y en Spotify) que \u201cmuestran\u201d la esencia de la FIO puertas adentro.<\/p>\n","protected":false},"excerpt":{"rendered":"<p>Fundada en 1969, en respuesta a las demandas de la \u201cCiudad del Trabajo\u201d, la Facultad de Ingenier\u00eda ha sido pilar<\/p>\n","protected":false},"author":2,"featured_media":125324,"comment_status":"closed","ping_status":"closed","sticky":false,"template":"","format":"standard","meta":{"_jetpack_memberships_contains_paid_content":false,"footnotes":""},"categories":[1],"tags":[],"class_list":["post-125308","post","type-post","status-publish","format-standard","has-post-thumbnail","hentry","category-portada"],"jetpack_featured_media_url":"https:\/\/i0.wp.com\/cdnoticias.com\/wp-content\/uploads\/2024\/09\/portada.jpg?fit=800%2C445&ssl=1","jetpack_sharing_enabled":true,"_links":{"self":[{"href":"https:\/\/cdnoticias.com\/index.php\/wp-json\/wp\/v2\/posts\/125308","targetHints":{"allow":["GET"]}}],"collection":[{"href":"https:\/\/cdnoticias.com\/index.php\/wp-json\/wp\/v2\/posts"}],"about":[{"href":"https:\/\/cdnoticias.com\/index.php\/wp-json\/wp\/v2\/types\/post"}],"author":[{"embeddable":true,"href":"https:\/\/cdnoticias.com\/index.php\/wp-json\/wp\/v2\/users\/2"}],"replies":[{"embeddable":true,"href":"https:\/\/cdnoticias.com\/index.php\/wp-json\/wp\/v2\/comments?post=125308"}],"version-history":[{"count":0,"href":"https:\/\/cdnoticias.com\/index.php\/wp-json\/wp\/v2\/posts\/125308\/revisions"}],"wp:featuredmedia":[{"embeddable":true,"href":"https:\/\/cdnoticias.com\/index.php\/wp-json\/wp\/v2\/media\/125324"}],"wp:attachment":[{"href":"https:\/\/cdnoticias.com\/index.php\/wp-json\/wp\/v2\/media?parent=125308"}],"wp:term":[{"taxonomy":"category","embeddable":true,"href":"https:\/\/cdnoticias.com\/index.php\/wp-json\/wp\/v2\/categories?post=125308"},{"taxonomy":"post_tag","embeddable":true,"href":"https:\/\/cdnoticias.com\/index.php\/wp-json\/wp\/v2\/tags?post=125308"}],"curies":[{"name":"wp","href":"https:\/\/api.w.org\/{rel}","templated":true}]}}