{"id":125303,"date":"2024-09-13T19:30:58","date_gmt":"2024-09-13T22:30:58","guid":{"rendered":"https:\/\/cdnoticias.com\/?p=125303"},"modified":"2024-09-13T19:31:00","modified_gmt":"2024-09-13T22:31:00","slug":"amespil-la-falta-de-informacion-nos-preocupa","status":"publish","type":"post","link":"https:\/\/cdnoticias.com\/index.php\/2024\/09\/13\/amespil-la-falta-de-informacion-nos-preocupa\/","title":{"rendered":"Amespil: \u201cla falta de informaci\u00f3n nos preocupa\u201d"},"content":{"rendered":"\n<p>La concejal PRO denunci\u00f3 atrasos en la publicaci\u00f3n del bolet\u00edn oficial y una baja en el nivel de visibilidad de datos p\u00fablicos.<\/p>\n\n\n\n<hr class=\"wp-block-separator has-alpha-channel-opacity\"\/>\n\n\n\n<p>\u201c<strong>Hace cinco meses que no se publica el bolet\u00edn.<\/strong> Estamos leyendo informaci\u00f3n oficial con cinco meses de retraso. Es imposible trabajar, es imposible preguntar. Porque las cosas no solo ya sucedieron, sino que ya tuvieron sus consecuencias y ya algunas son irreparables\u201d, sostuvo la concejal del PRO Guillermina Amespil.<\/p>\n\n\n\n<p><\/p>\n\n\n\n<p>En la <a href=\"https:\/\/cdnoticias.com\/index.php\/2024\/09\/12\/todos-los-proyectos-tratados-en-la-duodecima-sesion-ordinaria\/\" data-type=\"link\" data-id=\"https:\/\/cdnoticias.com\/index.php\/2024\/09\/12\/todos-los-proyectos-tratados-en-la-duodecima-sesion-ordinaria\/\">12\u00b0 sesi\u00f3n ordinaria del Honorable Concejo Deliberante,<\/a> el Bloque UCR present\u00f3 un pedido de informes para conocer sobre la concesi\u00f3n del Cementerio Loma de Paz, a cargo de la Cooperativa \u201cManos a la Obra\u201d.<\/p>\n\n\n\n<p><\/p>\n\n\n\n<p>En este sentido, la concejal PRO Guillermina Amespil se refiri\u00f3 a la <strong>falta de informaci\u00f3n <\/strong>y dijo que \u201csi uno como vecino no tiene informaci\u00f3n, no puede accionar, no puede pensar en alternativas. Simplemente tiene que acatar\u201d.<\/p>\n\n\n\n<p><\/p>\n\n\n\n<p><strong>Contabiliz\u00f3 30 pedidos de informes en lo que va del 2024<\/strong> \u201cy todav\u00eda nos faltan 3 meses de sesiones. El a\u00f1o pasado terminamos con 13. Objetivamente hay falta de informaci\u00f3n, m\u00ednimamente a este Cuerpo, pero sobre todo a los vecinos. No entendemos muy bien la l\u00f3gica de por qu\u00e9, dejamos un gobierno abierto con casi el 100% de los registros de acceso p\u00fablico\u201d.<\/p>\n\n\n\n<p><\/p>\n\n\n\n<p>Por otra parte indic\u00f3 que \u201chace unos d\u00edas se publicaron los \u00edndices de datos abiertos, una entidad que eval\u00faa lo que tiene que ver con los datos fiscales. Y <strong>bajamos el nivel de visibilidad de datos p\u00fablicos que ten\u00eda Olavarr\u00eda.<\/strong> Hist\u00f3ricamente incluso hab\u00edamos llegado a tener 100 puntos. \u00c9ramos de alta visibilidad, un Municipio ejemplo en la Provincia de Buenos Aires, y pasamos ahora al rango medio\u201d.<\/p>\n\n\n\n<p><\/p>\n\n\n\n<p>Amespil sostuvo que<strong> \u201cnosotros no nos vamos a acostumbrar\u201d a la p\u00e9rdida de informaci\u00f3n<\/strong>, &#8220;porque siempre trabajamos para que el ciudadano fuera una persona informada, que tuviera al alcance de su mano y siempre disponible toda la informaci\u00f3n que necesitase y que requiriera para tomar las mejores decisiones como vecino, como individuo\u201d.<\/p>\n\n\n\n<p><\/p>\n\n\n\n<p>En relaci\u00f3n a<strong> Loma de Paz<\/strong> remarc\u00f3 que \u201ccaemos en lo mismo, en esta especie de precarizaci\u00f3n laboral a la que se est\u00e1 tendiendo frente a la finalizaci\u00f3n de algunos contratos. Se les est\u00e1 ofreciendo a los trabajadores que se conviertan en monotributistas y ellos estaban en relaci\u00f3n de dependencia. En el an\u00e1lisis de las situaciones -y en lo que ya vamos casi 10 meses del a\u00f1o-, se pueden ver cierta toma de decisiones que conduce a lugares a los que no est\u00e1bamos acostumbrados los olavarrienses, sino que tampoco construyen una mejor comunidad\u201d.<\/p>\n\n\n\n<p><br>La concejal del PRO aleg\u00f3 que <strong>\u201cla falta de informaci\u00f3n nosotros la vamos a insistir.<\/strong> Hay cuestiones, no solo de organizaci\u00f3n interna del Municipio, que no han sido publicadas. Por ejemplo Tesorer\u00eda: no sabemos qu\u00e9 pas\u00f3, si hay nuevo Tesorero, cu\u00e1nto tiempo dura la delegaci\u00f3n de facultades. Hace cinco meses que no se publica el Bolet\u00edn Oficial. Estamos leyendo informaci\u00f3n oficial con cinco meses de retraso. Es imposible trabajar, es imposible preguntar. Porque las cosas no solo ya sucedieron, sino que ya tuvieron sus consecuencias y ya algunas son irreparables\u201d.<\/p>\n\n\n\n<p><\/p>\n\n\n\n<p>\u201cEntonces, esto s\u00ed es un pedido si se quiere, de <strong>retomar la senda por la que se estaba yendo.<\/strong> Era un gran trabajo el que llevaba adelante el Municipio. No ten\u00eda que ver solo con la gesti\u00f3n, que en ese momento est\u00e1bamos nosotros. Hab\u00eda trabajadores muy comprometidos con la causa de gobierno abierto, con la apertura de datos, con que se pudiera manejar informaci\u00f3n en todos los niveles. Uno ten\u00eda la p\u00e1gina del Municipio muy completa, de f\u00e1cil acceso. Los documentos p\u00fablicos, a\u00fan si el bolet\u00edn no estaba al d\u00eda, se publicaban los decretos que hac\u00edan a la vida diaria\u201d, record\u00f3.<\/p>\n\n\n\n<p><\/p>\n\n\n\n<p>Por \u00faltimo, manifest\u00f3 que <strong>los vecinos \u201cse acercan al bloque o al Concejo en busca de respuestas y ni siquiera nosotros las tenemos.<\/strong> Habla mal tambi\u00e9n de nosotros como Instituci\u00f3n. Y me parece que como representantes del Estado debemos trabajar para que eso no siga pasando. Al margen de las respuestas que van llegando, eso lo reconocemos siempre: los pedidos de informes est\u00e1n siendo respondidos en m\u00e1s o menos tiempo, pero h\u00e1blenle al vecino, cu\u00e9ntenle al vecino\u2026 la informaci\u00f3n da libertad, pero la informaci\u00f3n tambi\u00e9n da legitimidad, da representatividad\u201d.<\/p>\n\n\n\n<p><\/p>\n\n\n\n<figure class=\"wp-block-embed is-type-wp-embed is-provider-central-de-noticias-olavarr-a wp-block-embed-central-de-noticias-olavarr-a\"><div class=\"wp-block-embed__wrapper\">\n<blockquote class=\"wp-embedded-content\" data-secret=\"sjCoTnP4ue\"><a href=\"https:\/\/cdnoticias.com\/index.php\/2024\/09\/12\/todos-los-proyectos-tratados-en-la-duodecima-sesion-ordinaria\/\">Todos los proyectos tratados en la duod\u00e9cima sesi\u00f3n ordinaria<\/a><\/blockquote><iframe loading=\"lazy\" class=\"wp-embedded-content\" sandbox=\"allow-scripts\" security=\"restricted\" style=\"position: absolute; visibility: hidden;\" title=\"&#8220;Todos los proyectos tratados en la duod\u00e9cima sesi\u00f3n ordinaria&#8221; &#8212; Central de Noticias | Olavarr\u00eda\" src=\"https:\/\/cdnoticias.com\/index.php\/2024\/09\/12\/todos-los-proyectos-tratados-en-la-duodecima-sesion-ordinaria\/embed\/#?secret=UvW4Lt5qjt#?secret=sjCoTnP4ue\" data-secret=\"sjCoTnP4ue\" width=\"600\" height=\"338\" frameborder=\"0\" marginwidth=\"0\" marginheight=\"0\" scrolling=\"no\"><\/iframe>\n<\/div><\/figure>\n","protected":false},"excerpt":{"rendered":"<p>La concejal PRO denunci\u00f3 atrasos en la publicaci\u00f3n del bolet\u00edn oficial y una baja en el nivel de visibilidad de<\/p>\n","protected":false},"author":2,"featured_media":125305,"comment_status":"closed","ping_status":"closed","sticky":false,"template":"","format":"standard","meta":{"_jetpack_memberships_contains_paid_content":false,"footnotes":""},"categories":[4,1],"tags":[],"class_list":["post-125303","post","type-post","status-publish","format-standard","has-post-thumbnail","hentry","category-politica","category-portada"],"jetpack_featured_media_url":"https:\/\/i0.wp.com\/cdnoticias.com\/wp-content\/uploads\/2024\/09\/amespil-guillermina.jpeg?fit=800%2C445&ssl=1","jetpack_sharing_enabled":true,"_links":{"self":[{"href":"https:\/\/cdnoticias.com\/index.php\/wp-json\/wp\/v2\/posts\/125303","targetHints":{"allow":["GET"]}}],"collection":[{"href":"https:\/\/cdnoticias.com\/index.php\/wp-json\/wp\/v2\/posts"}],"about":[{"href":"https:\/\/cdnoticias.com\/index.php\/wp-json\/wp\/v2\/types\/post"}],"author":[{"embeddable":true,"href":"https:\/\/cdnoticias.com\/index.php\/wp-json\/wp\/v2\/users\/2"}],"replies":[{"embeddable":true,"href":"https:\/\/cdnoticias.com\/index.php\/wp-json\/wp\/v2\/comments?post=125303"}],"version-history":[{"count":0,"href":"https:\/\/cdnoticias.com\/index.php\/wp-json\/wp\/v2\/posts\/125303\/revisions"}],"wp:featuredmedia":[{"embeddable":true,"href":"https:\/\/cdnoticias.com\/index.php\/wp-json\/wp\/v2\/media\/125305"}],"wp:attachment":[{"href":"https:\/\/cdnoticias.com\/index.php\/wp-json\/wp\/v2\/media?parent=125303"}],"wp:term":[{"taxonomy":"category","embeddable":true,"href":"https:\/\/cdnoticias.com\/index.php\/wp-json\/wp\/v2\/categories?post=125303"},{"taxonomy":"post_tag","embeddable":true,"href":"https:\/\/cdnoticias.com\/index.php\/wp-json\/wp\/v2\/tags?post=125303"}],"curies":[{"name":"wp","href":"https:\/\/api.w.org\/{rel}","templated":true}]}}