{"id":1253,"date":"2020-09-10T14:47:36","date_gmt":"2020-09-10T17:47:36","guid":{"rendered":"http:\/\/www.centraldenoticias.com.ar\/?p=1253"},"modified":"2020-09-10T16:22:10","modified_gmt":"2020-09-10T19:22:10","slug":"con-voto-dispar-se-aprobaron-beneficios-impositivos-para-comercios-y-pymes","status":"publish","type":"post","link":"https:\/\/cdnoticias.com\/index.php\/2020\/09\/10\/con-voto-dispar-se-aprobaron-beneficios-impositivos-para-comercios-y-pymes\/","title":{"rendered":"Con voto dispar, se aprobaron beneficios impositivos para comercios y pymes"},"content":{"rendered":"<p>En la sesi\u00f3n se debatieron distintos proyectos con beneficios para comercios y pymes. La iniciativa impulsada por el Ejecutivo tuvo aprobaci\u00f3n un\u00e1nime. Las propuestas de la oposici\u00f3n, salieron por mayor\u00eda: Juntos por el Cambio vot\u00f3 en rechazo.<\/p>\n<p><!--more--><\/p>\n<hr \/>\n<p>Se pusieron en tratamiento conjunto diversas propuestas vinculadas a modificaciones en la Tasa de Seguridad e Higiene (TSH) en la <a href=\"https:\/\/cdnoticias.com\/index.php\/2020\/09\/10\/fondo-especial-para-deporte-y-cultura-con-tensos-cruces-volvio-a-las-comisiones\/\">novena sesi\u00f3n ordinaria<\/a>. Del Ejecutivo y de las bancadas opositoras. En el caso de las bancadas opositoras, en sus discursos criticaron la gesti\u00f3n local. En tanto, cabe recordar que <a href=\"https:\/\/cdnoticias.com\/index.php\/2020\/09\/09\/comerciantes-esperan-la-aprobacion-del-proyecto-de-exencion-de-tasas\/\">Comerciantes Unidos<\/a> ya se hab\u00eda manifestado en favor de las propuestas.<\/p>\n<p><strong>La iniciativa impulsada por el Ejecutivo tuvo aprobaci\u00f3n un\u00e1nime<\/strong>: se convalidaron los descuentos del 100% en la TSH para los rubros comerciales que no pudieron abrir al 1\u00ba de julio pasado. <strong>Las propuestas de la oposici\u00f3n impulsadas por el Frente de Todos, salieron por mayor\u00eda<\/strong>: Juntos por el Cambio vot\u00f3 en rechazo. Se aprob\u00f3 de esta manera, sostener los descuentos del 50% para los contribuyentes de la categor\u00eda fija de TSH. Todos los beneficios rigen hasta fin de a\u00f1o.<\/p>\n<p>En este \u00faltimo caso, y ante el accionar de la bancada oficialista, <strong>no se descarta que el Ejecutivo aplique el veto<\/strong> de la ordenanza.<\/p>\n<p><strong>El debate<\/strong><\/p>\n<p>La apertura del debate estuvo a cargo de Juan Mujica (Juntos por el Cambio) quien present\u00f3 las iniciativas que en julio, adelant\u00f3 el Intendente para <strong>\u201ccontribuir con el esfuerzo de la econom\u00eda local\u201d<\/strong>. Se impusieron por decreto y lo que estuvo en debate fue la convalidaci\u00f3n.<\/p>\n<p><img data-recalc-dims=\"1\" loading=\"lazy\" decoding=\"async\" class=\"aligncenter wp-image-1255\" src=\"https:\/\/i0.wp.com\/cdnoticias.com\/wp-content\/uploads\/2020\/09\/HCD-ubaldo.jpg?resize=450%2C296&#038;ssl=1\" alt=\"\" width=\"450\" height=\"296\" srcset=\"https:\/\/i0.wp.com\/cdnoticias.com\/wp-content\/uploads\/2020\/09\/HCD-ubaldo.jpg?resize=300%2C197&amp;ssl=1 300w, https:\/\/i0.wp.com\/cdnoticias.com\/wp-content\/uploads\/2020\/09\/HCD-ubaldo.jpg?resize=768%2C505&amp;ssl=1 768w, https:\/\/i0.wp.com\/cdnoticias.com\/wp-content\/uploads\/2020\/09\/HCD-ubaldo.jpg?w=965&amp;ssl=1 965w\" sizes=\"auto, (max-width: 450px) 100vw, 450px\" \/><\/p>\n<p>Las iniciativas impulsadas fueron tres. La primera, <strong>eximir del 100% de la pago de la TSH a los rubros que no pudieron funcionar desde el inicio de la pandemia hasta el 1\u00ba de julio<\/strong>: bares y restaurantes, peloteros, turismo, salones de eventos, hoteler\u00eda, gimnasios, entre otros.<\/p>\n<p>La segunda fue aplicar un <strong>descuento del 100% en Tasa de Habilitaci\u00f3n<\/strong> de comercio a los rubros que debieron reconfigurar su actividades para poder trabajar en el contexto de la emergencia sanitaria.<\/p>\n<p>El tercer punto que present\u00f3 la gesti\u00f3n de Galli fue <strong>diferir la ejecuci\u00f3n fiscal<\/strong> por deuda municipal contra\u00edda entre el 1 de abril al 30 de septiembre de 2020.<\/p>\n<p>Luego, fue el turno del Frente de Todos que plante\u00f3 su propuesta de ordenanza de modificaci\u00f3n a la TSH. Cabe se\u00f1alar que, en la sesi\u00f3n anterior, se busc\u00f3 debatir la propuesta sobre tablas pero la mayor\u00eda oficialista se neg\u00f3.<\/p>\n<p>Ubaldo Garc\u00eda, por el Frente de Todos, subray\u00f3 que su bloque sum\u00f3 las propuestas a las que ya hab\u00eda expresado Mujica. \u201c<strong>Hay que hacer una exenci\u00f3n de 50% a todos los comercios como se hizo hasta julio, para todas las actividades para que encuadraban en la categor\u00eda fija con facturaci\u00f3n menor a los 25 millones de pesos<\/strong>\u201d se\u00f1al\u00f3.<\/p>\n<p>Explic\u00f3 que sus argumentos surg\u00edan \u201cdesde dos enfoques: la delicada situaci\u00f3n del comercio y el impacto econ\u00f3mico en las arcas municipales\u201d. En ese marco, Garc\u00eda retom\u00f3 el descuento que Galli aplic\u00f3 en 2019 -igual al que se solicita ahora desde el FdT- y que alcanz\u00f3 a 9.000 contribuyentes e implic\u00f3 22 millones de pesos menos de recaudaci\u00f3n. \u201cHay que continuar con el descuento mientras dure esta situacion\u201d a\u00f1adi\u00f3 para estimar que ahora, <strong>la recaudaci\u00f3n se resentir\u00e1 en unos 30 millones<\/strong>.<\/p>\n<p><img data-recalc-dims=\"1\" loading=\"lazy\" decoding=\"async\" class=\"aligncenter wp-image-1257\" src=\"https:\/\/i0.wp.com\/cdnoticias.com\/wp-content\/uploads\/2020\/09\/hcd-DSC_1077-4.jpg?resize=450%2C301&#038;ssl=1\" alt=\"\" width=\"450\" height=\"301\" srcset=\"https:\/\/i0.wp.com\/cdnoticias.com\/wp-content\/uploads\/2020\/09\/hcd-DSC_1077-4.jpg?resize=300%2C201&amp;ssl=1 300w, https:\/\/i0.wp.com\/cdnoticias.com\/wp-content\/uploads\/2020\/09\/hcd-DSC_1077-4.jpg?resize=768%2C513&amp;ssl=1 768w, https:\/\/i0.wp.com\/cdnoticias.com\/wp-content\/uploads\/2020\/09\/hcd-DSC_1077-4.jpg?resize=1024%2C684&amp;ssl=1 1024w, https:\/\/i0.wp.com\/cdnoticias.com\/wp-content\/uploads\/2020\/09\/hcd-DSC_1077-4.jpg?resize=272%2C182&amp;ssl=1 272w, https:\/\/i0.wp.com\/cdnoticias.com\/wp-content\/uploads\/2020\/09\/hcd-DSC_1077-4.jpg?w=1600&amp;ssl=1 1600w, https:\/\/i0.wp.com\/cdnoticias.com\/wp-content\/uploads\/2020\/09\/hcd-DSC_1077-4.jpg?w=2400&amp;ssl=1 2400w\" sizes=\"auto, (max-width: 450px) 100vw, 450px\" \/><\/p>\n<p>\u201cSabemos que la situaci\u00f3n del Municipio es delicada, no producto de la pandemia sino del d\u00e9ficit de 2019\u201d expres\u00f3 Garc\u00eda quien inform\u00f3 que la recaudaci\u00f3n municipal igualmente no se ha visto afectada en mayor medida.<\/p>\n<p>A su vez, plante\u00f3 sumar otros beneficios: que no se exija el libre deuda para solicitar habilitaci\u00f3n o renovaci\u00f3n del REBA y eliminar el anticipo del 20% que se pide para la refinanciaci\u00f3n. \u201cEstos beneficios no alcanzan a bancos, cementeras, ni hipermercados\u201d dijo Garc\u00eda.<\/p>\n<p>Celeste Arouxet (Radicales en Juntos por el Cambio) se sum\u00f3 a los planteos. \u201c<strong>A las pymes se les quita un problema a los que ya tienen<\/strong>\u201d dijo. Al igual que hab\u00eda expuesto en la sesi\u00f3n anterior, retom\u00f3 las cr\u00edticas a la liquidaci\u00f3n de la tasa y ejemplific\u00f3 con un caso que conoci\u00f3 en forma personal. \u201cNo hay ganas de mejorar la recaudaci\u00f3n\u201d concluy\u00f3.<\/p>\n<p>Por su lado, Victoria De Bellis (Cuidemos Olavarr\u00eda) plante\u00f3 la inicitaiva que impuls\u00f3 y se incluy\u00f3 en el proyecto opositor: <strong>dejar de exigir el libre deuda de tasas municipales para la renovaci\u00f3n de las licencias de conducir<\/strong> para profesionales o para quienes necesitan conducir para trabajar.<\/p>\n<p><strong>Aprobaci\u00f3n<\/strong><\/p>\n<p><strong>Mart\u00edn Lastape (UCR) adelant\u00f3 luego \u201cvoy a acompa\u00f1ar convalidaci\u00f3n del decreto\u201d<\/strong> con lo que dej\u00f3 en claro que, m\u00e1s all\u00e1 de la postura del oficialismo, los votos para la aprobaci\u00f3n ya estaban. Entre sus argumentos en favor de las ordenanzas, destac\u00f3 que \u201ccon esto no se est\u00e1 desfinanciando al Municipio\u201d.<\/p>\n<p>A la hora de la votaci\u00f3n, la propuesta del Ejecutivo tuvo apoyo por unanimidad mientras que el proyecto del Frente de Todos con modificaciones de otras bancadas, fue aprobado por mayor\u00eda con los votos positivos de los autores, Cuidemos Olavarr\u00eda, UCR y Radicales en Juntos por el Cambio.<\/p>\n","protected":false},"excerpt":{"rendered":"<p>En la sesi\u00f3n se debatieron distintos proyectos con beneficios para comercios y pymes. La iniciativa impulsada por el Ejecutivo tuvo<\/p>\n","protected":false},"author":4,"featured_media":1256,"comment_status":"closed","ping_status":"closed","sticky":false,"template":"","format":"standard","meta":{"_jetpack_memberships_contains_paid_content":false,"footnotes":""},"categories":[4,1],"tags":[],"class_list":["post-1253","post","type-post","status-publish","format-standard","has-post-thumbnail","hentry","category-politica","category-portada"],"jetpack_featured_media_url":"https:\/\/i0.wp.com\/cdnoticias.com\/wp-content\/uploads\/2020\/09\/hcd-sesion-9na.jpg?fit=2221%2C1387&ssl=1","jetpack_sharing_enabled":true,"_links":{"self":[{"href":"https:\/\/cdnoticias.com\/index.php\/wp-json\/wp\/v2\/posts\/1253","targetHints":{"allow":["GET"]}}],"collection":[{"href":"https:\/\/cdnoticias.com\/index.php\/wp-json\/wp\/v2\/posts"}],"about":[{"href":"https:\/\/cdnoticias.com\/index.php\/wp-json\/wp\/v2\/types\/post"}],"author":[{"embeddable":true,"href":"https:\/\/cdnoticias.com\/index.php\/wp-json\/wp\/v2\/users\/4"}],"replies":[{"embeddable":true,"href":"https:\/\/cdnoticias.com\/index.php\/wp-json\/wp\/v2\/comments?post=1253"}],"version-history":[{"count":0,"href":"https:\/\/cdnoticias.com\/index.php\/wp-json\/wp\/v2\/posts\/1253\/revisions"}],"wp:featuredmedia":[{"embeddable":true,"href":"https:\/\/cdnoticias.com\/index.php\/wp-json\/wp\/v2\/media\/1256"}],"wp:attachment":[{"href":"https:\/\/cdnoticias.com\/index.php\/wp-json\/wp\/v2\/media?parent=1253"}],"wp:term":[{"taxonomy":"category","embeddable":true,"href":"https:\/\/cdnoticias.com\/index.php\/wp-json\/wp\/v2\/categories?post=1253"},{"taxonomy":"post_tag","embeddable":true,"href":"https:\/\/cdnoticias.com\/index.php\/wp-json\/wp\/v2\/tags?post=1253"}],"curies":[{"name":"wp","href":"https:\/\/api.w.org\/{rel}","templated":true}]}}