{"id":125284,"date":"2024-09-13T08:51:36","date_gmt":"2024-09-13T11:51:36","guid":{"rendered":"https:\/\/cdnoticias.com\/?p=125284"},"modified":"2024-09-13T12:20:59","modified_gmt":"2024-09-13T15:20:59","slug":"choques-una-motociclista-quedo-internada-y-un-nino-resulto-herido","status":"publish","type":"post","link":"https:\/\/cdnoticias.com\/index.php\/2024\/09\/13\/choques-una-motociclista-quedo-internada-y-un-nino-resulto-herido\/","title":{"rendered":"Choques: una motociclista qued\u00f3 internada y un ni\u00f1o result\u00f3 herido"},"content":{"rendered":"<p>Uno de los casos se dio en el barrio Provincias Argentinas donde impactaron dos motos. El otro fue sobre la avenida Pellegrini donde una camioneta arroll\u00f3 a la bicicleta en que transitaba el peque\u00f1o.<!--more--><\/p>\n<hr \/>\n<p><strong>Dos siniestros viales<\/strong> con <strong>sendas v\u00edctimas con lesiones<\/strong> se registraron en Olavarr\u00eda este jueves.<\/p>\n<p>Uno de ellos ocurri\u00f3 <strong>en el barrio Provincias Argentinas<\/strong> donde <strong>una motociclista result\u00f3 herida y se dispuso su internaci\u00f3n<\/strong>.<\/p>\n<p>Seg\u00fan se detall\u00f3, el personal del <strong>Comando de Patrullas<\/strong> fue convocado a <strong>Islas Malvinas y Roque S\u00e1enz Pe\u00f1a<\/strong> donde se hab\u00eda producido el <strong>choque entre una moto Motomel Blitz de color negro y una moto Yamaha XTZ de color azul.<\/strong><\/p>\n<p><img data-recalc-dims=\"1\" loading=\"lazy\" decoding=\"async\" class=\"size-full wp-image-125289 aligncenter\" src=\"https:\/\/i0.wp.com\/cdnoticias.com\/wp-content\/uploads\/2024\/09\/islas-malvinas-y-saenz-pena.jpeg?resize=800%2C445&#038;ssl=1\" alt=\"\" width=\"800\" height=\"445\" srcset=\"https:\/\/i0.wp.com\/cdnoticias.com\/wp-content\/uploads\/2024\/09\/islas-malvinas-y-saenz-pena.jpeg?w=1000&amp;ssl=1 1000w, https:\/\/i0.wp.com\/cdnoticias.com\/wp-content\/uploads\/2024\/09\/islas-malvinas-y-saenz-pena.jpeg?resize=300%2C167&amp;ssl=1 300w, https:\/\/i0.wp.com\/cdnoticias.com\/wp-content\/uploads\/2024\/09\/islas-malvinas-y-saenz-pena.jpeg?resize=768%2C427&amp;ssl=1 768w, https:\/\/i0.wp.com\/cdnoticias.com\/wp-content\/uploads\/2024\/09\/islas-malvinas-y-saenz-pena.jpeg?resize=800%2C445&amp;ssl=1 800w\" sizes=\"auto, (max-width: 800px) 100vw, 800px\" \/><\/p>\n<blockquote><p>En uno de los rodados transitaba una mujer de 31 a\u00f1os quien fue trasladada al Hospital en una ambulancia del SAAME. Se estableci\u00f3 que la v\u00edctima deb\u00eda quedar internada en observaci\u00f3n.<\/p><\/blockquote>\n<p>Se present\u00f3 en el lugar Polic\u00eda Cient\u00edfica para realizar pericias y los veh\u00edculos involucrados fueron secuestrados y remitidos a la Comisar\u00eda Segunda. Se instruyeron actuaciones por <strong>\u201clesiones culposas\u201d<\/strong> con intervenci\u00f3n de la UFI N\u00ba 4.<\/p>\n<h3>Un menor herido<\/h3>\n<p>El segundo caso ocurri\u00f3<strong> sobre la avenida Pellegrini a la altura del cruce con Coronel Su\u00e1rez<\/strong> donde chocaron <strong>una camioneta y una bicicleta<\/strong>.<\/p>\n<p>Hasta all\u00ed tambi\u00e9n fue convocado el <strong>CPO<\/strong> que estableci\u00f3 que <strong>una camioneta Ford Ranger<\/strong> hab\u00eda colisionado con <strong>una bicicleta rodado 26<\/strong> en la que <strong>transitaba un ni\u00f1o de 12 a\u00f1os.<\/strong><\/p>\n<p><img data-recalc-dims=\"1\" loading=\"lazy\" decoding=\"async\" class=\"size-full wp-image-125290 aligncenter\" src=\"https:\/\/i0.wp.com\/cdnoticias.com\/wp-content\/uploads\/2024\/09\/pellegrini-y-coronel-suarez.jpeg?resize=800%2C446&#038;ssl=1\" alt=\"\" width=\"800\" height=\"446\" srcset=\"https:\/\/i0.wp.com\/cdnoticias.com\/wp-content\/uploads\/2024\/09\/pellegrini-y-coronel-suarez.jpeg?w=1000&amp;ssl=1 1000w, https:\/\/i0.wp.com\/cdnoticias.com\/wp-content\/uploads\/2024\/09\/pellegrini-y-coronel-suarez.jpeg?resize=300%2C167&amp;ssl=1 300w, https:\/\/i0.wp.com\/cdnoticias.com\/wp-content\/uploads\/2024\/09\/pellegrini-y-coronel-suarez.jpeg?resize=768%2C428&amp;ssl=1 768w, https:\/\/i0.wp.com\/cdnoticias.com\/wp-content\/uploads\/2024\/09\/pellegrini-y-coronel-suarez.jpeg?resize=800%2C445&amp;ssl=1 800w\" sizes=\"auto, (max-width: 800px) 100vw, 800px\" \/><\/p>\n<p><img data-recalc-dims=\"1\" loading=\"lazy\" decoding=\"async\" class=\"size-full wp-image-125293 aligncenter\" src=\"https:\/\/i0.wp.com\/cdnoticias.com\/wp-content\/uploads\/2024\/09\/pellegrini-y-coronel-suarez-2.jpg?resize=800%2C445&#038;ssl=1\" alt=\"\" width=\"800\" height=\"445\" srcset=\"https:\/\/i0.wp.com\/cdnoticias.com\/wp-content\/uploads\/2024\/09\/pellegrini-y-coronel-suarez-2.jpg?w=1000&amp;ssl=1 1000w, https:\/\/i0.wp.com\/cdnoticias.com\/wp-content\/uploads\/2024\/09\/pellegrini-y-coronel-suarez-2.jpg?resize=300%2C167&amp;ssl=1 300w, https:\/\/i0.wp.com\/cdnoticias.com\/wp-content\/uploads\/2024\/09\/pellegrini-y-coronel-suarez-2.jpg?resize=768%2C427&amp;ssl=1 768w, https:\/\/i0.wp.com\/cdnoticias.com\/wp-content\/uploads\/2024\/09\/pellegrini-y-coronel-suarez-2.jpg?resize=800%2C445&amp;ssl=1 800w\" sizes=\"auto, (max-width: 800px) 100vw, 800px\" \/><\/p>\n<blockquote><p>El peque\u00f1o ciclista fue trasladado al Hospital Municipal donde recibi\u00f3 las curaciones del caso. Sufri\u00f3 lesiones en su brazo derecho.<\/p><\/blockquote>\n<p>A la par se mont\u00f3 un <strong>amplio operativo de control del tr\u00e1nsito<\/strong> mientras se desarrollaban las tareas del personal de emergencias.<\/p>\n<p>Las actuaciones se remitieron a la Comisar\u00eda Segunda y a la UFI N\u00ba 4 caratuladas<strong> \u201clesiones culposas\u201d<\/strong>.<\/p>\n<h3>En Pueblo Nuevo<\/h3>\n<p>Durante la ma\u00f1ana del jueves se registr\u00f3 <strong>un choque entre un auto y una bicicleta<\/strong> en el cruce de <strong>Hornos y Chacabuco<\/strong>.<\/p>\n<p><img data-recalc-dims=\"1\" loading=\"lazy\" decoding=\"async\" class=\"size-full wp-image-125291 aligncenter\" src=\"https:\/\/i0.wp.com\/cdnoticias.com\/wp-content\/uploads\/2024\/09\/hornos-y-chacabuco-choque-00.jpg?resize=800%2C444&#038;ssl=1\" alt=\"\" width=\"800\" height=\"444\" srcset=\"https:\/\/i0.wp.com\/cdnoticias.com\/wp-content\/uploads\/2024\/09\/hornos-y-chacabuco-choque-00.jpg?w=800&amp;ssl=1 800w, https:\/\/i0.wp.com\/cdnoticias.com\/wp-content\/uploads\/2024\/09\/hornos-y-chacabuco-choque-00.jpg?resize=300%2C167&amp;ssl=1 300w, https:\/\/i0.wp.com\/cdnoticias.com\/wp-content\/uploads\/2024\/09\/hornos-y-chacabuco-choque-00.jpg?resize=768%2C426&amp;ssl=1 768w\" sizes=\"auto, (max-width: 800px) 100vw, 800px\" \/><\/p>\n","protected":false},"excerpt":{"rendered":"<p>Uno de los casos se dio en el barrio Provincias Argentinas donde impactaron dos motos. El otro fue sobre la<\/p>\n","protected":false},"author":4,"featured_media":125292,"comment_status":"closed","ping_status":"closed","sticky":false,"template":"","format":"standard","meta":{"_jetpack_memberships_contains_paid_content":false,"footnotes":""},"categories":[14,1],"tags":[],"class_list":["post-125284","post","type-post","status-publish","format-standard","has-post-thumbnail","hentry","category-policiales","category-portada"],"jetpack_featured_media_url":"https:\/\/i0.wp.com\/cdnoticias.com\/wp-content\/uploads\/2024\/09\/pellegrini-y-coronel-suarez-1.jpg?fit=1000%2C556&ssl=1","jetpack_sharing_enabled":true,"_links":{"self":[{"href":"https:\/\/cdnoticias.com\/index.php\/wp-json\/wp\/v2\/posts\/125284","targetHints":{"allow":["GET"]}}],"collection":[{"href":"https:\/\/cdnoticias.com\/index.php\/wp-json\/wp\/v2\/posts"}],"about":[{"href":"https:\/\/cdnoticias.com\/index.php\/wp-json\/wp\/v2\/types\/post"}],"author":[{"embeddable":true,"href":"https:\/\/cdnoticias.com\/index.php\/wp-json\/wp\/v2\/users\/4"}],"replies":[{"embeddable":true,"href":"https:\/\/cdnoticias.com\/index.php\/wp-json\/wp\/v2\/comments?post=125284"}],"version-history":[{"count":0,"href":"https:\/\/cdnoticias.com\/index.php\/wp-json\/wp\/v2\/posts\/125284\/revisions"}],"wp:featuredmedia":[{"embeddable":true,"href":"https:\/\/cdnoticias.com\/index.php\/wp-json\/wp\/v2\/media\/125292"}],"wp:attachment":[{"href":"https:\/\/cdnoticias.com\/index.php\/wp-json\/wp\/v2\/media?parent=125284"}],"wp:term":[{"taxonomy":"category","embeddable":true,"href":"https:\/\/cdnoticias.com\/index.php\/wp-json\/wp\/v2\/categories?post=125284"},{"taxonomy":"post_tag","embeddable":true,"href":"https:\/\/cdnoticias.com\/index.php\/wp-json\/wp\/v2\/tags?post=125284"}],"curies":[{"name":"wp","href":"https:\/\/api.w.org\/{rel}","templated":true}]}}