{"id":125261,"date":"2024-09-15T09:21:03","date_gmt":"2024-09-15T12:21:03","guid":{"rendered":"https:\/\/cdnoticias.com\/?p=125261"},"modified":"2024-09-15T09:21:05","modified_gmt":"2024-09-15T12:21:05","slug":"arte-danza-participara-en-el-segundo-festival-interdisciplinario-de-la-fundacion-julio-bocca","status":"publish","type":"post","link":"https:\/\/cdnoticias.com\/index.php\/2024\/09\/15\/arte-danza-participara-en-el-segundo-festival-interdisciplinario-de-la-fundacion-julio-bocca\/","title":{"rendered":"Arte Danza participar\u00e1 en el Segundo Festival Interdisciplinario de la Fundaci\u00f3n Julio Bocca"},"content":{"rendered":"\n<p>Ser\u00e1 este domingo en el tradicional Teatro \u201cCaras y Caretas\u201d.&nbsp; Adem\u00e1s, participaran de workshops y charlas de actualizaci\u00f3n docente.<\/p>\n\n\n\n<hr class=\"wp-block-separator aligncenter has-alpha-channel-opacity\"\/>\n\n\n\n<p>Este domingo,<strong> Arte Danza participar\u00e1 del Segundo Festival Interdisciplinario de la Fundaci\u00f3n Julio Bocca.<\/strong><\/p>\n\n\n\n<p><\/p>\n\n\n\n<p>La presencia de los olavarrienses ser\u00e1 con <strong>dos coreograf\u00edas en el tradicional Teatro \u201cCaras y Caretas\u201d.<\/strong>\u00a0 Adem\u00e1s, participar\u00e1n de workshops de Jazz, Contempor\u00e1neo y Cl\u00e1sico y charlas de actualizaci\u00f3n docente.<\/p>\n\n\n\n<figure class=\"wp-block-image aligncenter size-full\"><img data-recalc-dims=\"1\" loading=\"lazy\" decoding=\"async\" width=\"756\" height=\"465\" src=\"https:\/\/i0.wp.com\/cdnoticias.com\/wp-content\/uploads\/2024\/09\/artedanza-teatro-caras-y-caretas1.png?resize=756%2C465&#038;ssl=1\" alt=\"\" class=\"wp-image-125263\" srcset=\"https:\/\/i0.wp.com\/cdnoticias.com\/wp-content\/uploads\/2024\/09\/artedanza-teatro-caras-y-caretas1.png?w=756&amp;ssl=1 756w, https:\/\/i0.wp.com\/cdnoticias.com\/wp-content\/uploads\/2024\/09\/artedanza-teatro-caras-y-caretas1.png?resize=300%2C185&amp;ssl=1 300w\" sizes=\"auto, (max-width: 756px) 100vw, 756px\" \/><\/figure>\n\n\n\n<p><\/p>\n\n\n\n<p>Asimismo, indicaron que ser\u00e1n parte de 11 ballets de todo el pa\u00eds y del vecino Uruguay que participaran para pisar el escenario porte\u00f1o.<\/p>\n\n\n\n<p><\/p>\n\n\n\n<p>Por \u00faltimo, detallaron que la Compa\u00f1\u00eda de Teatro Musical &amp; Danzas de la Fundaci\u00f3n Julio Bocca <strong>estrenar\u00e1 las rutinas art\u00edsticas 2024 para ofrecer a las ONG en las funciones solidarias.<\/strong><\/p>\n","protected":false},"excerpt":{"rendered":"<p>Ser\u00e1 este domingo en el tradicional Teatro \u201cCaras y Caretas\u201d.&nbsp; Adem\u00e1s, participaran de workshops y charlas de actualizaci\u00f3n docente. Este<\/p>\n","protected":false},"author":6,"featured_media":125262,"comment_status":"closed","ping_status":"closed","sticky":false,"template":"","format":"standard","meta":{"_jetpack_memberships_contains_paid_content":false,"footnotes":""},"categories":[9,1],"tags":[],"class_list":["post-125261","post","type-post","status-publish","format-standard","has-post-thumbnail","hentry","category-cultura","category-portada"],"jetpack_featured_media_url":"https:\/\/i0.wp.com\/cdnoticias.com\/wp-content\/uploads\/2024\/09\/artedanza-teatro-caras-y-caretas.png?fit=755%2C447&ssl=1","jetpack_sharing_enabled":true,"_links":{"self":[{"href":"https:\/\/cdnoticias.com\/index.php\/wp-json\/wp\/v2\/posts\/125261","targetHints":{"allow":["GET"]}}],"collection":[{"href":"https:\/\/cdnoticias.com\/index.php\/wp-json\/wp\/v2\/posts"}],"about":[{"href":"https:\/\/cdnoticias.com\/index.php\/wp-json\/wp\/v2\/types\/post"}],"author":[{"embeddable":true,"href":"https:\/\/cdnoticias.com\/index.php\/wp-json\/wp\/v2\/users\/6"}],"replies":[{"embeddable":true,"href":"https:\/\/cdnoticias.com\/index.php\/wp-json\/wp\/v2\/comments?post=125261"}],"version-history":[{"count":0,"href":"https:\/\/cdnoticias.com\/index.php\/wp-json\/wp\/v2\/posts\/125261\/revisions"}],"wp:featuredmedia":[{"embeddable":true,"href":"https:\/\/cdnoticias.com\/index.php\/wp-json\/wp\/v2\/media\/125262"}],"wp:attachment":[{"href":"https:\/\/cdnoticias.com\/index.php\/wp-json\/wp\/v2\/media?parent=125261"}],"wp:term":[{"taxonomy":"category","embeddable":true,"href":"https:\/\/cdnoticias.com\/index.php\/wp-json\/wp\/v2\/categories?post=125261"},{"taxonomy":"post_tag","embeddable":true,"href":"https:\/\/cdnoticias.com\/index.php\/wp-json\/wp\/v2\/tags?post=125261"}],"curies":[{"name":"wp","href":"https:\/\/api.w.org\/{rel}","templated":true}]}}