{"id":12526,"date":"2021-01-29T16:00:20","date_gmt":"2021-01-29T19:00:20","guid":{"rendered":"http:\/\/www.centraldenoticias.com.ar\/?p=12526"},"modified":"2021-01-29T16:46:47","modified_gmt":"2021-01-29T19:46:47","slug":"sputnik-v-este-sabado-continua-la-aplicacion-de-la-segunda-dosis-en-oncologia","status":"publish","type":"post","link":"https:\/\/cdnoticias.com\/index.php\/2021\/01\/29\/sputnik-v-este-sabado-continua-la-aplicacion-de-la-segunda-dosis-en-oncologia\/","title":{"rendered":"Sputnik V: Este s\u00e1bado contin\u00faa la aplicaci\u00f3n de la segunda dosis en Oncolog\u00eda"},"content":{"rendered":"<p>Es para el personal sanitario que haya cumplido con el plazo de 21 d\u00edas. En tanto, quienes cumplan con ese plazo el d\u00eda domingo, ser\u00e1n notificados para vacunarse a partir del jueves 4 de febrero. En total, ya se inmunizaron a 100 personas con ambas aplicaciones.<!--more--><\/p>\n<hr \/>\n<p>Los directivos del Hospital Oncol\u00f3gico informaron que este s\u00e1bado seguir\u00e1n aplicando la segunda dosis de la vacuna Sputnik V al<strong> personal sanitario que haya cumplido con el plazo de 21 d\u00edas y tenga turno asignado.<\/strong><\/p>\n<p>En tanto, <strong>quienes cumplan con esa condici\u00f3n el d\u00eda domingo, se podr\u00e1n vacunar a partir del jueves 4 de febrero en adelante.<\/strong> Se indic\u00f3 que las personas ser\u00e1n previamente notificadas para recibir la vacunaci\u00f3n.<\/p>\n<p>&nbsp;<\/p>\n<p><img data-recalc-dims=\"1\" loading=\"lazy\" decoding=\"async\" class=\"alignnone size-large wp-image-12527\" src=\"https:\/\/i0.wp.com\/cdnoticias.com\/wp-content\/uploads\/2021\/01\/WhatsApp-Image-2021-01-29-at-15.01.59.jpeg?resize=800%2C530&#038;ssl=1\" alt=\"\" width=\"800\" height=\"530\" srcset=\"https:\/\/i0.wp.com\/cdnoticias.com\/wp-content\/uploads\/2021\/01\/WhatsApp-Image-2021-01-29-at-15.01.59.jpeg?resize=1024%2C678&amp;ssl=1 1024w, https:\/\/i0.wp.com\/cdnoticias.com\/wp-content\/uploads\/2021\/01\/WhatsApp-Image-2021-01-29-at-15.01.59.jpeg?resize=300%2C199&amp;ssl=1 300w, https:\/\/i0.wp.com\/cdnoticias.com\/wp-content\/uploads\/2021\/01\/WhatsApp-Image-2021-01-29-at-15.01.59.jpeg?resize=768%2C508&amp;ssl=1 768w, https:\/\/i0.wp.com\/cdnoticias.com\/wp-content\/uploads\/2021\/01\/WhatsApp-Image-2021-01-29-at-15.01.59.jpeg?w=1280&amp;ssl=1 1280w\" sizes=\"auto, (max-width: 800px) 100vw, 800px\" \/><\/p>\n<p>&nbsp;<\/p>\n<p>Por otra parte, se\u00f1alaron que<strong> jueves, viernes y s\u00e1bado de 8 a 12<\/strong>, son los d\u00edas destinados para la aplicaci\u00f3n al personal de salud y \u00fanicamente con turno.<\/p>\n<p>Adem\u00e1s, durante la ma\u00f1ana de este viernes se aplic\u00f3 el segundo componente de la vacuna a 65 personas, y en total,<strong> ya son 100 los inmunizados con ambas dosis<\/strong> en el Hospital de Oncolog\u00eda. Mientras que<strong> 1050 personas recibieron las primeras aplicaciones en ese centro de salud.<\/strong><\/p>\n","protected":false},"excerpt":{"rendered":"<p>Es para el personal sanitario que haya cumplido con el plazo de 21 d\u00edas. En tanto, quienes cumplan con ese<\/p>\n","protected":false},"author":5,"featured_media":12529,"comment_status":"closed","ping_status":"closed","sticky":false,"template":"","format":"standard","meta":{"_jetpack_memberships_contains_paid_content":false,"footnotes":""},"categories":[5,1],"tags":[],"class_list":["post-12526","post","type-post","status-publish","format-standard","has-post-thumbnail","hentry","category-informacion-general","category-portada"],"jetpack_featured_media_url":"https:\/\/i0.wp.com\/cdnoticias.com\/wp-content\/uploads\/2021\/01\/WhatsApp-Image-2021-01-29-at-15.01.59-1.jpeg?fit=1280%2C821&ssl=1","jetpack_sharing_enabled":true,"_links":{"self":[{"href":"https:\/\/cdnoticias.com\/index.php\/wp-json\/wp\/v2\/posts\/12526","targetHints":{"allow":["GET"]}}],"collection":[{"href":"https:\/\/cdnoticias.com\/index.php\/wp-json\/wp\/v2\/posts"}],"about":[{"href":"https:\/\/cdnoticias.com\/index.php\/wp-json\/wp\/v2\/types\/post"}],"author":[{"embeddable":true,"href":"https:\/\/cdnoticias.com\/index.php\/wp-json\/wp\/v2\/users\/5"}],"replies":[{"embeddable":true,"href":"https:\/\/cdnoticias.com\/index.php\/wp-json\/wp\/v2\/comments?post=12526"}],"version-history":[{"count":0,"href":"https:\/\/cdnoticias.com\/index.php\/wp-json\/wp\/v2\/posts\/12526\/revisions"}],"wp:featuredmedia":[{"embeddable":true,"href":"https:\/\/cdnoticias.com\/index.php\/wp-json\/wp\/v2\/media\/12529"}],"wp:attachment":[{"href":"https:\/\/cdnoticias.com\/index.php\/wp-json\/wp\/v2\/media?parent=12526"}],"wp:term":[{"taxonomy":"category","embeddable":true,"href":"https:\/\/cdnoticias.com\/index.php\/wp-json\/wp\/v2\/categories?post=12526"},{"taxonomy":"post_tag","embeddable":true,"href":"https:\/\/cdnoticias.com\/index.php\/wp-json\/wp\/v2\/tags?post=12526"}],"curies":[{"name":"wp","href":"https:\/\/api.w.org\/{rel}","templated":true}]}}