{"id":125248,"date":"2024-09-13T10:12:57","date_gmt":"2024-09-13T13:12:57","guid":{"rendered":"https:\/\/cdnoticias.com\/?p=125248"},"modified":"2024-09-13T10:12:58","modified_gmt":"2024-09-13T13:12:58","slug":"nueva-funcion-de-la-obra-de-teatro-la-tertulia-de-los-camafeos","status":"publish","type":"post","link":"https:\/\/cdnoticias.com\/index.php\/2024\/09\/13\/nueva-funcion-de-la-obra-de-teatro-la-tertulia-de-los-camafeos\/","title":{"rendered":"Nueva funci\u00f3n de la obra de teatro \u201cLa Tertulia de los Camafeos\u201d"},"content":{"rendered":"\n<p>La tercera funci\u00f3n de la obra ser\u00e1 este domingo a las 20:30 horas en Chamula, Tierra de las Artes. &nbsp;Entradas anticipadas a la venta.<\/p>\n\n\n\n<hr class=\"wp-block-separator aligncenter has-alpha-channel-opacity\"\/>\n\n\n\n<p>Este domingo se llevar\u00e1 a cabo la <strong>tercera funci\u00f3n de la obra de teatro<\/strong> \u201c<a href=\"https:\/\/cdnoticias.com\/index.php\/2024\/09\/08\/la-tertulia-de-los-camafeos-estreno-a-sala-llena\/\" target=\"_blank\" rel=\"noreferrer noopener\">La Tertulia de los Camafeos<\/a>\u201d en<strong> Chamula, Tierra de las Artes<\/strong> (Maip\u00fa 3756).<\/p>\n\n\n\n<p><\/p>\n\n\n\n<p>La funci\u00f3n ser\u00e1 <strong>a partir de las 20:30 horas<\/strong> con las actuaciones de Alejandra Imperatrice, Florencia Ciocchini y Fernanda Moraga. La idea, dramaturgia y direcci\u00f3n es de Pablo Fredes y la escenograf\u00eda y asistencia de direcci\u00f3n es de Maiky Hatrick.<\/p>\n\n\n\n<p><\/p>\n\n\n\n<p>Asimismo, la obra de teatro cuenta con los textos de Fernanda Moraga, la m\u00fasica original de Ignacio Montoya Carlotto, y la coreograf\u00eda y asesoramiento en danza de Florencia Arrate. Es una creaci\u00f3n de Asiseteje-teatro.<\/p>\n\n\n\n<p><\/p>\n\n\n\n<p>Las <strong>entradas se pueden reservar al n\u00famero 2284- 619066.<\/strong> El valor de las entradas es de <strong>$6000 pesos las anticipadas y $7000 en puerta.<\/strong><\/p>\n\n\n\n<p><\/p>\n\n\n\n<figure class=\"wp-block-embed is-type-wp-embed is-provider-central-de-noticias-olavarr-a wp-block-embed-central-de-noticias-olavarr-a\"><div class=\"wp-block-embed__wrapper\">\n<blockquote class=\"wp-embedded-content\" data-secret=\"h31ADx5yyg\"><a href=\"https:\/\/cdnoticias.com\/index.php\/2024\/09\/08\/la-tertulia-de-los-camafeos-estreno-a-sala-llena\/\">La tertulia de los camafeos estren\u00f3 a sala llena<\/a><\/blockquote><iframe loading=\"lazy\" class=\"wp-embedded-content\" sandbox=\"allow-scripts\" security=\"restricted\" style=\"position: absolute; visibility: hidden;\" title=\"&#8220;La tertulia de los camafeos estren\u00f3 a sala llena&#8221; &#8212; Central de Noticias | Olavarr\u00eda\" src=\"https:\/\/cdnoticias.com\/index.php\/2024\/09\/08\/la-tertulia-de-los-camafeos-estreno-a-sala-llena\/embed\/#?secret=XEFO5Cpqdl#?secret=h31ADx5yyg\" data-secret=\"h31ADx5yyg\" width=\"600\" height=\"338\" frameborder=\"0\" marginwidth=\"0\" marginheight=\"0\" scrolling=\"no\"><\/iframe>\n<\/div><\/figure>\n","protected":false},"excerpt":{"rendered":"<p>La tercera funci\u00f3n de la obra ser\u00e1 este domingo a las 20:30 horas en Chamula, Tierra de las Artes. &nbsp;Entradas<\/p>\n","protected":false},"author":6,"featured_media":124878,"comment_status":"closed","ping_status":"closed","sticky":false,"template":"","format":"standard","meta":{"_jetpack_memberships_contains_paid_content":false,"footnotes":""},"categories":[9,1],"tags":[],"class_list":["post-125248","post","type-post","status-publish","format-standard","has-post-thumbnail","hentry","category-cultura","category-portada"],"jetpack_featured_media_url":"https:\/\/i0.wp.com\/cdnoticias.com\/wp-content\/uploads\/2024\/09\/la-tertulia-teatro-03.jpg?fit=800%2C445&ssl=1","jetpack_sharing_enabled":true,"_links":{"self":[{"href":"https:\/\/cdnoticias.com\/index.php\/wp-json\/wp\/v2\/posts\/125248","targetHints":{"allow":["GET"]}}],"collection":[{"href":"https:\/\/cdnoticias.com\/index.php\/wp-json\/wp\/v2\/posts"}],"about":[{"href":"https:\/\/cdnoticias.com\/index.php\/wp-json\/wp\/v2\/types\/post"}],"author":[{"embeddable":true,"href":"https:\/\/cdnoticias.com\/index.php\/wp-json\/wp\/v2\/users\/6"}],"replies":[{"embeddable":true,"href":"https:\/\/cdnoticias.com\/index.php\/wp-json\/wp\/v2\/comments?post=125248"}],"version-history":[{"count":0,"href":"https:\/\/cdnoticias.com\/index.php\/wp-json\/wp\/v2\/posts\/125248\/revisions"}],"wp:featuredmedia":[{"embeddable":true,"href":"https:\/\/cdnoticias.com\/index.php\/wp-json\/wp\/v2\/media\/124878"}],"wp:attachment":[{"href":"https:\/\/cdnoticias.com\/index.php\/wp-json\/wp\/v2\/media?parent=125248"}],"wp:term":[{"taxonomy":"category","embeddable":true,"href":"https:\/\/cdnoticias.com\/index.php\/wp-json\/wp\/v2\/categories?post=125248"},{"taxonomy":"post_tag","embeddable":true,"href":"https:\/\/cdnoticias.com\/index.php\/wp-json\/wp\/v2\/tags?post=125248"}],"curies":[{"name":"wp","href":"https:\/\/api.w.org\/{rel}","templated":true}]}}