{"id":125235,"date":"2024-09-12T17:31:37","date_gmt":"2024-09-12T20:31:37","guid":{"rendered":"https:\/\/cdnoticias.com\/?p=125235"},"modified":"2024-09-12T19:47:47","modified_gmt":"2024-09-12T22:47:47","slug":"detuvieron-a-un-hombre-en-hinojo-acusado-de-captacion-de-menor-de-edad-con-fines-sexuales","status":"publish","type":"post","link":"https:\/\/cdnoticias.com\/index.php\/2024\/09\/12\/detuvieron-a-un-hombre-en-hinojo-acusado-de-captacion-de-menor-de-edad-con-fines-sexuales\/","title":{"rendered":"Detuvieron a un hombre en Hinojo acusado de captaci\u00f3n de menor de edad con fines sexuales"},"content":{"rendered":"\n<p>Lo hizo mediante medios tecnol\u00f3gicos, en una causa que comenz\u00f3 en 2020 y tuvo en 2022 varios allanamientos. Ahora, qued\u00f3 detenido.<\/p>\n\n\n\n<hr class=\"wp-block-separator aligncenter has-alpha-channel-opacity\"\/>\n\n\n\n<p>Personal de SubDDI Olavarr\u00eda <strong>detuvo, en las \u00faltimas horas, a un hombre de 40 a\u00f1os quien era investigado por<em> \u201ccaptaci\u00f3n de menor de edad por medios tecnol\u00f3gicos con fines sexuales\u201d.<\/em><\/strong><\/p>\n\n\n\n<p><strong>El procedimiento se realiz\u00f3 en la vecina localidad de Hinojo<\/strong> encabezado por personal de la SubDDI local.<\/p>\n\n\n\n<p>La causa, actualmente se encuentra en el Juzgado Correccional N\u00b01 de nuestra ciudad a cargo de la doctora Cecilia Desiata, quien<strong> dispuso la detenci\u00f3n y traslado del imputado a una unidad carcelaria de la jurisdicci\u00f3n.<\/strong><\/p>\n\n\n\n<p>Los hechos por los que fue investigado comenzaron a inicios de 2020, donde en 2022 y con intervenci\u00f3n de la UFI N\u00b022 a cargo del doctor Lucas Moyano<strong> se realizaron varios allanamientos que lograron encontrar y secuestrar elementos probatorios que permitieron la condena del acusado.<\/strong><\/p>\n","protected":false},"excerpt":{"rendered":"<p>Lo hizo mediante medios tecnol\u00f3gicos, en una causa que comenz\u00f3 en 2020 y tuvo en 2022 varios allanamientos. Ahora, qued\u00f3<\/p>\n","protected":false},"author":2,"featured_media":109710,"comment_status":"closed","ping_status":"closed","sticky":false,"template":"","format":"standard","meta":{"_jetpack_memberships_contains_paid_content":false,"footnotes":""},"categories":[14,1],"tags":[],"class_list":["post-125235","post","type-post","status-publish","format-standard","has-post-thumbnail","hentry","category-policiales","category-portada"],"jetpack_featured_media_url":"https:\/\/i0.wp.com\/cdnoticias.com\/wp-content\/uploads\/2024\/02\/Sub-DDI-olavarria-00.jpg?fit=1000%2C557&ssl=1","jetpack_sharing_enabled":true,"_links":{"self":[{"href":"https:\/\/cdnoticias.com\/index.php\/wp-json\/wp\/v2\/posts\/125235","targetHints":{"allow":["GET"]}}],"collection":[{"href":"https:\/\/cdnoticias.com\/index.php\/wp-json\/wp\/v2\/posts"}],"about":[{"href":"https:\/\/cdnoticias.com\/index.php\/wp-json\/wp\/v2\/types\/post"}],"author":[{"embeddable":true,"href":"https:\/\/cdnoticias.com\/index.php\/wp-json\/wp\/v2\/users\/2"}],"replies":[{"embeddable":true,"href":"https:\/\/cdnoticias.com\/index.php\/wp-json\/wp\/v2\/comments?post=125235"}],"version-history":[{"count":0,"href":"https:\/\/cdnoticias.com\/index.php\/wp-json\/wp\/v2\/posts\/125235\/revisions"}],"wp:featuredmedia":[{"embeddable":true,"href":"https:\/\/cdnoticias.com\/index.php\/wp-json\/wp\/v2\/media\/109710"}],"wp:attachment":[{"href":"https:\/\/cdnoticias.com\/index.php\/wp-json\/wp\/v2\/media?parent=125235"}],"wp:term":[{"taxonomy":"category","embeddable":true,"href":"https:\/\/cdnoticias.com\/index.php\/wp-json\/wp\/v2\/categories?post=125235"},{"taxonomy":"post_tag","embeddable":true,"href":"https:\/\/cdnoticias.com\/index.php\/wp-json\/wp\/v2\/tags?post=125235"}],"curies":[{"name":"wp","href":"https:\/\/api.w.org\/{rel}","templated":true}]}}