{"id":125206,"date":"2024-09-12T12:16:55","date_gmt":"2024-09-12T15:16:55","guid":{"rendered":"https:\/\/cdnoticias.com\/?p=125206"},"modified":"2024-09-12T15:53:20","modified_gmt":"2024-09-12T18:53:20","slug":"el-ejecutivo-municipal-retomo-la-negociacion-para-renovar-el-resonador-del-hospital","status":"publish","type":"post","link":"https:\/\/cdnoticias.com\/index.php\/2024\/09\/12\/el-ejecutivo-municipal-retomo-la-negociacion-para-renovar-el-resonador-del-hospital\/","title":{"rendered":"El Ejecutivo municipal avanz\u00f3 en averiguaciones por el resonador del Hospital"},"content":{"rendered":"<p>La informaci\u00f3n surgi\u00f3 en un debate durante la sesi\u00f3n del Concejo Deliberante. Federico Aguilera inform\u00f3 que \u201cestamos hablando de m\u00e1s de 750 mil d\u00f3lares\u201d. Cruces por la gesti\u00f3n econ\u00f3mica nacional.<!--more--><\/p>\n<hr \/>\n<p>En el marco de un debate <strong>propuesto desde la bancada de PRO-ERF para la renovaci\u00f3n del resonador magn\u00e9tico del Hospital Municipal<\/strong>, se inform\u00f3 que la gesti\u00f3n a cargo del<strong> intendente Maximiliano Wesner retom\u00f3 las averiguaciones <\/strong>por el valor del equipo. El <strong>presidente del bloque Uni\u00f3n por la Patria, Federico Aguilera<\/strong>, dej\u00f3 saber que <strong>el precio en d\u00f3lares que se contemplaba en 2022 ha tenido un considerable aumento<\/strong>.<\/p>\n<p>Durante el extenso debate del tema, <strong>los concejales intercambiaron visiones y posturas sobre la gesti\u00f3n econ\u00f3mica nacional<\/strong>, adem\u00e1s de sobre la gesti\u00f3n local del \u00e1rea de salud.<\/p>\n<p><img data-recalc-dims=\"1\" loading=\"lazy\" decoding=\"async\" class=\"size-full wp-image-125209 aligncenter\" src=\"https:\/\/i0.wp.com\/cdnoticias.com\/wp-content\/uploads\/2024\/09\/HCD-sesion-votacion-mayoria-01.jpg?resize=800%2C445&#038;ssl=1\" alt=\"\" width=\"800\" height=\"445\" srcset=\"https:\/\/i0.wp.com\/cdnoticias.com\/wp-content\/uploads\/2024\/09\/HCD-sesion-votacion-mayoria-01.jpg?w=1000&amp;ssl=1 1000w, https:\/\/i0.wp.com\/cdnoticias.com\/wp-content\/uploads\/2024\/09\/HCD-sesion-votacion-mayoria-01.jpg?resize=300%2C167&amp;ssl=1 300w, https:\/\/i0.wp.com\/cdnoticias.com\/wp-content\/uploads\/2024\/09\/HCD-sesion-votacion-mayoria-01.jpg?resize=768%2C427&amp;ssl=1 768w, https:\/\/i0.wp.com\/cdnoticias.com\/wp-content\/uploads\/2024\/09\/HCD-sesion-votacion-mayoria-01.jpg?resize=800%2C445&amp;ssl=1 800w\" sizes=\"auto, (max-width: 800px) 100vw, 800px\" \/><\/p>\n<blockquote><p>Aguilera tuvo en cuenta los datos que previamente hab\u00eda expuesto el concejal Hilario Galli (PRO-ERF) para se\u00f1alar el incremento de valores requeridos para la actualizaci\u00f3n del equipo que funciona dentro del Hospital Municipal. \u201cHoy estamos hablando de m\u00e1s de 750 mil d\u00f3lares, es decir que aument\u00f3 inclusive el valor del insumo en el producto que se quiere adquirir\u201d.<\/p><\/blockquote>\n<p>M\u00e1s adelante,<strong> Bel\u00e9n Abraham (UxP)<\/strong> reafirm\u00f3 que <strong>\u201cAguilera ya dijo que el Ejecutivo est\u00e1 trabajando\u201d<\/strong> en el tema.<\/p>\n<h3>El debate<\/h3>\n<p>El proyecto que estaba en tratamiento hab\u00eda sido impulsado por la bancada PRO-ERF a <a href=\"https:\/\/cdnoticias.com\/index.php\/2024\/09\/02\/el-pro-pide-actualizar-el-resonador-del-hospital-tras-la-reduccion-del-impuesto-pais\/\" target=\"_blank\" rel=\"noopener\">principios de la semana pasada, cuando el Gobierno Nacional anunci\u00f3 la decisi\u00f3n de reducir el Impuesto Pa\u00eds<\/a>. Este jueves, para presentar el proyecto,<strong> el concejal Galli aclar\u00f3 que \u201cel Impuesto Pa\u00eds para este tipo de importaciones no aplica<\/strong>, pero igual es importante porque es un paso m\u00e1s en la normalizaci\u00f3n de nuestra econom\u00eda\u201d. Con ello se refiri\u00f3 a la<strong> eliminaci\u00f3n de trabas a las importaciones y a la estabilizaci\u00f3n del valor del d\u00f3lar.<\/strong><\/p>\n<p>Record\u00f3 que <strong>la actualizaci\u00f3n del resonador comenz\u00f3 a negociarse en 2022 durante la gesti\u00f3n de Ezequiel Galli. \u201cRondaba 688 mil d\u00f3lares, con un cambio oficial<\/strong> que estaba en 199 pesos y en ese mismo per\u00edodo se not\u00f3 la baja de la coparticipaci\u00f3n provincial\u201d afirm\u00f3 para contrastar el valor que en ese momento ten\u00eda el equipo con la ca\u00edda de los ingresos provinciales.<strong> \u201cPor las trabas y problemas que se generaron en el pa\u00eds a lo largo de 2023, las formas de contrataci\u00f3n era lo que m\u00e1s complicaba la operaci\u00f3n\u201d<\/strong> indic\u00f3 para aludir a que los requisitos del proceso de contrataci\u00f3n que impon\u00eda la empresa General Electric, que llevaba 160 d\u00edas, eran <strong>objetados por el Tribunal de Cuentas de la Provincia y hac\u00edan imposible concretar la compra<\/strong>.<\/p>\n<p><img data-recalc-dims=\"1\" loading=\"lazy\" decoding=\"async\" class=\"size-full wp-image-125192 aligncenter\" src=\"https:\/\/i0.wp.com\/cdnoticias.com\/wp-content\/uploads\/2024\/09\/HCD-hilario-galli-05.jpg?resize=800%2C445&#038;ssl=1\" alt=\"\" width=\"800\" height=\"445\" srcset=\"https:\/\/i0.wp.com\/cdnoticias.com\/wp-content\/uploads\/2024\/09\/HCD-hilario-galli-05.jpg?w=1000&amp;ssl=1 1000w, https:\/\/i0.wp.com\/cdnoticias.com\/wp-content\/uploads\/2024\/09\/HCD-hilario-galli-05.jpg?resize=300%2C167&amp;ssl=1 300w, https:\/\/i0.wp.com\/cdnoticias.com\/wp-content\/uploads\/2024\/09\/HCD-hilario-galli-05.jpg?resize=768%2C427&amp;ssl=1 768w, https:\/\/i0.wp.com\/cdnoticias.com\/wp-content\/uploads\/2024\/09\/HCD-hilario-galli-05.jpg?resize=800%2C445&amp;ssl=1 800w\" sizes=\"auto, (max-width: 800px) 100vw, 800px\" \/><\/p>\n<blockquote><p>\u201cHoy a partir de esta nueva estabilidad, con el tipo de cambio estable, la quita de trabas a los procesos de importaci\u00f3n, con la estabilidad que se viene por delante y viendo los resultados financieros del Municipio, creo que estamos en condiciones de contar con un resonador de alta tecnolog\u00eda\u201d concluy\u00f3 el concejal Hilario Galli.<\/p><\/blockquote>\n<p><strong>Federico Aguilera<\/strong> apunt\u00f3 a que<em> \u201cel eje central del proyecto era el Impuesto Pa\u00eds\u201d, lo que qued\u00f3 aclarado que no aplicaba, con lo que consider\u00f3 que \u201cse acaba de caer ese principal argumento<\/em>. De hecho nada tiene que ver y en nada surge alguna consecuencia o efecto la compra de un nuevo resonador\u201d.<\/p>\n<p>A su vez, apunt\u00f3 a que<strong> el sector pol\u00edtico del bloque autor del proyecto \u201ctienen una responsabilidad que es la de haber sido gesti\u00f3n por 8 a\u00f1os\u201d<\/strong>. Busc\u00f3 de esa manera cuestionar que si bien desde 2017 \u201cla gesti\u00f3n municipal anterior estaba anoticiada y sab\u00eda que el resonador no serv\u00eda m\u00e1s. La empresa General Electric hab\u00eda elaborado y comunicado a Ezequiel Galli que el resonador ya hab\u00eda cumplido su vida \u00fatil y que no iban a contar con cobertura t\u00e9cnica\u201d, <strong>hasta 2022 \u201cno hubo prioridad en modificar el viejo resonador\u201d<\/strong>.<\/p>\n<p>En cuanto al contexto actual busc\u00f3 rebatir la exposici\u00f3n de Galli. El presidente del bloque oficialista sostuvo que <strong>\u201cyo no veo la estabilidad econ\u00f3mica, la \u00fanica que veo es la estabilidad de la ca\u00edda de la econom\u00eda y de los ingresos municipales como consecuencia de las medidas del gobierno nacional\u201d<\/strong>. Avanz\u00f3 a se\u00f1alar que \u201cel gobierno municipal adem\u00e1s de <strong>haber heredado una deuda, una estructura deficitaria y la ca\u00edda de los ingresos corrientes\u201d<\/strong>. Detall\u00f3 que <em>baj\u00f3 la recaudaci\u00f3n del Impuesto a la Piedra con la ca\u00edda \u201cde 32% semestral interanual de la actividad cementera\u201d y \u201ccasi 45% semestral interanual en comparaci\u00f3n con a\u00f1os anteriores de la tributaci\u00f3n del ingreso de piedra gran\u00edtica\u201d<\/em>. Sum\u00f3 a ello el<strong> aumento de los costos de insumos<\/strong>, y a modo de ejemplo cit\u00f3 <em>\u201caumento de 800% para compra de insumos de farmacia y medicamentos\u201d.<\/em><\/p>\n<p><img data-recalc-dims=\"1\" loading=\"lazy\" decoding=\"async\" class=\"size-full wp-image-125197 aligncenter\" src=\"https:\/\/i0.wp.com\/cdnoticias.com\/wp-content\/uploads\/2024\/09\/HCD-sesion-01.jpg?resize=800%2C445&#038;ssl=1\" alt=\"\" width=\"800\" height=\"445\" srcset=\"https:\/\/i0.wp.com\/cdnoticias.com\/wp-content\/uploads\/2024\/09\/HCD-sesion-01.jpg?w=1000&amp;ssl=1 1000w, https:\/\/i0.wp.com\/cdnoticias.com\/wp-content\/uploads\/2024\/09\/HCD-sesion-01.jpg?resize=300%2C167&amp;ssl=1 300w, https:\/\/i0.wp.com\/cdnoticias.com\/wp-content\/uploads\/2024\/09\/HCD-sesion-01.jpg?resize=768%2C427&amp;ssl=1 768w, https:\/\/i0.wp.com\/cdnoticias.com\/wp-content\/uploads\/2024\/09\/HCD-sesion-01.jpg?resize=800%2C445&amp;ssl=1 800w\" sizes=\"auto, (max-width: 800px) 100vw, 800px\" \/><\/p>\n<blockquote><p>\u201cLo que no fue prioridad durante 8 a\u00f1os pasa a ser prioridad en 6 meses\u201d critic\u00f3 Aguilera y adelant\u00f3 el voto negativo de su bloque. \u201cNo me parece que desde el bloque PRO que tuvo la posibilidad durante 8 a\u00f1os de hacer esta compra, que no la hizo, nos exija a nosotros realizar esta transacci\u00f3n sabiendo las dificultades con las que se encuentra y con las dificultades que tenemos para poder hacerlo. Me parece poco grato\u201d.\u00a0En ese punto inform\u00f3 que \u201csi en aquel entonces (en 2022) hablaban de unos 688 mil d\u00f3lares, hoy estamos hablando de m\u00e1s de 750 mil d\u00f3lares. Es decir, que aument\u00f3 inclusive el valor del insumo en el producto que se quiere adquirir con lo cual las condiciones no son mejores\u201d.<\/p><\/blockquote>\n<p>M\u00e1s adelante en el debate <strong>volvi\u00f3 a intervenir Galli para subrayar que se refiri\u00f3 a la mejora de variables econ\u00f3micas que afectan directamente a la operatoria<\/strong>, \u201cno se puede negar que la inflaci\u00f3n con la cual se inici\u00f3 el periodo de esta nueva presidencia a esta parte viene en retroceso. No se puede negar que estos 9 meses hemos tenido una estabilidad cambiaria\u201d. Concluy\u00f3 que <strong>\u201cen esta situaci\u00f3n, con este nuevo escenario se puede llevar adelante la negociaci\u00f3n.<\/strong> Es algo que necesitamos los olavarrienses. A la hora de plantear el esquema de prioridades ser\u00eda bueno que lo tengan en cuenta\u201d.<\/p>\n<p>El debate continu\u00f3 con la intervenci\u00f3n de ocho concejales m\u00e1s, de todas las bancadas. La <strong>resoluci\u00f3n 57\/24 se aprob\u00f3 por mayor\u00eda<\/strong> con los votos positivos de PRO-ERF, La Libertad Avanza, Libertad Olavarr\u00eda y UCR. El bloque UxP vot\u00f3 por la negativa.<\/p>\n<h3>Los anuncios por el resonador<\/h3>\n<p><a href=\"https:\/\/cdnoticias.com\/index.php\/2022\/09\/26\/edificio-de-gastroenterologia-del-hospital-es-un-honor-estar-inaugurando-esta-obra\/\" target=\"_blank\" rel=\"noopener\">En septiembre de 2022<\/a>, en el marco de la <strong>inauguraci\u00f3n del edificio de gastroenterolog\u00eda del Hospital Municipal, el entonces intendente Ezequiel Galli anunci\u00f3 que se iba a renovar el resonador<\/strong>, \u201cque ya cumpli\u00f3 su ciclo\u201d. En 2017 se hab\u00edan cumplido 10 a\u00f1os desde la \u00faltima renovaci\u00f3n y en ese lapso hab\u00eda finalizado la garant\u00eda oficial.<\/p>\n<p><img data-recalc-dims=\"1\" loading=\"lazy\" decoding=\"async\" class=\"size-full wp-image-65745 aligncenter\" src=\"https:\/\/i0.wp.com\/cdnoticias.com\/wp-content\/uploads\/2022\/09\/inauguracion-hospital-gastroenterologia-05.jpg?resize=800%2C445&#038;ssl=1\" alt=\"\" width=\"800\" height=\"445\" srcset=\"https:\/\/i0.wp.com\/cdnoticias.com\/wp-content\/uploads\/2022\/09\/inauguracion-hospital-gastroenterologia-05.jpg?w=800&amp;ssl=1 800w, https:\/\/i0.wp.com\/cdnoticias.com\/wp-content\/uploads\/2022\/09\/inauguracion-hospital-gastroenterologia-05.jpg?resize=300%2C167&amp;ssl=1 300w, https:\/\/i0.wp.com\/cdnoticias.com\/wp-content\/uploads\/2022\/09\/inauguracion-hospital-gastroenterologia-05.jpg?resize=768%2C427&amp;ssl=1 768w\" sizes=\"auto, (max-width: 800px) 100vw, 800px\" \/><\/p>\n<p><strong>Al a\u00f1o siguiente, en el acto de apertura de sesiones ordinarias<\/strong>, <a href=\"https:\/\/cdnoticias.com\/index.php\/2023\/03\/01\/galli-el-ano-2022-no-fue-un-ano-facil-en-materia-economica\/\" target=\"_blank\" rel=\"noopener\">el jefe comunal reafirm\u00f3 su objetivo<\/a>: <strong>\u201ceste a\u00f1o, vamos a proceder a la actualizaci\u00f3n del resonador del Hospital Dr. H\u00e9ctor Cura\u201d<\/strong>. Justamente, el concejal Hilario Galli situ\u00f3 en marzo de 2023 la m\u00e1s fuerte ca\u00edda de los ingresos de coparticipaci\u00f3n provincial para el Municipio.<\/p>\n<p><a href=\"https:\/\/cdnoticias.com\/index.php\/2023\/08\/22\/la-renovacion-del-resonador-del-hospital\/\" target=\"_blank\" rel=\"noopener\">En agosto del a\u00f1o pasado<\/a>, despu\u00e9s de perder en las PASO, el ex intendente brind\u00f3 una conferencia donde anunci\u00f3 modificaciones en la atenci\u00f3n Hospitalaria. En ese contexto fue consultado sobre la renovaci\u00f3n de resonador y all\u00ed <strong>dio cuenta de las dificultades financieras y trabas a la importaci\u00f3n que imped\u00edan concretar la operatoria.<\/strong><\/p>\n","protected":false},"excerpt":{"rendered":"<p>La informaci\u00f3n surgi\u00f3 en un debate durante la sesi\u00f3n del Concejo Deliberante. Federico Aguilera inform\u00f3 que \u201cestamos hablando de m\u00e1s<\/p>\n","protected":false},"author":4,"featured_media":125195,"comment_status":"closed","ping_status":"closed","sticky":false,"template":"","format":"standard","meta":{"_jetpack_memberships_contains_paid_content":false,"footnotes":""},"categories":[4,1],"tags":[],"class_list":["post-125206","post","type-post","status-publish","format-standard","has-post-thumbnail","hentry","category-politica","category-portada"],"jetpack_featured_media_url":"https:\/\/i0.wp.com\/cdnoticias.com\/wp-content\/uploads\/2024\/09\/HCD-federico-aguilera-03.jpg?fit=1000%2C557&ssl=1","jetpack_sharing_enabled":true,"_links":{"self":[{"href":"https:\/\/cdnoticias.com\/index.php\/wp-json\/wp\/v2\/posts\/125206","targetHints":{"allow":["GET"]}}],"collection":[{"href":"https:\/\/cdnoticias.com\/index.php\/wp-json\/wp\/v2\/posts"}],"about":[{"href":"https:\/\/cdnoticias.com\/index.php\/wp-json\/wp\/v2\/types\/post"}],"author":[{"embeddable":true,"href":"https:\/\/cdnoticias.com\/index.php\/wp-json\/wp\/v2\/users\/4"}],"replies":[{"embeddable":true,"href":"https:\/\/cdnoticias.com\/index.php\/wp-json\/wp\/v2\/comments?post=125206"}],"version-history":[{"count":0,"href":"https:\/\/cdnoticias.com\/index.php\/wp-json\/wp\/v2\/posts\/125206\/revisions"}],"wp:featuredmedia":[{"embeddable":true,"href":"https:\/\/cdnoticias.com\/index.php\/wp-json\/wp\/v2\/media\/125195"}],"wp:attachment":[{"href":"https:\/\/cdnoticias.com\/index.php\/wp-json\/wp\/v2\/media?parent=125206"}],"wp:term":[{"taxonomy":"category","embeddable":true,"href":"https:\/\/cdnoticias.com\/index.php\/wp-json\/wp\/v2\/categories?post=125206"},{"taxonomy":"post_tag","embeddable":true,"href":"https:\/\/cdnoticias.com\/index.php\/wp-json\/wp\/v2\/tags?post=125206"}],"curies":[{"name":"wp","href":"https:\/\/api.w.org\/{rel}","templated":true}]}}