{"id":125200,"date":"2024-09-12T18:30:04","date_gmt":"2024-09-12T21:30:04","guid":{"rendered":"https:\/\/cdnoticias.com\/?p=125200"},"modified":"2024-09-12T20:20:46","modified_gmt":"2024-09-12T23:20:46","slug":"expo-olavarria-produce-es-la-base-para-que-siga-creciendo-ano-a-ano","status":"publish","type":"post","link":"https:\/\/cdnoticias.com\/index.php\/2024\/09\/12\/expo-olavarria-produce-es-la-base-para-que-siga-creciendo-ano-a-ano\/","title":{"rendered":"Expo \u201cOlavarr\u00eda Produce\u201d: \u201ces la base para que siga creciendo a\u00f1o a a\u00f1o\u201d"},"content":{"rendered":"\n<p>El secretario de Desarrollo Econ\u00f3mico Gast\u00f3n Sarachu destac\u00f3 que se busca mostrar la diversidad productiva del Partido. Ser\u00e1 la primera edici\u00f3n, pero busca instalarse en la agenda de actividades anuales.<\/p>\n\n\n\n<hr class=\"wp-block-separator has-alpha-channel-opacity\"\/>\n\n\n\n<p>El<strong> secretario de Desarrollo Econ\u00f3mico y Producci\u00f3n Gast\u00f3n Sarachu<\/strong>, resalt\u00f3 las caracter\u00edsticas de la <strong>primera edici\u00f3n de la Expo \u201cOlavarr\u00eda Produce\u201d, <\/strong>un evento que tiene como objetivo mostrar la riqueza y diversidad productiva con la que cuenta el Partido. La propuesta <strong>comenzar\u00e1 este viernes y se prolongar\u00e1 hasta el s\u00e1bado inclusive,<\/strong> en el Centro de Exposiciones Municipal ubicado sobre avenida Eva Per\u00f3n (Ex Circunvalaci\u00f3n) al 1500.<\/p>\n\n\n\n<p><\/p>\n\n\n\n<p>\u201cSe ha trabajado mucho estos d\u00edas previos no solo en la convocatoria, sino que estamos trabajando ahora mismo en el CEMO, en el armado de los de los stands, en toda la previa. <strong>Esperando que sea una muestra como Olavarr\u00eda se merece y como hace tiempo que por ah\u00ed no ve\u00edamos<\/strong>\u201d, asegur\u00f3 Sarachu en di\u00e1logo con el programa<em> Levantate (Radio Sapiens).<\/em><\/p>\n\n\n\n<p><\/p>\n\n\n\n<p>\u201c<strong>Tratamos de armar una muestra que sea bien representativa de lo que se produce en el partido de Olavarr\u00eda. <\/strong>El cien por ciento de los stands est\u00e1n ocupados por empresas de Olavarr\u00eda. Adem\u00e1s, como tambi\u00e9n queremos que sea una muestra abierta al p\u00fablico y que la familia pueda ir, hay distintas actividades, espacio gastron\u00f3mico, juegos para los m\u00e1s chicos, m\u00fasica en vivo y un cierre musical el d\u00eda s\u00e1bado por la tarde con Herederos\u201d, detall\u00f3 el funcionario municipal.<\/p>\n\n\n\n<p><\/p>\n\n\n\n<blockquote class=\"wp-block-quote is-layout-flow wp-block-quote-is-layout-flow\">\n<p>Sarachu, resalt\u00f3 que esta ser\u00e1 la primera edici\u00f3n con la idea de continuarla en el tiempo: \u201cvolver a instalarla en el calendario todos los a\u00f1os es un desaf\u00edo. Queremos que salga muy bien y por supuesto es la base para que siga creciendo a\u00f1o a a\u00f1o\u201d.<\/p>\n\n\n\n<p><\/p>\n<\/blockquote>\n\n\n\n<p><\/p>\n\n\n\n<p><strong>Cronograma<\/strong><\/p>\n\n\n\n<p><\/p>\n\n\n\n<p>El programa para la jornada inaugural del viernes incluye, a partir de las 14 horas, el acto de <strong>apertura formal <\/strong>con la presencia del Intendente Wesner y referentes de las distintas instituciones organizadoras.<\/p>\n\n\n\n<p><\/p>\n\n\n\n<figure class=\"wp-block-image size-full\"><img data-recalc-dims=\"1\" loading=\"lazy\" decoding=\"async\" width=\"800\" height=\"800\" src=\"https:\/\/i0.wp.com\/cdnoticias.com\/wp-content\/uploads\/2024\/09\/expo-cronograma-01.jpeg?resize=800%2C800&#038;ssl=1\" alt=\"\" class=\"wp-image-125201\" srcset=\"https:\/\/i0.wp.com\/cdnoticias.com\/wp-content\/uploads\/2024\/09\/expo-cronograma-01.jpeg?w=800&amp;ssl=1 800w, https:\/\/i0.wp.com\/cdnoticias.com\/wp-content\/uploads\/2024\/09\/expo-cronograma-01.jpeg?resize=300%2C300&amp;ssl=1 300w, https:\/\/i0.wp.com\/cdnoticias.com\/wp-content\/uploads\/2024\/09\/expo-cronograma-01.jpeg?resize=150%2C150&amp;ssl=1 150w, https:\/\/i0.wp.com\/cdnoticias.com\/wp-content\/uploads\/2024\/09\/expo-cronograma-01.jpeg?resize=768%2C768&amp;ssl=1 768w\" sizes=\"auto, (max-width: 800px) 100vw, 800px\" \/><\/figure>\n\n\n\n<p><\/p>\n\n\n\n<p>Luego dar\u00e1n comienzo las<strong> charlas que se llevar\u00e1n a cabo en el audit\u00f3rium<\/strong> especialmente armado para la actividad. La primera ser\u00e1 a las 14.30 hs. y estar\u00e1 a cargo del Consejo Federal Inversiones, desde donde se presentar\u00e1n L\u00edneas de Financiamiento y Programas destinados a Pymes y Emprendedores. El panel ser\u00e1 encabezado por Diego Silva, Jefe de Financiamiento Productivo, y Ayel\u00e9n Borda, subsecretaria de Priorizaci\u00f3n y Seguimiento Econ\u00f3mico y Productivo.<\/p>\n\n\n\n<p><\/p>\n\n\n\n<p>En ese mismo marco, tambi\u00e9n se desarrollar\u00e1 un panel denominado <strong>\u201cAporte del Estado Provincial al Desarrollo Minero Bonaerense\u201d, <\/strong>liderado por Laura Delgado, Subsecretaria de Miner\u00eda, dependiente del Ministerio de Producci\u00f3n de la Provincia de Buenos Aires.<\/p>\n\n\n\n<p><\/p>\n\n\n\n<figure class=\"wp-block-image size-full\"><img data-recalc-dims=\"1\" loading=\"lazy\" decoding=\"async\" width=\"800\" height=\"800\" src=\"https:\/\/i0.wp.com\/cdnoticias.com\/wp-content\/uploads\/2024\/09\/expo-cronograma-02.jpeg?resize=800%2C800&#038;ssl=1\" alt=\"\" class=\"wp-image-125202\" srcset=\"https:\/\/i0.wp.com\/cdnoticias.com\/wp-content\/uploads\/2024\/09\/expo-cronograma-02.jpeg?w=800&amp;ssl=1 800w, https:\/\/i0.wp.com\/cdnoticias.com\/wp-content\/uploads\/2024\/09\/expo-cronograma-02.jpeg?resize=300%2C300&amp;ssl=1 300w, https:\/\/i0.wp.com\/cdnoticias.com\/wp-content\/uploads\/2024\/09\/expo-cronograma-02.jpeg?resize=150%2C150&amp;ssl=1 150w, https:\/\/i0.wp.com\/cdnoticias.com\/wp-content\/uploads\/2024\/09\/expo-cronograma-02.jpeg?resize=768%2C768&amp;ssl=1 768w\" sizes=\"auto, (max-width: 800px) 100vw, 800px\" \/><\/figure>\n\n\n\n<p><\/p>\n\n\n\n<p>La<strong> segunda y \u00faltima jornada tendr\u00e1 tambi\u00e9n su inicio a partir de las 10 horas, con la apertura y habilitaci\u00f3n de la Expo.<\/strong> A las 14 horas ser\u00e1 tambi\u00e9n el inicio de las actividades especiales, en este caso con la puesta en marcha de la charla \u201cGanader\u00eda Sostenible: Claves para Reducir la Huella de Carbono y Mitigar el Cambio Clim\u00e1tico\u201d, que ser\u00e1 presidida por el ingeniero agr\u00f3nomo del INTA Paulo Recabarren.<\/p>\n\n\n\n<p><\/p>\n\n\n\n<p>A partir de las 17:30 horas comenzar\u00e1n las actividades de cierre, que tendr\u00e1n como show principal la presentaci\u00f3n del grupo <strong>Herederos.<\/strong><\/p>\n","protected":false},"excerpt":{"rendered":"<p>El secretario de Desarrollo Econ\u00f3mico Gast\u00f3n Sarachu destac\u00f3 que se busca mostrar la diversidad productiva del Partido. Ser\u00e1 la primera<\/p>\n","protected":false},"author":2,"featured_media":125204,"comment_status":"closed","ping_status":"closed","sticky":false,"template":"","format":"standard","meta":{"_jetpack_memberships_contains_paid_content":false,"footnotes":""},"categories":[5,1],"tags":[],"class_list":["post-125200","post","type-post","status-publish","format-standard","has-post-thumbnail","hentry","category-informacion-general","category-portada"],"jetpack_featured_media_url":"https:\/\/i0.wp.com\/cdnoticias.com\/wp-content\/uploads\/2024\/09\/sarachu-gaston.jpg?fit=800%2C445&ssl=1","jetpack_sharing_enabled":true,"_links":{"self":[{"href":"https:\/\/cdnoticias.com\/index.php\/wp-json\/wp\/v2\/posts\/125200","targetHints":{"allow":["GET"]}}],"collection":[{"href":"https:\/\/cdnoticias.com\/index.php\/wp-json\/wp\/v2\/posts"}],"about":[{"href":"https:\/\/cdnoticias.com\/index.php\/wp-json\/wp\/v2\/types\/post"}],"author":[{"embeddable":true,"href":"https:\/\/cdnoticias.com\/index.php\/wp-json\/wp\/v2\/users\/2"}],"replies":[{"embeddable":true,"href":"https:\/\/cdnoticias.com\/index.php\/wp-json\/wp\/v2\/comments?post=125200"}],"version-history":[{"count":0,"href":"https:\/\/cdnoticias.com\/index.php\/wp-json\/wp\/v2\/posts\/125200\/revisions"}],"wp:featuredmedia":[{"embeddable":true,"href":"https:\/\/cdnoticias.com\/index.php\/wp-json\/wp\/v2\/media\/125204"}],"wp:attachment":[{"href":"https:\/\/cdnoticias.com\/index.php\/wp-json\/wp\/v2\/media?parent=125200"}],"wp:term":[{"taxonomy":"category","embeddable":true,"href":"https:\/\/cdnoticias.com\/index.php\/wp-json\/wp\/v2\/categories?post=125200"},{"taxonomy":"post_tag","embeddable":true,"href":"https:\/\/cdnoticias.com\/index.php\/wp-json\/wp\/v2\/tags?post=125200"}],"curies":[{"name":"wp","href":"https:\/\/api.w.org\/{rel}","templated":true}]}}