{"id":125152,"date":"2024-09-11T20:45:57","date_gmt":"2024-09-11T23:45:57","guid":{"rendered":"https:\/\/cdnoticias.com\/?p=125152"},"modified":"2024-09-11T21:10:58","modified_gmt":"2024-09-12T00:10:58","slug":"paritarias-municipales-el-stmo-rechazo-el-ofrecimiento-del-4-de-suba-salarial","status":"publish","type":"post","link":"https:\/\/cdnoticias.com\/index.php\/2024\/09\/11\/paritarias-municipales-el-stmo-rechazo-el-ofrecimiento-del-4-de-suba-salarial\/","title":{"rendered":"Paritarias municipales: el STMO rechaz\u00f3 el ofrecimiento del 4% de suba salarial"},"content":{"rendered":"\n<p>Fue en una asamblea desarrollada en la tarde de este mi\u00e9rcoles. Ser\u00e1 notificado en la reuni\u00f3n de este jueves por la tarde en el Ministerio de Trabajo.<\/p>\n\n\n\n<hr class=\"wp-block-separator aligncenter has-alpha-channel-opacity\"\/>\n\n\n\n<p>Este mi\u00e9rcoles por la tarde,<strong> el Sindicato de Trabajadores Municipales anunci\u00f3 que, tras una asamblea con delegados, rechazar\u00e1 el ofrecimiento de suba del 4% en los salarios ofrecido por el Municipio.<\/strong><\/p>\n\n\n\n<p>El encuentro fue en la sede del sindicato, encabezado por el secretario general Jos\u00e9 Salvador Stuppia. Destacaron \u201cuna important\u00edsima asistencia de integrantes del cuerpo de delegados, afiliados y afiliadas\u201d.<\/p>\n\n\n\n<p><strong>Destacaron como tema de asamblea<\/strong> <em>\u201cla p\u00e9rdida de poder adquisitivo, el brutal ajuste que ha llevado adelante la gesti\u00f3n Wesner en su primer tramo de gesti\u00f3n y los salarios de pobreza e indigencia de los trabajadores y trabajadoras municipales estuvieron en el centro de la escena\u201d.<\/em><\/p>\n\n\n\n<p>Luego de la lectura del estado de situaci\u00f3n planteado por el gremio realizada por el asesor econ\u00f3mico Sergio Milesi, h<strong>ubo micr\u00f3fono abierto y los trabajadores relataron la situaci\u00f3n que atraviesan. <\/strong><em>\u201cTambi\u00e9n le pusieron voz a su dificil\u00edsimo momento los representantes del Centro de Jubilados y Pensionados Municipales de Olavarr\u00eda\u201d<\/em> indicaron.<\/p>\n\n\n\n<p>De forma un\u00e1nima, <strong>decidieron rechazar la propuesta de suba salarial del 4% ofrecida por el Departamento Ejecutivo, una resoluci\u00f3n que ser\u00e1 notificada en el encuentro que las partes tendr\u00e1n este jueves a las 17:00 horas en el Ministerio de Trabajo.<\/strong><\/p>\n","protected":false},"excerpt":{"rendered":"<p>Fue en una asamblea desarrollada en la tarde de este mi\u00e9rcoles. Ser\u00e1 notificado en la reuni\u00f3n de este jueves por<\/p>\n","protected":false},"author":2,"featured_media":125153,"comment_status":"closed","ping_status":"closed","sticky":false,"template":"","format":"standard","meta":{"_jetpack_memberships_contains_paid_content":false,"footnotes":""},"categories":[4,1],"tags":[],"class_list":["post-125152","post","type-post","status-publish","format-standard","has-post-thumbnail","hentry","category-politica","category-portada"],"jetpack_featured_media_url":"https:\/\/i0.wp.com\/cdnoticias.com\/wp-content\/uploads\/2024\/09\/asamblea-stmo.jpg?fit=1440%2C754&ssl=1","jetpack_sharing_enabled":true,"_links":{"self":[{"href":"https:\/\/cdnoticias.com\/index.php\/wp-json\/wp\/v2\/posts\/125152","targetHints":{"allow":["GET"]}}],"collection":[{"href":"https:\/\/cdnoticias.com\/index.php\/wp-json\/wp\/v2\/posts"}],"about":[{"href":"https:\/\/cdnoticias.com\/index.php\/wp-json\/wp\/v2\/types\/post"}],"author":[{"embeddable":true,"href":"https:\/\/cdnoticias.com\/index.php\/wp-json\/wp\/v2\/users\/2"}],"replies":[{"embeddable":true,"href":"https:\/\/cdnoticias.com\/index.php\/wp-json\/wp\/v2\/comments?post=125152"}],"version-history":[{"count":0,"href":"https:\/\/cdnoticias.com\/index.php\/wp-json\/wp\/v2\/posts\/125152\/revisions"}],"wp:featuredmedia":[{"embeddable":true,"href":"https:\/\/cdnoticias.com\/index.php\/wp-json\/wp\/v2\/media\/125153"}],"wp:attachment":[{"href":"https:\/\/cdnoticias.com\/index.php\/wp-json\/wp\/v2\/media?parent=125152"}],"wp:term":[{"taxonomy":"category","embeddable":true,"href":"https:\/\/cdnoticias.com\/index.php\/wp-json\/wp\/v2\/categories?post=125152"},{"taxonomy":"post_tag","embeddable":true,"href":"https:\/\/cdnoticias.com\/index.php\/wp-json\/wp\/v2\/tags?post=125152"}],"curies":[{"name":"wp","href":"https:\/\/api.w.org\/{rel}","templated":true}]}}