{"id":125146,"date":"2024-09-11T19:52:47","date_gmt":"2024-09-11T22:52:47","guid":{"rendered":"https:\/\/cdnoticias.com\/?p=125146"},"modified":"2024-09-11T20:46:28","modified_gmt":"2024-09-11T23:46:28","slug":"presentaron-el-felco-2024-este-festival-es-un-acto-de-resistencia","status":"publish","type":"post","link":"https:\/\/cdnoticias.com\/index.php\/2024\/09\/11\/presentaron-el-felco-2024-este-festival-es-un-acto-de-resistencia\/","title":{"rendered":"Presentaron el FeLCO 2024: &#8220;este Festival es un acto de resistencia&#8221;"},"content":{"rendered":"\n<p>La segunda edici\u00f3n del Festival Latinoamericano de Cortometrajes de Olavarr\u00eda se desarrollar\u00e1 el s\u00e1bado 14 y domingo 15 de septiembre. El acto de apertura es el s\u00e1bado a las 16 en el Teatro Municipal. Entrada libre y gratuita.<\/p>\n\n\n\n<hr class=\"wp-block-separator aligncenter has-alpha-channel-opacity\"\/>\n\n\n\n<p>En la sede del Centro de Empleados de Comercio de Olavarr\u00eda, este mi\u00e9rcoles se present\u00f3<strong> la segunda edici\u00f3n del FeLCO. Se realizar\u00e1 en el Teatro Municipal y en distintos espacios de la ciudad. Los d\u00edas 14 y 15 de septiembre. El acto de apertura es el s\u00e1bado a las 16 horas.<\/strong><\/p>\n\n\n\n<p><strong>Sebastian Magallanes y Roberto Vecchi, sus organizadores,<\/strong> encabezaron este mi\u00e9rcoles una conferencia de prensa. Estuvieron acompa\u00f1ados por la directora de Gesti\u00f3n Cultural del Municipio Sof\u00eda Ar\u00e9valo y Carolina Santell\u00e1n, en representaci\u00f3n del CECO.<\/p>\n\n\n\n<figure class=\"wp-block-image size-large\"><img data-recalc-dims=\"1\" loading=\"lazy\" decoding=\"async\" width=\"800\" height=\"533\" src=\"https:\/\/i0.wp.com\/cdnoticias.com\/wp-content\/uploads\/2024\/09\/WhatsApp-Image-2024-09-11-at-19.00.12.jpeg?resize=800%2C533&#038;ssl=1\" alt=\"\" class=\"wp-image-125150\" srcset=\"https:\/\/i0.wp.com\/cdnoticias.com\/wp-content\/uploads\/2024\/09\/WhatsApp-Image-2024-09-11-at-19.00.12.jpeg?resize=1024%2C682&amp;ssl=1 1024w, https:\/\/i0.wp.com\/cdnoticias.com\/wp-content\/uploads\/2024\/09\/WhatsApp-Image-2024-09-11-at-19.00.12.jpeg?resize=300%2C200&amp;ssl=1 300w, https:\/\/i0.wp.com\/cdnoticias.com\/wp-content\/uploads\/2024\/09\/WhatsApp-Image-2024-09-11-at-19.00.12.jpeg?resize=768%2C512&amp;ssl=1 768w, https:\/\/i0.wp.com\/cdnoticias.com\/wp-content\/uploads\/2024\/09\/WhatsApp-Image-2024-09-11-at-19.00.12.jpeg?resize=1536%2C1023&amp;ssl=1 1536w, https:\/\/i0.wp.com\/cdnoticias.com\/wp-content\/uploads\/2024\/09\/WhatsApp-Image-2024-09-11-at-19.00.12.jpeg?resize=272%2C182&amp;ssl=1 272w, https:\/\/i0.wp.com\/cdnoticias.com\/wp-content\/uploads\/2024\/09\/WhatsApp-Image-2024-09-11-at-19.00.12.jpeg?w=1600&amp;ssl=1 1600w\" sizes=\"auto, (max-width: 800px) 100vw, 800px\" \/><\/figure>\n\n\n\n<p><em><strong>&#8220;Estamos muy emocionados con esta nueva edici\u00f3n. Los participantes van a poder ver historias muy personales y movilizantes&#8221;<\/strong><\/em> expresaron sus organizadores.<\/p>\n\n\n\n<p>En esa misma l\u00ednea destacaron que <em><strong>&#8220;recibimos mucho material de Olavarr\u00eda, producciones por fuera de los circuitos conocidos&#8221;.<\/strong><\/em><\/p>\n\n\n\n<figure class=\"wp-block-image size-large\"><img data-recalc-dims=\"1\" loading=\"lazy\" decoding=\"async\" width=\"800\" height=\"533\" src=\"https:\/\/i0.wp.com\/cdnoticias.com\/wp-content\/uploads\/2024\/09\/WhatsApp-Image-2024-09-11-at-19.00.13-1.jpeg?resize=800%2C533&#038;ssl=1\" alt=\"\" class=\"wp-image-125147\" srcset=\"https:\/\/i0.wp.com\/cdnoticias.com\/wp-content\/uploads\/2024\/09\/WhatsApp-Image-2024-09-11-at-19.00.13-1.jpeg?resize=1024%2C682&amp;ssl=1 1024w, https:\/\/i0.wp.com\/cdnoticias.com\/wp-content\/uploads\/2024\/09\/WhatsApp-Image-2024-09-11-at-19.00.13-1.jpeg?resize=300%2C200&amp;ssl=1 300w, https:\/\/i0.wp.com\/cdnoticias.com\/wp-content\/uploads\/2024\/09\/WhatsApp-Image-2024-09-11-at-19.00.13-1.jpeg?resize=768%2C512&amp;ssl=1 768w, https:\/\/i0.wp.com\/cdnoticias.com\/wp-content\/uploads\/2024\/09\/WhatsApp-Image-2024-09-11-at-19.00.13-1.jpeg?resize=1536%2C1023&amp;ssl=1 1536w, https:\/\/i0.wp.com\/cdnoticias.com\/wp-content\/uploads\/2024\/09\/WhatsApp-Image-2024-09-11-at-19.00.13-1.jpeg?resize=272%2C182&amp;ssl=1 272w, https:\/\/i0.wp.com\/cdnoticias.com\/wp-content\/uploads\/2024\/09\/WhatsApp-Image-2024-09-11-at-19.00.13-1.jpeg?w=1600&amp;ssl=1 1600w\" sizes=\"auto, (max-width: 800px) 100vw, 800px\" \/><\/figure>\n\n\n\n<blockquote class=\"wp-block-quote is-layout-flow wp-block-quote-is-layout-flow\">\n<p>&#8220;Este es una Festival para ver, disfrutar y hacer, por eso hay un taller de animaci\u00f3n Stop Motion y otro de Gui\u00f3n y Montaje&#8221; detall\u00f3 Vecchi.<\/p>\n<\/blockquote>\n\n\n\n<p><em><strong>&#8220;Este Festival es un acto de resistencia frente a un contexto que busca debilitar a la industria y a la gente&#8221; <\/strong><\/em>indic\u00f3 Magallanes.<\/p>\n\n\n\n<p><strong>Adem\u00e1s de los talleres, habr\u00e1 paneles, proyecciones en las localidades y visionado accesible para personas no oyentes con el acompa\u00f1amiento de un int\u00e9rprete en lengua de se\u00f1as.<\/strong><\/p>\n\n\n\n<figure class=\"wp-block-image size-large\"><img data-recalc-dims=\"1\" loading=\"lazy\" decoding=\"async\" width=\"800\" height=\"533\" src=\"https:\/\/i0.wp.com\/cdnoticias.com\/wp-content\/uploads\/2024\/09\/WhatsApp-Image-2024-09-11-at-19.00.13.jpeg?resize=800%2C533&#038;ssl=1\" alt=\"\" class=\"wp-image-125148\" srcset=\"https:\/\/i0.wp.com\/cdnoticias.com\/wp-content\/uploads\/2024\/09\/WhatsApp-Image-2024-09-11-at-19.00.13.jpeg?resize=1024%2C682&amp;ssl=1 1024w, https:\/\/i0.wp.com\/cdnoticias.com\/wp-content\/uploads\/2024\/09\/WhatsApp-Image-2024-09-11-at-19.00.13.jpeg?resize=300%2C200&amp;ssl=1 300w, https:\/\/i0.wp.com\/cdnoticias.com\/wp-content\/uploads\/2024\/09\/WhatsApp-Image-2024-09-11-at-19.00.13.jpeg?resize=768%2C512&amp;ssl=1 768w, https:\/\/i0.wp.com\/cdnoticias.com\/wp-content\/uploads\/2024\/09\/WhatsApp-Image-2024-09-11-at-19.00.13.jpeg?resize=1536%2C1023&amp;ssl=1 1536w, https:\/\/i0.wp.com\/cdnoticias.com\/wp-content\/uploads\/2024\/09\/WhatsApp-Image-2024-09-11-at-19.00.13.jpeg?resize=272%2C182&amp;ssl=1 272w, https:\/\/i0.wp.com\/cdnoticias.com\/wp-content\/uploads\/2024\/09\/WhatsApp-Image-2024-09-11-at-19.00.13.jpeg?w=1600&amp;ssl=1 1600w\" sizes=\"auto, (max-width: 800px) 100vw, 800px\" \/><\/figure>\n\n\n\n<p>Todo el cronograma se actividades<a href=\"http:\/\/www.festivaldecortosolavarria.com.ar\/2024\"> se puede encontrar en el siguiente link.<\/a><\/p>\n\n\n\n<p><em>&#8220;Estamos seguros que el nivel de producciones de esta edici\u00f3n les va a gustar much\u00edsimo a los participantes. Hay historias de todo tipo, g\u00e9neros de los m\u00e1s variados&#8221;<\/em> contaron.<\/p>\n\n\n\n<p>El domingo a la noche, tras la entrega de premios,<strong> la Sinf\u00f3nica Municipal de Olavarr\u00eda cerrar\u00e1 el evento.<\/strong><\/p>\n\n\n\n<p>Todas las novedades se pueden encontrar en<strong> el sitio web del FeLCO y en Instagram (@festivaldecortosolavarria)<\/strong><\/p>\n","protected":false},"excerpt":{"rendered":"<p>La segunda edici\u00f3n del Festival Latinoamericano de Cortometrajes de Olavarr\u00eda se desarrollar\u00e1 el s\u00e1bado 14 y domingo 15 de septiembre.<\/p>\n","protected":false},"author":2,"featured_media":125149,"comment_status":"closed","ping_status":"closed","sticky":false,"template":"","format":"standard","meta":{"_jetpack_memberships_contains_paid_content":false,"footnotes":""},"categories":[9,1],"tags":[],"class_list":["post-125146","post","type-post","status-publish","format-standard","has-post-thumbnail","hentry","category-cultura","category-portada"],"jetpack_featured_media_url":"https:\/\/i0.wp.com\/cdnoticias.com\/wp-content\/uploads\/2024\/09\/WhatsApp-Image-2024-09-11-at-19.00.12-1.jpeg?fit=1600%2C1066&ssl=1","jetpack_sharing_enabled":true,"_links":{"self":[{"href":"https:\/\/cdnoticias.com\/index.php\/wp-json\/wp\/v2\/posts\/125146","targetHints":{"allow":["GET"]}}],"collection":[{"href":"https:\/\/cdnoticias.com\/index.php\/wp-json\/wp\/v2\/posts"}],"about":[{"href":"https:\/\/cdnoticias.com\/index.php\/wp-json\/wp\/v2\/types\/post"}],"author":[{"embeddable":true,"href":"https:\/\/cdnoticias.com\/index.php\/wp-json\/wp\/v2\/users\/2"}],"replies":[{"embeddable":true,"href":"https:\/\/cdnoticias.com\/index.php\/wp-json\/wp\/v2\/comments?post=125146"}],"version-history":[{"count":0,"href":"https:\/\/cdnoticias.com\/index.php\/wp-json\/wp\/v2\/posts\/125146\/revisions"}],"wp:featuredmedia":[{"embeddable":true,"href":"https:\/\/cdnoticias.com\/index.php\/wp-json\/wp\/v2\/media\/125149"}],"wp:attachment":[{"href":"https:\/\/cdnoticias.com\/index.php\/wp-json\/wp\/v2\/media?parent=125146"}],"wp:term":[{"taxonomy":"category","embeddable":true,"href":"https:\/\/cdnoticias.com\/index.php\/wp-json\/wp\/v2\/categories?post=125146"},{"taxonomy":"post_tag","embeddable":true,"href":"https:\/\/cdnoticias.com\/index.php\/wp-json\/wp\/v2\/tags?post=125146"}],"curies":[{"name":"wp","href":"https:\/\/api.w.org\/{rel}","templated":true}]}}