{"id":125138,"date":"2024-09-11T19:40:31","date_gmt":"2024-09-11T22:40:31","guid":{"rendered":"https:\/\/cdnoticias.com\/?p=125138"},"modified":"2024-09-12T17:50:45","modified_gmt":"2024-09-12T20:50:45","slug":"tension-y-represion-frente-al-congreso-tras-la-confirmacion-del-veto-de-milei-a-la-ley-de-movilidad-jubilatoria","status":"publish","type":"post","link":"https:\/\/cdnoticias.com\/index.php\/2024\/09\/11\/tension-y-represion-frente-al-congreso-tras-la-confirmacion-del-veto-de-milei-a-la-ley-de-movilidad-jubilatoria\/","title":{"rendered":"Represi\u00f3n frente al Congreso tras la confirmaci\u00f3n del veto de Milei a la ley de movilidad jubilatoria"},"content":{"rendered":"\n<p>Los incidentes se registraron por la tarde, despu\u00e9s de que la C\u00e1mara Baja convalid\u00f3 el veto presidencial. Durante la protesta hubo 16 heridos y 3 personas fueron detenidas.<\/p>\n\n\n\n<hr class=\"wp-block-separator aligncenter has-alpha-channel-opacity\"\/>\n\n\n\n<p><strong>Organizaciones de jubilados, la CGT, movimientos sociales y hasta periodistas fueron reprimidos <\/strong>este mi\u00e9rcoles <strong>en las inmediaciones del Congreso <\/strong>tras la ratificaci\u00f3n de la C\u00e1mara de Diputados del veto del presidente Javier Milei a la ley de movilidad jubilatoria.<\/p>\n\n\n\n<p><\/p>\n\n\n\n<p>Si bien el clima de tensi\u00f3n se vivi\u00f3 durante toda la ma\u00f1ana, los incidentes se registraron por la tarde, despu\u00e9s de que la C\u00e1mara Baja convalid\u00f3 el veto presidencial. <strong>Los manifestantes fueron reprimidos con gases lacrim\u00f3genos por la Polic\u00eda Federal.<\/strong><\/p>\n\n\n\n<p><\/p>\n\n\n\n<figure class=\"wp-block-image aligncenter size-full\"><img data-recalc-dims=\"1\" loading=\"lazy\" decoding=\"async\" width=\"800\" height=\"439\" src=\"https:\/\/i0.wp.com\/cdnoticias.com\/wp-content\/uploads\/2024\/09\/represion-marcha-jubilados-veto1.png?resize=800%2C439&#038;ssl=1\" alt=\"\" class=\"wp-image-125140\" srcset=\"https:\/\/i0.wp.com\/cdnoticias.com\/wp-content\/uploads\/2024\/09\/represion-marcha-jubilados-veto1.png?w=884&amp;ssl=1 884w, https:\/\/i0.wp.com\/cdnoticias.com\/wp-content\/uploads\/2024\/09\/represion-marcha-jubilados-veto1.png?resize=300%2C165&amp;ssl=1 300w, https:\/\/i0.wp.com\/cdnoticias.com\/wp-content\/uploads\/2024\/09\/represion-marcha-jubilados-veto1.png?resize=768%2C421&amp;ssl=1 768w\" sizes=\"auto, (max-width: 800px) 100vw, 800px\" \/><\/figure>\n\n\n\n<p><\/p>\n\n\n\n<p>&#8220;No hay mucho m\u00e1s para decir, las im\u00e1genes son claras. Ten\u00edamos la informaci\u00f3n de que iban a generar desmanes&#8221;, sostuvo al respecto una alta fuente de la Casa Rosada ante la consulta de la Agencia Noticias Argentinas. La misma fuente consider\u00f3 que la sesi\u00f3n &#8220;no se debi\u00f3 realizar&#8221; porque la oposici\u00f3n &#8220;no ten\u00eda los votos y era probable que existieran disturbios&#8221;.<\/p>\n\n\n\n<p><\/p>\n\n\n\n<figure class=\"wp-block-image aligncenter size-full\"><img data-recalc-dims=\"1\" loading=\"lazy\" decoding=\"async\" width=\"800\" height=\"453\" src=\"https:\/\/i0.wp.com\/cdnoticias.com\/wp-content\/uploads\/2024\/09\/represion-marcha-jubilados-veto4.png?resize=800%2C453&#038;ssl=1\" alt=\"\" class=\"wp-image-125143\" srcset=\"https:\/\/i0.wp.com\/cdnoticias.com\/wp-content\/uploads\/2024\/09\/represion-marcha-jubilados-veto4.png?w=860&amp;ssl=1 860w, https:\/\/i0.wp.com\/cdnoticias.com\/wp-content\/uploads\/2024\/09\/represion-marcha-jubilados-veto4.png?resize=300%2C170&amp;ssl=1 300w, https:\/\/i0.wp.com\/cdnoticias.com\/wp-content\/uploads\/2024\/09\/represion-marcha-jubilados-veto4.png?resize=768%2C435&amp;ssl=1 768w\" sizes=\"auto, (max-width: 800px) 100vw, 800px\" \/><\/figure>\n\n\n\n<p><\/p>\n\n\n\n<p>La protesta se realiz\u00f3 frente al anexo del Parlamento en la Plaza Congreso, ubicado sobre la avenida Entre R\u00edos entre Callao e Hip\u00f3lito Yrigoyen.<\/p>\n\n\n\n<p><\/p>\n\n\n\n<blockquote class=\"wp-block-quote is-layout-flow wp-block-quote-is-layout-flow\">\n<p>En tanto, fuentes oficiales indicaron que durante las protestas se asistieron a 16 personas por distintas heridas y que 3 resultaron internadas. Adem\u00e1s, hubo 3 detenciones, de las cuales ya se identific\u00f3 a uno de los aprehendidos.<\/p>\n<\/blockquote>\n\n\n\n<p><\/p>\n\n\n\n<p>La cartera de Seguridad ten\u00eda desplegado un<strong> megaoperativo con fuerzas federales <\/strong>para evitar el corte de arterias y la circulaci\u00f3n vehicular. Estuvieron apostados<strong> efectivos de la Polic\u00eda Federal, la Prefectura Naval, la Gendarmer\u00eda y la Polic\u00eda de Seguridad Aeroportuaria<\/strong>.<\/p>\n\n\n\n<p><\/p>\n\n\n\n<figure class=\"wp-block-image aligncenter size-full\"><img data-recalc-dims=\"1\" loading=\"lazy\" decoding=\"async\" width=\"800\" height=\"423\" src=\"https:\/\/i0.wp.com\/cdnoticias.com\/wp-content\/uploads\/2024\/09\/represion-marcha-jubilados-veto.png?resize=800%2C423&#038;ssl=1\" alt=\"\" class=\"wp-image-125139\" srcset=\"https:\/\/i0.wp.com\/cdnoticias.com\/wp-content\/uploads\/2024\/09\/represion-marcha-jubilados-veto.png?w=881&amp;ssl=1 881w, https:\/\/i0.wp.com\/cdnoticias.com\/wp-content\/uploads\/2024\/09\/represion-marcha-jubilados-veto.png?resize=300%2C159&amp;ssl=1 300w, https:\/\/i0.wp.com\/cdnoticias.com\/wp-content\/uploads\/2024\/09\/represion-marcha-jubilados-veto.png?resize=768%2C406&amp;ssl=1 768w, https:\/\/i0.wp.com\/cdnoticias.com\/wp-content\/uploads\/2024\/09\/represion-marcha-jubilados-veto.png?resize=390%2C205&amp;ssl=1 390w\" sizes=\"auto, (max-width: 800px) 100vw, 800px\" \/><\/figure>\n\n\n\n<p><\/p>\n\n\n\n<p>El operativo especial diagramado por el <strong>Ministerio a cargo de Patricia Bullrich <\/strong>se aplic\u00f3 en coordinaci\u00f3n con la Ciudad de Buenos Aires, que puso a disposici\u00f3n a oficiales de la polic\u00eda porte\u00f1a.<\/p>\n\n\n\n<p><\/p>\n\n\n\n<figure class=\"wp-block-image aligncenter size-full\"><img data-recalc-dims=\"1\" loading=\"lazy\" decoding=\"async\" width=\"800\" height=\"485\" src=\"https:\/\/i0.wp.com\/cdnoticias.com\/wp-content\/uploads\/2024\/09\/represion-marcha-jubilados-veto2.png?resize=800%2C485&#038;ssl=1\" alt=\"\" class=\"wp-image-125141\" srcset=\"https:\/\/i0.wp.com\/cdnoticias.com\/wp-content\/uploads\/2024\/09\/represion-marcha-jubilados-veto2.png?w=885&amp;ssl=1 885w, https:\/\/i0.wp.com\/cdnoticias.com\/wp-content\/uploads\/2024\/09\/represion-marcha-jubilados-veto2.png?resize=300%2C182&amp;ssl=1 300w, https:\/\/i0.wp.com\/cdnoticias.com\/wp-content\/uploads\/2024\/09\/represion-marcha-jubilados-veto2.png?resize=768%2C466&amp;ssl=1 768w\" sizes=\"auto, (max-width: 800px) 100vw, 800px\" \/><\/figure>\n\n\n\n<p><\/p>\n\n\n\n<p>Adhirieron a la convocatoria la Uni\u00f3n Trabajadores de la Econom\u00eda Popular (UTEP), el Movimiento Evita; Barrios de Pie, La Corriente Clasista y Combativa (CCC) y el Movimiento de Trabajadores Excluidos de Juan Grabois.<\/p>\n\n\n\n<p><\/p>\n\n\n\n<p><em>Fuente: Noticias Argentinas<\/em><\/p>\n\n\n\n<p><em>Fotograf\u00edas: La Garganta Poderosa y TomiFCuesta <\/em><\/p>\n","protected":false},"excerpt":{"rendered":"<p>Los incidentes se registraron por la tarde, despu\u00e9s de que la C\u00e1mara Baja convalid\u00f3 el veto presidencial. Durante la protesta<\/p>\n","protected":false},"author":6,"featured_media":125142,"comment_status":"closed","ping_status":"closed","sticky":false,"template":"","format":"standard","meta":{"_jetpack_memberships_contains_paid_content":false,"footnotes":""},"categories":[6,1],"tags":[],"class_list":["post-125138","post","type-post","status-publish","format-standard","has-post-thumbnail","hentry","category-nacionales","category-portada"],"jetpack_featured_media_url":"https:\/\/i0.wp.com\/cdnoticias.com\/wp-content\/uploads\/2024\/09\/represion-marcha-jubilados-veto3.jpg?fit=900%2C555&ssl=1","jetpack_sharing_enabled":true,"_links":{"self":[{"href":"https:\/\/cdnoticias.com\/index.php\/wp-json\/wp\/v2\/posts\/125138","targetHints":{"allow":["GET"]}}],"collection":[{"href":"https:\/\/cdnoticias.com\/index.php\/wp-json\/wp\/v2\/posts"}],"about":[{"href":"https:\/\/cdnoticias.com\/index.php\/wp-json\/wp\/v2\/types\/post"}],"author":[{"embeddable":true,"href":"https:\/\/cdnoticias.com\/index.php\/wp-json\/wp\/v2\/users\/6"}],"replies":[{"embeddable":true,"href":"https:\/\/cdnoticias.com\/index.php\/wp-json\/wp\/v2\/comments?post=125138"}],"version-history":[{"count":0,"href":"https:\/\/cdnoticias.com\/index.php\/wp-json\/wp\/v2\/posts\/125138\/revisions"}],"wp:featuredmedia":[{"embeddable":true,"href":"https:\/\/cdnoticias.com\/index.php\/wp-json\/wp\/v2\/media\/125142"}],"wp:attachment":[{"href":"https:\/\/cdnoticias.com\/index.php\/wp-json\/wp\/v2\/media?parent=125138"}],"wp:term":[{"taxonomy":"category","embeddable":true,"href":"https:\/\/cdnoticias.com\/index.php\/wp-json\/wp\/v2\/categories?post=125138"},{"taxonomy":"post_tag","embeddable":true,"href":"https:\/\/cdnoticias.com\/index.php\/wp-json\/wp\/v2\/tags?post=125138"}],"curies":[{"name":"wp","href":"https:\/\/api.w.org\/{rel}","templated":true}]}}