{"id":125126,"date":"2024-09-11T18:30:32","date_gmt":"2024-09-11T21:30:32","guid":{"rendered":"https:\/\/cdnoticias.com\/?p=125126"},"modified":"2024-09-12T08:16:48","modified_gmt":"2024-09-12T11:16:48","slug":"la-inflacion-de-agosto-fue-42-un-numero-por-encima-de-lo-esperado","status":"publish","type":"post","link":"https:\/\/cdnoticias.com\/index.php\/2024\/09\/11\/la-inflacion-de-agosto-fue-42-un-numero-por-encima-de-lo-esperado\/","title":{"rendered":"La inflaci\u00f3n de agosto fue 4,2%, un n\u00famero por encima de lo esperado"},"content":{"rendered":"\n<p>El gobierno esperaba un n\u00famero por debajo de esa cifra pero parece haber un estancamiento que lleva ya cuatro meses, la mitad de la gesti\u00f3n de Luis Caputo.<\/p>\n\n\n\n<hr class=\"wp-block-separator aligncenter has-alpha-channel-opacity\"\/>\n\n\n\n<p>El \u00cdndice de Precios al Consumir (IPC) que public\u00f3 el Instituto Nacional de Estad\u00edsticas y Censo (Indec) <strong>fue del 4,2% para agosto,<\/strong> lo que marca <strong>un nivel de inflaci\u00f3n mayor al que esperaba el gobierno <\/strong>e indica un a<strong>cumulado de suba de precios del 94,8% en lo que va del a\u00f1o y del 236,7% en los \u00faltimos doce meses.<\/strong><\/p>\n\n\n\n<p><\/p>\n\n\n\n<p>El nivel de aumento de precios es superior al que esperaba el gobierno, donde <strong>hablaban de un \u00edndice por debajo del 4%<\/strong> y del que marcaron los consultores relevados por el \u00cdndice de Expectativas de Mercado del Banco Central, que pronosticaron un 3,9%.<\/p>\n\n\n\n<p><\/p>\n\n\n\n<p>En un comunicado, el ministerio de Econom\u00eda argument\u00f3 que es el cuarto mes consecutivo que el ICP experimenta un descenso si se lo mide en forma interanual.<\/p>\n\n\n\n<p><\/p>\n\n\n\n<p><em>\u201cPara analizar la din\u00e1mica del proceso de desinflaci\u00f3n y extraer tendencias m\u00e1s all\u00e1 de la volatilidad de corto plazo, resulta \u00fatil analizar el comportamiento de las medias m\u00f3viles de las variaciones del IPC\u201d <\/em>explicaron.<\/p>\n\n\n\n<p><\/p>\n\n\n\n<p>\u201cEste an\u00e1lisis es consistente con una continuidad en el proceso de desinflaci\u00f3n, con la media m\u00f3vil de tres meses de la variaci\u00f3n del IPC Nacional ubic\u00e1ndose, junto a la del mes anterior, en el menor nivel desde febrero de 2022, y la de seis meses, resultando la m\u00e1s baja desde marzo de 2023\u2033, agregaron.<\/p>\n\n\n\n<p><\/p>\n\n\n\n<blockquote class=\"wp-block-quote is-layout-flow wp-block-quote-is-layout-flow\">\n<p>Sin embargo, el \u00edndice marca un estancamiento en el orden del 4% si se hace la comparaci\u00f3n mes a mes: en abril hab\u00eda sido 8,8%, pero despu\u00e9s marc\u00f3 4,2% en mayo, 4,6% en junio; 4% en julio y ahora 4,2%.<\/p>\n<\/blockquote>\n\n\n\n<p><\/p>\n\n\n\n<p>La cifra, como anticiparon economista ortodoxos \u2013Domingo Cavallo fue uno de ellos- tiende a constituirse en un piso, que convive con una ca\u00edda pronunciada de indicadores de actividad y consumo.<\/p>\n\n\n\n<p><\/p>\n\n\n\n<blockquote class=\"wp-block-quote is-layout-flow wp-block-quote-is-layout-flow\">\n<p>En ese marco, la divisi\u00f3n de mayor aumento en el mes fue Vivienda, agua, electricidad y otros combustibles (7%) por las subas en Alquiler de la vivienda y gastos conexos, Suministro de agua y Electricidad, gas y otros combustibles.<\/p>\n<\/blockquote>\n\n\n\n<p><\/p>\n\n\n\n<p>Le siguieron <strong>Educaci\u00f3n (6,6%), <\/strong>por el alza en los distintos niveles y tipos de ense\u00f1anza; y <strong>Transporte (5,1%), <\/strong>por los incrementos en el transporte p\u00fablico. El cap\u00edtulo de <strong>alimentos y bebidas mostr\u00f3 un avance de 3,6%, <\/strong>por debajo del nivel general.<\/p>\n\n\n\n<p><\/p>\n\n\n\n<p class=\"has-medium-font-size\"><strong>El nivel de pobreza<\/strong><\/p>\n\n\n\n<p>Con esas cifras, en tanto,<strong> la Canasta B\u00e1sica Total (CBT), <\/strong>que mide la l\u00ednea de pobreza, <strong>qued\u00f3 en $939.887 para un familia de cuatro integrantes, <\/strong>lo que implica una suba del 4,4%, por encima de la inflaci\u00f3n.<\/p>\n\n\n\n<p><\/p>\n\n\n\n<p>Eso es lo que debe ganar para pertenecer a la clase media. <strong>La canasta no incluye el alquiler, <\/strong>un gasto elevado para muchas familias. En tanto, la <strong>Canasta B\u00e1sica Alimentaria (CBA)<\/strong>, que determina el nivel de indigencia, <strong>qued\u00f3 en $421.474<\/strong>.<\/p>\n\n\n\n<p><\/p>\n\n\n\n<p>La CBT subi\u00f3 89,6% en lo que va del a\u00f1o y 230,1% en los \u00faltimos doce meses. Las necesidades para un adulto \u201cequivalente\u201d a esa cesta sumaron 304.170 peso, casi al mismo nivel que la jubilaci\u00f3n m\u00ednima, que est\u00e1 en los $304.540,23.<\/p>\n\n\n\n<p><\/p>\n\n\n\n<p><em>Fuente: DIB<\/em><\/p>\n","protected":false},"excerpt":{"rendered":"<p>El gobierno esperaba un n\u00famero por debajo de esa cifra pero parece haber un estancamiento que lleva ya cuatro meses,<\/p>\n","protected":false},"author":6,"featured_media":82368,"comment_status":"closed","ping_status":"closed","sticky":false,"template":"","format":"standard","meta":{"_jetpack_memberships_contains_paid_content":false,"footnotes":""},"categories":[6,1],"tags":[],"class_list":["post-125126","post","type-post","status-publish","format-standard","has-post-thumbnail","hentry","category-nacionales","category-portada"],"jetpack_featured_media_url":"https:\/\/i0.wp.com\/cdnoticias.com\/wp-content\/uploads\/2023\/04\/inflacion-e1747259672137.jpg?fit=696%2C408&ssl=1","jetpack_sharing_enabled":true,"_links":{"self":[{"href":"https:\/\/cdnoticias.com\/index.php\/wp-json\/wp\/v2\/posts\/125126","targetHints":{"allow":["GET"]}}],"collection":[{"href":"https:\/\/cdnoticias.com\/index.php\/wp-json\/wp\/v2\/posts"}],"about":[{"href":"https:\/\/cdnoticias.com\/index.php\/wp-json\/wp\/v2\/types\/post"}],"author":[{"embeddable":true,"href":"https:\/\/cdnoticias.com\/index.php\/wp-json\/wp\/v2\/users\/6"}],"replies":[{"embeddable":true,"href":"https:\/\/cdnoticias.com\/index.php\/wp-json\/wp\/v2\/comments?post=125126"}],"version-history":[{"count":0,"href":"https:\/\/cdnoticias.com\/index.php\/wp-json\/wp\/v2\/posts\/125126\/revisions"}],"wp:featuredmedia":[{"embeddable":true,"href":"https:\/\/cdnoticias.com\/index.php\/wp-json\/wp\/v2\/media\/82368"}],"wp:attachment":[{"href":"https:\/\/cdnoticias.com\/index.php\/wp-json\/wp\/v2\/media?parent=125126"}],"wp:term":[{"taxonomy":"category","embeddable":true,"href":"https:\/\/cdnoticias.com\/index.php\/wp-json\/wp\/v2\/categories?post=125126"},{"taxonomy":"post_tag","embeddable":true,"href":"https:\/\/cdnoticias.com\/index.php\/wp-json\/wp\/v2\/tags?post=125126"}],"curies":[{"name":"wp","href":"https:\/\/api.w.org\/{rel}","templated":true}]}}