{"id":125125,"date":"2024-09-11T18:17:18","date_gmt":"2024-09-11T21:17:18","guid":{"rendered":"https:\/\/cdnoticias.com\/?p=125125"},"modified":"2024-09-11T18:17:20","modified_gmt":"2024-09-11T21:17:20","slug":"diputados-ratifico-el-veto-del-presidente-milei-a-la-ley-de-movilidad-jubilatoria","status":"publish","type":"post","link":"https:\/\/cdnoticias.com\/index.php\/2024\/09\/11\/diputados-ratifico-el-veto-del-presidente-milei-a-la-ley-de-movilidad-jubilatoria\/","title":{"rendered":"Diputados ratific\u00f3 el veto del presidente Milei a la Ley de Movilidad Jubilatoria"},"content":{"rendered":"\n<p>Hab\u00eda sido sancionada por la oposici\u00f3n semanas atr\u00e1s. La particularidad es que la diferencia de los dos tercios se dio por el apoyo al veto de cinco diputados radicales, que fueron autores del proyecto y hab\u00edan votado a favor, sumada a la abstenci\u00f3n de Innovaci\u00f3n Federal.<\/p>\n\n\n\n<hr class=\"wp-block-separator aligncenter has-alpha-channel-opacity\"\/>\n\n\n\n<p>En una sesi\u00f3n caliente y en medio de una violenta represi\u00f3n fuera del Congreso,<strong> la C\u00e1mara de Diputados ratific\u00f3 esta tarde el veto del presidente Javier Milei a la ley de movilidad jubilatoria sancionada por la oposici\u00f3n y que buscaba aumentar los haberes del sector previsional.<\/strong><\/p>\n\n\n\n<p><strong>El oficialismo de La Libertad Avanza (LLA) logr\u00f3 imponer el veto presidencial pese a que la insistencia de la ley cosech\u00f3 m\u00e1s votos a favor que en contra<\/strong>: fueron 153 apoyos, 87 rechazos y 8 abstenciones.<\/p>\n\n\n\n<p>Para poder revertir el veto,<strong> la oposici\u00f3n necesitaba una mayor\u00eda de las dos terceras partes de los votos: al haber votado 248 diputados, se requer\u00edan 166 voluntades. Quedaron a 13 votos, a cierta distancia del objetivo de los dos tercios pero con una particularidad: cinco diputados radicales (autores del proyecto, vale decir) y el cambio del voto de los legisladores de Innovaci\u00f3n Federal que se abstuvieron (tras votar a favor) fueron claves para torcer la decisi\u00f3n.<\/strong><\/p>\n\n\n\n<p>Adem\u00e1s, este <strong>grupo de cinco diputados de la UCR que en la v\u00edspera se hab\u00eda reunido con Milei en la Casa Rosada. Los legisladores radicales que este mi\u00e9rcoles decidieron desmarcarse de la conducci\u00f3n del bloque y votar a favor del veto fueron Mart\u00edn Arjol, Luis Picat, Mariano Campero, Pablo Cervi y el liberal correntino Federico Tournier, un hombre del gobernador Gustavo Vald\u00e9s que se hab\u00eda incorporado recientemente a esa bancada.<\/strong><\/p>\n\n\n\n<p>Adem\u00e1s,<strong> se ausentaron a la hora de votar la santacruce\u00f1a Roxana Reyes y el chaque\u00f1o Gerardo Cipolini.<\/strong><\/p>\n\n\n\n<p>El resto, es decir,<strong> 26 de los 33 radicales, apoyaron la ley cuya elaboraci\u00f3n la UCR hab\u00eda liderado, con el apoyo de otras fuerzas pol\u00edticas como Encuentro Federal, la Coalici\u00f3n C\u00edvica y Uni\u00f3n por la Patria.<\/strong><\/p>\n\n\n\n<p><strong>El PRO fue, como se preve\u00eda, el socio principal de La Libertad Avanza para este triunfo legislativo. 34 de los 38 diputados votaron en contra de la ley.<\/strong> El larretista \u00c1lvaro Gonz\u00e1lez se diferenci\u00f3 y vot\u00f3 a favor de la reforma de la movilidad previsional en tanto que se ausentaron H\u00e9ctor Baldassi, Ana Clara Romero y H\u00e9ctor Stefani, que no quer\u00edan votar en contra de la mejora a jubilados.<\/p>\n\n\n\n<p>Tambi\u00e9n colaboraron con el Gobierno el MID de Oscar Zago, de tres integrantes, el bloque tucumano Independencia, tambi\u00e9n de tres miembros, los dos diputados de Buenos Aires Libre, los dos sanjuaninos de Producci\u00f3n y Trabajo, y la tucumana Paula Omodeo del monobloque Creo.<\/p>\n\n\n\n<p><strong>En la columna de abstenciones se anotaron la libertaria expulsada de La Libertad Avanza Lourdes Arrieta (FE), y siete diputados de Innovaci\u00f3n Federal.<\/strong><\/p>\n\n\n\n<p>Qu\u00e9 se dijo<\/p>\n\n\n\n<p>El <strong>diputado nacional de la Coalici\u00f3n C\u00edvica Maximiliano Ferraro arremeti\u00f3 hoy contra el \u201ctransfuguismo\u201d de los legisladores que en junio votaron a favor de la reforma de movilidad previsional y que ahora \u201cse dieron vuelta\u201d y le \u201cdar\u00e1n la espalda\u201d a los jubilados<\/strong> respaldando el veto de Milei.<\/p>\n\n\n\n<p>Por su parte, <strong>el presidente del bloque Encuentro Federal, Miguel Pichetto, advirti\u00f3 que si la C\u00e1mara de Diputados ratifica en la sesi\u00f3n de este mi\u00e9rcoles el veto a la ley de movilidad jubilatoria, comenzar\u00e1 un &#8220;proceso judicializador\u201d <\/strong>que ser\u00e1 negativo para el Estado nacional en t\u00e9rminos fiscales por la cantidad de juicios que deber\u00e1 pagar.<\/p>\n\n\n\n<p>El diputado nacional de la UCR <strong>Pablo Juliano embisti\u00f3 contra sus compa\u00f1eros de bancada que en la sesi\u00f3n del 5 de junio pasado hab\u00edan votado a favor de la ley de movilidad jubilatoria y que en los \u00faltimos d\u00edas \u201ccambiaron su voto\u201d y respaldaron el veto del presidente Javier Milei.<\/strong><\/p>\n\n\n\n<p>Para el radical, <strong>quienes \u201cden vuelta sus votos\u201d lo hacen por especulaci\u00f3n electoral y no por convicci\u00f3n pol\u00edtica: &#8220;Tienen una urna en la cabeza\u201d, dispar\u00f3.<\/strong><\/p>\n\n\n\n<p>En otro pasaje de su discurso, <strong>Juliano sugiri\u00f3 que quienes hayan cambiado su voto y asistido a la Casa Rosada para sacarse fotos con Milei deber\u00edan abandonar el bloque.<\/strong><\/p>\n\n\n\n<blockquote class=\"wp-block-quote is-layout-flow wp-block-quote-is-layout-flow\">\n<p>\u201cLos que se sacan fotos devuelvan sus bancas. Tengan el coraje pol\u00edtico de que lo que hacen afuera lo hagan ac\u00e1 adentro\u201d, asegur\u00f3.<\/p>\n<\/blockquote>\n\n\n\n<p>Un rato antes<strong>, la diputada nacional del Frente de Izquierda M\u00f3nica Schlotthauer dijo que hab\u00eda que ser &#8220;muy tacho de mierda\u201d para votar en contra de la mejora a jubilados.<\/strong><\/p>\n\n\n\n<p>Seg\u00fan la diputada del partido Izquierda Socialista, <em><strong>\u201cla pol\u00edtica de este gobierno es un verdadero gerontocidio\u201d.<\/strong><\/em><\/p>\n\n\n\n<p>A su turno, el jefe del bloque del PRO,<strong> Cristian Ritondo, chicane\u00f3 al presidente de la bancada radical, Rodrigo De Loredo, al se\u00f1alar que la UCR \u201cno tiene conducta partidaria\u201d por la interna a cielo abierto que atraviesa al partido centenario.<\/strong><\/p>\n\n\n\n<p><em><strong>&#8220;Aprendan de la educaci\u00f3n que siempre tuvo el radicalismo ya que no tiene conducta partidaria&#8221;<\/strong><\/em>, ironiz\u00f3 Ritondo, con el cordob\u00e9s sentado a pocas bancas de distancia.<\/p>\n\n\n\n<p>Durante la sesi\u00f3n en la C\u00e1mara baja, el referente macrista le pidi\u00f3 a la UCR que se \u201chaga cargo\u201d de haber \u201carreglado con el kirchnerismo\u201d para impulsar un dictamen con un costo fiscal significativo.<\/p>\n\n\n\n<p><strong><em>\u201cHubieran arreglado con nosotros\u201d,<\/em><\/strong> le achac\u00f3 Ritondo, que se\u00f1al\u00f3 que el dictamen del PRO era m\u00e1s \u201crazonable\u201d desde el punto de vista fiscal.<\/p>\n\n\n\n<p><em>Con informaci\u00f3n de Noticias Argentinas<\/em><\/p>\n","protected":false},"excerpt":{"rendered":"<p>Hab\u00eda sido sancionada por la oposici\u00f3n semanas atr\u00e1s. La particularidad es que la diferencia de los dos tercios se dio<\/p>\n","protected":false},"author":2,"featured_media":125127,"comment_status":"closed","ping_status":"closed","sticky":false,"template":"","format":"standard","meta":{"_jetpack_memberships_contains_paid_content":false,"footnotes":""},"categories":[6,1],"tags":[],"class_list":["post-125125","post","type-post","status-publish","format-standard","has-post-thumbnail","hentry","category-nacionales","category-portada"],"jetpack_featured_media_url":"https:\/\/i0.wp.com\/cdnoticias.com\/wp-content\/uploads\/2024\/09\/movilidad-jubilatoria-congreso.jpg?fit=953%2C533&ssl=1","jetpack_sharing_enabled":true,"_links":{"self":[{"href":"https:\/\/cdnoticias.com\/index.php\/wp-json\/wp\/v2\/posts\/125125","targetHints":{"allow":["GET"]}}],"collection":[{"href":"https:\/\/cdnoticias.com\/index.php\/wp-json\/wp\/v2\/posts"}],"about":[{"href":"https:\/\/cdnoticias.com\/index.php\/wp-json\/wp\/v2\/types\/post"}],"author":[{"embeddable":true,"href":"https:\/\/cdnoticias.com\/index.php\/wp-json\/wp\/v2\/users\/2"}],"replies":[{"embeddable":true,"href":"https:\/\/cdnoticias.com\/index.php\/wp-json\/wp\/v2\/comments?post=125125"}],"version-history":[{"count":0,"href":"https:\/\/cdnoticias.com\/index.php\/wp-json\/wp\/v2\/posts\/125125\/revisions"}],"wp:featuredmedia":[{"embeddable":true,"href":"https:\/\/cdnoticias.com\/index.php\/wp-json\/wp\/v2\/media\/125127"}],"wp:attachment":[{"href":"https:\/\/cdnoticias.com\/index.php\/wp-json\/wp\/v2\/media?parent=125125"}],"wp:term":[{"taxonomy":"category","embeddable":true,"href":"https:\/\/cdnoticias.com\/index.php\/wp-json\/wp\/v2\/categories?post=125125"},{"taxonomy":"post_tag","embeddable":true,"href":"https:\/\/cdnoticias.com\/index.php\/wp-json\/wp\/v2\/tags?post=125125"}],"curies":[{"name":"wp","href":"https:\/\/api.w.org\/{rel}","templated":true}]}}