{"id":125101,"date":"2024-09-11T17:26:29","date_gmt":"2024-09-11T20:26:29","guid":{"rendered":"https:\/\/cdnoticias.com\/?p=125101"},"modified":"2024-09-11T17:26:31","modified_gmt":"2024-09-11T20:26:31","slug":"se-realizo-el-acto-oficial-en-homenaje-a-domingo-faustino-sarmiento","status":"publish","type":"post","link":"https:\/\/cdnoticias.com\/index.php\/2024\/09\/11\/se-realizo-el-acto-oficial-en-homenaje-a-domingo-faustino-sarmiento\/","title":{"rendered":"Se realiz\u00f3 el acto oficial en homenaje a Domingo Faustino Sarmiento"},"content":{"rendered":"\n<p>Fue este mi\u00e9rcoles por la ma\u00f1ana, encabezado por el intendente Wesner. Adem\u00e1s, fueron homenajeados los maestros y maestras en su d\u00eda.<\/p>\n\n\n\n<hr class=\"wp-block-separator aligncenter has-alpha-channel-opacity\"\/>\n\n\n\n<p>Este mi\u00e9rcoles, al cumplirse los 136 a\u00f1os del paso a la eternidad de Domingo Faustino Sarmiento, <strong>el Intendente Maximiliano Wesner encabez\u00f3 el acto protocolar en su homenaje y, en su nombre, en conmemoraci\u00f3n a los maestros y maestras en su d\u00eda; reconociendo su invaluable labor.<\/strong><\/p>\n\n\n\n<p>Acompa\u00f1aron al intendente la Jefa de Gabinete Mercedes Land\u00edvar, el presidente del Consejo Escolar, Ariel Rodr\u00edguez; autoridades educativas: Inspectora Regional de Educaci\u00f3n de Gesti\u00f3n Estatal, Marta Casanella, Jefa regional de Educaci\u00f3n de Gesti\u00f3n Privada, Romina Altafini, Jefe distrital de educaci\u00f3n, Julio Ben\u00edtez.<\/p>\n\n\n\n<figure class=\"wp-block-image size-large\"><img data-recalc-dims=\"1\" loading=\"lazy\" decoding=\"async\" width=\"800\" height=\"532\" src=\"https:\/\/i0.wp.com\/cdnoticias.com\/wp-content\/uploads\/2024\/09\/Acto-dia-del-maestro-2024-3.jpeg?resize=800%2C532&#038;ssl=1\" alt=\"\" class=\"wp-image-125104\" srcset=\"https:\/\/i0.wp.com\/cdnoticias.com\/wp-content\/uploads\/2024\/09\/Acto-dia-del-maestro-2024-3.jpeg?resize=1024%2C681&amp;ssl=1 1024w, https:\/\/i0.wp.com\/cdnoticias.com\/wp-content\/uploads\/2024\/09\/Acto-dia-del-maestro-2024-3.jpeg?resize=300%2C200&amp;ssl=1 300w, https:\/\/i0.wp.com\/cdnoticias.com\/wp-content\/uploads\/2024\/09\/Acto-dia-del-maestro-2024-3.jpeg?resize=768%2C511&amp;ssl=1 768w, https:\/\/i0.wp.com\/cdnoticias.com\/wp-content\/uploads\/2024\/09\/Acto-dia-del-maestro-2024-3.jpeg?resize=272%2C182&amp;ssl=1 272w, https:\/\/i0.wp.com\/cdnoticias.com\/wp-content\/uploads\/2024\/09\/Acto-dia-del-maestro-2024-3.jpeg?w=1400&amp;ssl=1 1400w\" sizes=\"auto, (max-width: 800px) 100vw, 800px\" \/><\/figure>\n\n\n\n<p>Asimismo, participaron del acto el presidente de la Asociaci\u00f3n Cultural Sanmartiniana, H\u00e9ctor Hoyos, concejales de los distintos bloques, consejeros escolares, instituciones educativas, referentes de la Agrupaci\u00f3n Veteranos de Guerra 2 de Abril, del cuerpo de Bomberos Voluntarios y la Uni\u00f3n de las Colectividades Olavarr\u00eda. Tambi\u00e9n estuvo presente en este acto la familia del Capit\u00e1n de Corbeta Diego Wagner Clar. Vecinos y vecinas de la comunidad acompa\u00f1aron el homenaje al Gran Maestro.<\/p>\n\n\n\n<figure class=\"wp-block-image size-large is-resized\"><img data-recalc-dims=\"1\" loading=\"lazy\" decoding=\"async\" width=\"800\" height=\"532\" src=\"https:\/\/i0.wp.com\/cdnoticias.com\/wp-content\/uploads\/2024\/09\/Acto-dia-del-maestro-2024-6.jpeg?resize=800%2C532&#038;ssl=1\" alt=\"\" class=\"wp-image-125107\" style=\"width:1022px;height:auto\" srcset=\"https:\/\/i0.wp.com\/cdnoticias.com\/wp-content\/uploads\/2024\/09\/Acto-dia-del-maestro-2024-6.jpeg?resize=1024%2C681&amp;ssl=1 1024w, https:\/\/i0.wp.com\/cdnoticias.com\/wp-content\/uploads\/2024\/09\/Acto-dia-del-maestro-2024-6.jpeg?resize=300%2C200&amp;ssl=1 300w, https:\/\/i0.wp.com\/cdnoticias.com\/wp-content\/uploads\/2024\/09\/Acto-dia-del-maestro-2024-6.jpeg?resize=768%2C511&amp;ssl=1 768w, https:\/\/i0.wp.com\/cdnoticias.com\/wp-content\/uploads\/2024\/09\/Acto-dia-del-maestro-2024-6.jpeg?resize=272%2C182&amp;ssl=1 272w, https:\/\/i0.wp.com\/cdnoticias.com\/wp-content\/uploads\/2024\/09\/Acto-dia-del-maestro-2024-6.jpeg?w=1400&amp;ssl=1 1400w\" sizes=\"auto, (max-width: 800px) 100vw, 800px\" \/><\/figure>\n\n\n\n<figure class=\"wp-block-image size-large\"><img data-recalc-dims=\"1\" loading=\"lazy\" decoding=\"async\" width=\"800\" height=\"532\" src=\"https:\/\/i0.wp.com\/cdnoticias.com\/wp-content\/uploads\/2024\/09\/Acto-dia-del-maestro-2024-5.jpeg?resize=800%2C532&#038;ssl=1\" alt=\"\" class=\"wp-image-125106\" srcset=\"https:\/\/i0.wp.com\/cdnoticias.com\/wp-content\/uploads\/2024\/09\/Acto-dia-del-maestro-2024-5.jpeg?resize=1024%2C681&amp;ssl=1 1024w, https:\/\/i0.wp.com\/cdnoticias.com\/wp-content\/uploads\/2024\/09\/Acto-dia-del-maestro-2024-5.jpeg?resize=300%2C200&amp;ssl=1 300w, https:\/\/i0.wp.com\/cdnoticias.com\/wp-content\/uploads\/2024\/09\/Acto-dia-del-maestro-2024-5.jpeg?resize=768%2C511&amp;ssl=1 768w, https:\/\/i0.wp.com\/cdnoticias.com\/wp-content\/uploads\/2024\/09\/Acto-dia-del-maestro-2024-5.jpeg?resize=272%2C182&amp;ssl=1 272w, https:\/\/i0.wp.com\/cdnoticias.com\/wp-content\/uploads\/2024\/09\/Acto-dia-del-maestro-2024-5.jpeg?w=1400&amp;ssl=1 1400w\" sizes=\"auto, (max-width: 800px) 100vw, 800px\" \/><\/figure>\n\n\n\n<figure class=\"wp-block-image size-large\"><img data-recalc-dims=\"1\" loading=\"lazy\" decoding=\"async\" width=\"800\" height=\"532\" src=\"https:\/\/i0.wp.com\/cdnoticias.com\/wp-content\/uploads\/2024\/09\/Acto-dia-del-maestro-2024-4.jpeg?resize=800%2C532&#038;ssl=1\" alt=\"\" class=\"wp-image-125105\" srcset=\"https:\/\/i0.wp.com\/cdnoticias.com\/wp-content\/uploads\/2024\/09\/Acto-dia-del-maestro-2024-4.jpeg?resize=1024%2C681&amp;ssl=1 1024w, https:\/\/i0.wp.com\/cdnoticias.com\/wp-content\/uploads\/2024\/09\/Acto-dia-del-maestro-2024-4.jpeg?resize=300%2C200&amp;ssl=1 300w, https:\/\/i0.wp.com\/cdnoticias.com\/wp-content\/uploads\/2024\/09\/Acto-dia-del-maestro-2024-4.jpeg?resize=768%2C511&amp;ssl=1 768w, https:\/\/i0.wp.com\/cdnoticias.com\/wp-content\/uploads\/2024\/09\/Acto-dia-del-maestro-2024-4.jpeg?resize=272%2C182&amp;ssl=1 272w, https:\/\/i0.wp.com\/cdnoticias.com\/wp-content\/uploads\/2024\/09\/Acto-dia-del-maestro-2024-4.jpeg?w=1400&amp;ssl=1 1400w\" sizes=\"auto, (max-width: 800px) 100vw, 800px\" \/><\/figure>\n\n\n\n<figure class=\"wp-block-image size-large\"><img data-recalc-dims=\"1\" loading=\"lazy\" decoding=\"async\" width=\"800\" height=\"532\" src=\"https:\/\/i0.wp.com\/cdnoticias.com\/wp-content\/uploads\/2024\/09\/Acto-dia-del-maestro-2024-1.jpeg?resize=800%2C532&#038;ssl=1\" alt=\"\" class=\"wp-image-125102\" srcset=\"https:\/\/i0.wp.com\/cdnoticias.com\/wp-content\/uploads\/2024\/09\/Acto-dia-del-maestro-2024-1.jpeg?resize=1024%2C681&amp;ssl=1 1024w, https:\/\/i0.wp.com\/cdnoticias.com\/wp-content\/uploads\/2024\/09\/Acto-dia-del-maestro-2024-1.jpeg?resize=300%2C200&amp;ssl=1 300w, https:\/\/i0.wp.com\/cdnoticias.com\/wp-content\/uploads\/2024\/09\/Acto-dia-del-maestro-2024-1.jpeg?resize=768%2C511&amp;ssl=1 768w, https:\/\/i0.wp.com\/cdnoticias.com\/wp-content\/uploads\/2024\/09\/Acto-dia-del-maestro-2024-1.jpeg?resize=272%2C182&amp;ssl=1 272w, https:\/\/i0.wp.com\/cdnoticias.com\/wp-content\/uploads\/2024\/09\/Acto-dia-del-maestro-2024-1.jpeg?w=1400&amp;ssl=1 1400w\" sizes=\"auto, (max-width: 800px) 100vw, 800px\" \/><\/figure>\n\n\n\n<p>El acto protocolar dio inicio con la entonaci\u00f3n de las estrofas del Himno Nacional Argentino; tras lo cual se procedi\u00f3 a la colocaci\u00f3n de una palma al pie del monumento a Sarmiento; de manos del Intendente Wesner y las Inspectoras Casanella y Altafini. <strong>Luego fue el turno de las palabras alusivas, en esta oportunidad a cargo de Mariana Rom\u00e1n, maestra de nivel primario, Directora de EP N\u00b0 57.<\/strong><\/p>\n\n\n\n<figure class=\"wp-block-image size-large\"><img data-recalc-dims=\"1\" loading=\"lazy\" decoding=\"async\" width=\"800\" height=\"532\" src=\"https:\/\/i0.wp.com\/cdnoticias.com\/wp-content\/uploads\/2024\/09\/Acto-dia-del-maestro-2024-7.jpeg?resize=800%2C532&#038;ssl=1\" alt=\"\" class=\"wp-image-125108\" srcset=\"https:\/\/i0.wp.com\/cdnoticias.com\/wp-content\/uploads\/2024\/09\/Acto-dia-del-maestro-2024-7.jpeg?resize=1024%2C681&amp;ssl=1 1024w, https:\/\/i0.wp.com\/cdnoticias.com\/wp-content\/uploads\/2024\/09\/Acto-dia-del-maestro-2024-7.jpeg?resize=300%2C200&amp;ssl=1 300w, https:\/\/i0.wp.com\/cdnoticias.com\/wp-content\/uploads\/2024\/09\/Acto-dia-del-maestro-2024-7.jpeg?resize=768%2C511&amp;ssl=1 768w, https:\/\/i0.wp.com\/cdnoticias.com\/wp-content\/uploads\/2024\/09\/Acto-dia-del-maestro-2024-7.jpeg?resize=272%2C182&amp;ssl=1 272w, https:\/\/i0.wp.com\/cdnoticias.com\/wp-content\/uploads\/2024\/09\/Acto-dia-del-maestro-2024-7.jpeg?w=1400&amp;ssl=1 1400w\" sizes=\"auto, (max-width: 800px) 100vw, 800px\" \/><\/figure>\n\n\n\n<p><em>\u201cEl Proceso en el que Sarmiento fue involucrado como actor social y pol\u00edtico, nos permite ser cr\u00edticos hoy de los procesos educativos que deseamos. A 140 a\u00f1os de la sanci\u00f3n de la Ley Nacional de Educaci\u00f3n, ley que fue promulgada en contextos con grandes contradicciones socio pol\u00edticas, continuamos valorando y proponemos cada d\u00eda repensar la idea de libertad que nos conmueve a continuar\u201d<\/em> expres\u00f3 la docente.<\/p>\n\n\n\n<figure class=\"wp-block-image size-large\"><img data-recalc-dims=\"1\" loading=\"lazy\" decoding=\"async\" width=\"800\" height=\"532\" src=\"https:\/\/i0.wp.com\/cdnoticias.com\/wp-content\/uploads\/2024\/09\/Acto-dia-del-maestro-2024-2.jpeg?resize=800%2C532&#038;ssl=1\" alt=\"\" class=\"wp-image-125103\" srcset=\"https:\/\/i0.wp.com\/cdnoticias.com\/wp-content\/uploads\/2024\/09\/Acto-dia-del-maestro-2024-2.jpeg?resize=1024%2C681&amp;ssl=1 1024w, https:\/\/i0.wp.com\/cdnoticias.com\/wp-content\/uploads\/2024\/09\/Acto-dia-del-maestro-2024-2.jpeg?resize=300%2C200&amp;ssl=1 300w, https:\/\/i0.wp.com\/cdnoticias.com\/wp-content\/uploads\/2024\/09\/Acto-dia-del-maestro-2024-2.jpeg?resize=768%2C511&amp;ssl=1 768w, https:\/\/i0.wp.com\/cdnoticias.com\/wp-content\/uploads\/2024\/09\/Acto-dia-del-maestro-2024-2.jpeg?resize=272%2C182&amp;ssl=1 272w, https:\/\/i0.wp.com\/cdnoticias.com\/wp-content\/uploads\/2024\/09\/Acto-dia-del-maestro-2024-2.jpeg?w=1400&amp;ssl=1 1400w\" sizes=\"auto, (max-width: 800px) 100vw, 800px\" \/><\/figure>\n\n\n\n<blockquote class=\"wp-block-quote is-layout-flow wp-block-quote-is-layout-flow\">\n<p>\u201cLos contextos hist\u00f3ricos tienen complejidades en los cuales se disputan ideas y poder. Sarmiento encontr\u00f3 grandes ideas en debate constante y su hacer contribuy\u00f3 a las ideas de Escuela y sociedad\u201d a\u00f1adi\u00f3.<\/p>\n<\/blockquote>\n\n\n\n<p><em><strong>\u201cNuestras escuelas est\u00e1n habitadas por maestras y maestros comprometidos, que asumen que la educaci\u00f3n que queremos es aquella donde las y los estudiantes se sientan respetados, queridos y mirados, con ganas de conocer, investigar y compartir sus propias experiencias&#8221;.<\/strong><\/em><\/p>\n\n\n\n<p>A modo de cierre, se enton\u00f3 el Himno a Sarmiento. En este aniversario de su muerte, se recuerda a Domingo Faustino Sarmiento como un hombre de virtudes extraordinarias, cuyo legado sigue vivo en cada rinc\u00f3n de nuestro pa\u00eds. Su dedicaci\u00f3n a la educaci\u00f3n, la democracia, la libertad de prensa y el progreso contin\u00faa siendo inspiraci\u00f3n y gu\u00eda en nuestro camino hacia un futuro mejor.<\/p>\n","protected":false},"excerpt":{"rendered":"<p>Fue este mi\u00e9rcoles por la ma\u00f1ana, encabezado por el intendente Wesner. Adem\u00e1s, fueron homenajeados los maestros y maestras en su<\/p>\n","protected":false},"author":2,"featured_media":125109,"comment_status":"closed","ping_status":"closed","sticky":false,"template":"","format":"standard","meta":{"_jetpack_memberships_contains_paid_content":false,"footnotes":""},"categories":[5,1],"tags":[],"class_list":["post-125101","post","type-post","status-publish","format-standard","has-post-thumbnail","hentry","category-informacion-general","category-portada"],"jetpack_featured_media_url":"https:\/\/i0.wp.com\/cdnoticias.com\/wp-content\/uploads\/2024\/09\/Acto-dia-del-maestro-2024-8.jpeg?fit=1400%2C931&ssl=1","jetpack_sharing_enabled":true,"_links":{"self":[{"href":"https:\/\/cdnoticias.com\/index.php\/wp-json\/wp\/v2\/posts\/125101","targetHints":{"allow":["GET"]}}],"collection":[{"href":"https:\/\/cdnoticias.com\/index.php\/wp-json\/wp\/v2\/posts"}],"about":[{"href":"https:\/\/cdnoticias.com\/index.php\/wp-json\/wp\/v2\/types\/post"}],"author":[{"embeddable":true,"href":"https:\/\/cdnoticias.com\/index.php\/wp-json\/wp\/v2\/users\/2"}],"replies":[{"embeddable":true,"href":"https:\/\/cdnoticias.com\/index.php\/wp-json\/wp\/v2\/comments?post=125101"}],"version-history":[{"count":0,"href":"https:\/\/cdnoticias.com\/index.php\/wp-json\/wp\/v2\/posts\/125101\/revisions"}],"wp:featuredmedia":[{"embeddable":true,"href":"https:\/\/cdnoticias.com\/index.php\/wp-json\/wp\/v2\/media\/125109"}],"wp:attachment":[{"href":"https:\/\/cdnoticias.com\/index.php\/wp-json\/wp\/v2\/media?parent=125101"}],"wp:term":[{"taxonomy":"category","embeddable":true,"href":"https:\/\/cdnoticias.com\/index.php\/wp-json\/wp\/v2\/categories?post=125101"},{"taxonomy":"post_tag","embeddable":true,"href":"https:\/\/cdnoticias.com\/index.php\/wp-json\/wp\/v2\/tags?post=125101"}],"curies":[{"name":"wp","href":"https:\/\/api.w.org\/{rel}","templated":true}]}}