{"id":125098,"date":"2024-09-11T16:57:00","date_gmt":"2024-09-11T19:57:00","guid":{"rendered":"https:\/\/cdnoticias.com\/?p=125098"},"modified":"2024-09-11T19:07:08","modified_gmt":"2024-09-11T22:07:08","slug":"detuvieron-a-un-adolescente-tras-intentar-asesinar-a-otro-joven-en-un-partido-de-futbol","status":"publish","type":"post","link":"https:\/\/cdnoticias.com\/index.php\/2024\/09\/11\/detuvieron-a-un-adolescente-tras-intentar-asesinar-a-otro-joven-en-un-partido-de-futbol\/","title":{"rendered":"Detuvieron a un adolescente tras intentar asesinar a otro joven en un partido de f\u00fatbol"},"content":{"rendered":"\n<p>Los hechos se produjeron el pasado domingo, donde el acusado atac\u00f3 a otro adolescente de 14 a\u00f1os que fue internado. Este martes se realizaron dos allanamientos y se detuvo al imputado.<\/p>\n\n\n\n<hr class=\"wp-block-separator aligncenter has-alpha-channel-opacity\"\/>\n\n\n\n<p>Este martes, personal de Comisar\u00eda Segunda en conjunto con otras fuerzas policiales <strong>detuvieron a un adolescente de 17 a\u00f1os acusado de apu\u00f1alar a otro adolescente de 14 a\u00f1os en el marco de una discusi\u00f3n en un partido de f\u00fatbol, en la zona de Santa Cruz y Lebensohn.<\/strong><\/p>\n\n\n\n<p>Seg\u00fan se inform\u00f3 oficialmente, tras varias investigaciones, <strong>el Juzgado de Garant\u00edas Joven de Azul dispuso una orden de allanamiento para dos domicilios de nuestra ciudad. En uno, ubicado en Elena de Fortabat al 4800, estaba el padre del adolescente, mientras que en el otro fue en L\u00edbano al 1000, donde se encontraba el autor del hecho.<\/strong><\/p>\n\n\n\n<p>El operativo tuvo colaboraci\u00f3n de personal de Subcomisar\u00eda de Loma Negra y Sierras Bayas, SubDDI local, Polic\u00eda Local y UTOI.<\/p>\n\n\n\n<p>En uno de los domicilios se detuvo al joven mientras que en el otro, adem\u00e1s de notificar al progenitor de la medida judicial, <strong>se secuestr\u00f3 una remera blanca, un pantal\u00f3n blanco, un par de zapatillas blancas y una campera blanca, que todo estar\u00eda relacionado con la causa.<\/strong><\/p>\n\n\n\n<p>La car\u00e1tula de los hechos est\u00e1 tipificada como <strong><em>\u201cHomicidio agravado en grado de tentativa\u201d <\/em><\/strong>y vale decir que el acusado fue trasladado (en compa\u00f1\u00eda de su madre) a un <strong>Centro Especializado en Aprehensi\u00f3n de Mar del Plata.<\/strong><\/p>\n\n\n\n<p>La causa es instruida por la UFI N\u00b017 a cargo de la doctora Viceconte.<\/p>\n","protected":false},"excerpt":{"rendered":"<p>Los hechos se produjeron el pasado domingo, donde el acusado atac\u00f3 a otro adolescente de 14 a\u00f1os que fue internado.<\/p>\n","protected":false},"author":2,"featured_media":125099,"comment_status":"closed","ping_status":"closed","sticky":false,"template":"","format":"standard","meta":{"_jetpack_memberships_contains_paid_content":false,"footnotes":""},"categories":[14,1],"tags":[],"class_list":["post-125098","post","type-post","status-publish","format-standard","has-post-thumbnail","hentry","category-policiales","category-portada"],"jetpack_featured_media_url":"https:\/\/i0.wp.com\/cdnoticias.com\/wp-content\/uploads\/2024\/09\/WhatsApp-Image-2024-09-11-at-15.27.56.jpeg?fit=1600%2C842&ssl=1","jetpack_sharing_enabled":true,"_links":{"self":[{"href":"https:\/\/cdnoticias.com\/index.php\/wp-json\/wp\/v2\/posts\/125098","targetHints":{"allow":["GET"]}}],"collection":[{"href":"https:\/\/cdnoticias.com\/index.php\/wp-json\/wp\/v2\/posts"}],"about":[{"href":"https:\/\/cdnoticias.com\/index.php\/wp-json\/wp\/v2\/types\/post"}],"author":[{"embeddable":true,"href":"https:\/\/cdnoticias.com\/index.php\/wp-json\/wp\/v2\/users\/2"}],"replies":[{"embeddable":true,"href":"https:\/\/cdnoticias.com\/index.php\/wp-json\/wp\/v2\/comments?post=125098"}],"version-history":[{"count":0,"href":"https:\/\/cdnoticias.com\/index.php\/wp-json\/wp\/v2\/posts\/125098\/revisions"}],"wp:featuredmedia":[{"embeddable":true,"href":"https:\/\/cdnoticias.com\/index.php\/wp-json\/wp\/v2\/media\/125099"}],"wp:attachment":[{"href":"https:\/\/cdnoticias.com\/index.php\/wp-json\/wp\/v2\/media?parent=125098"}],"wp:term":[{"taxonomy":"category","embeddable":true,"href":"https:\/\/cdnoticias.com\/index.php\/wp-json\/wp\/v2\/categories?post=125098"},{"taxonomy":"post_tag","embeddable":true,"href":"https:\/\/cdnoticias.com\/index.php\/wp-json\/wp\/v2\/tags?post=125098"}],"curies":[{"name":"wp","href":"https:\/\/api.w.org\/{rel}","templated":true}]}}