{"id":125096,"date":"2024-09-11T12:57:56","date_gmt":"2024-09-11T15:57:56","guid":{"rendered":"https:\/\/cdnoticias.com\/?p=125096"},"modified":"2024-09-11T12:57:58","modified_gmt":"2024-09-11T15:57:58","slug":"alberto-jaime-rypstra-beto-q-e-p-d","status":"publish","type":"post","link":"https:\/\/cdnoticias.com\/index.php\/2024\/09\/11\/alberto-jaime-rypstra-beto-q-e-p-d\/","title":{"rendered":"Alberto Jaime Rypstra \u201cBeto\u201d (Q.E.P.D.)"},"content":{"rendered":"\n<p>Falleci\u00f3 en Olavarr\u00eda el 11 de septiembre de 2024 a los 80 a\u00f1os de edad. Su esposa Alicia Caruso. Sus hijos Pablo Javier, Flavia Gabriela y Paola Bernarda Rypstra. Sus hijos pol\u00edticos. Sus nietos Siro, Anah\u00ed, Fedra, Tamara y Lourdes. Su hermano Juan Carlos. Sus hermanos pol\u00edticos Marta Palopolo, Omar Caruso y Susana Calvo. Sus sobrinos. Sus sobrinos pol\u00edticos y dem\u00e1s deudos participan su fallecimiento.<\/p>\n\n\n\n<p><\/p>\n\n\n\n<p>Sus restos ser\u00e1n velados en Espa\u00f1a 2942, Departamento &#8220;C&#8221; (el velatorio comienza a las 16 horas y finaliza a las 19 horas) y ser\u00e1n inhumados en el cementerio Loma de Paz el jueves a las 9:30, previo responso en la capilla ardiente. Vecino de Villa Mailin. Nacido en Olavarr\u00eda. Jubilado de Loma Negra.<\/p>\n","protected":false},"excerpt":{"rendered":"<p>Falleci\u00f3 en Olavarr\u00eda el 11 de septiembre de 2024 a los 80 a\u00f1os de edad. Su esposa Alicia Caruso. Sus<\/p>\n","protected":false},"author":2,"featured_media":100390,"comment_status":"closed","ping_status":"closed","sticky":false,"template":"","format":"standard","meta":{"_jetpack_memberships_contains_paid_content":false,"footnotes":""},"categories":[10],"tags":[],"class_list":["post-125096","post","type-post","status-publish","format-standard","has-post-thumbnail","hentry","category-necrologicas"],"jetpack_featured_media_url":"https:\/\/i0.wp.com\/cdnoticias.com\/wp-content\/uploads\/2023\/10\/necrologicas-390-x-240.jpg?fit=390%2C240&ssl=1","jetpack_sharing_enabled":true,"_links":{"self":[{"href":"https:\/\/cdnoticias.com\/index.php\/wp-json\/wp\/v2\/posts\/125096","targetHints":{"allow":["GET"]}}],"collection":[{"href":"https:\/\/cdnoticias.com\/index.php\/wp-json\/wp\/v2\/posts"}],"about":[{"href":"https:\/\/cdnoticias.com\/index.php\/wp-json\/wp\/v2\/types\/post"}],"author":[{"embeddable":true,"href":"https:\/\/cdnoticias.com\/index.php\/wp-json\/wp\/v2\/users\/2"}],"replies":[{"embeddable":true,"href":"https:\/\/cdnoticias.com\/index.php\/wp-json\/wp\/v2\/comments?post=125096"}],"version-history":[{"count":0,"href":"https:\/\/cdnoticias.com\/index.php\/wp-json\/wp\/v2\/posts\/125096\/revisions"}],"wp:featuredmedia":[{"embeddable":true,"href":"https:\/\/cdnoticias.com\/index.php\/wp-json\/wp\/v2\/media\/100390"}],"wp:attachment":[{"href":"https:\/\/cdnoticias.com\/index.php\/wp-json\/wp\/v2\/media?parent=125096"}],"wp:term":[{"taxonomy":"category","embeddable":true,"href":"https:\/\/cdnoticias.com\/index.php\/wp-json\/wp\/v2\/categories?post=125096"},{"taxonomy":"post_tag","embeddable":true,"href":"https:\/\/cdnoticias.com\/index.php\/wp-json\/wp\/v2\/tags?post=125096"}],"curies":[{"name":"wp","href":"https:\/\/api.w.org\/{rel}","templated":true}]}}