{"id":125072,"date":"2024-09-11T12:26:37","date_gmt":"2024-09-11T15:26:37","guid":{"rendered":"https:\/\/cdnoticias.com\/?p=125072"},"modified":"2024-09-11T17:17:38","modified_gmt":"2024-09-11T20:17:38","slug":"manifestacion-en-olavarria-contra-el-veto-de-milei-a-la-ley-jubilatoria","status":"publish","type":"post","link":"https:\/\/cdnoticias.com\/index.php\/2024\/09\/11\/manifestacion-en-olavarria-contra-el-veto-de-milei-a-la-ley-jubilatoria\/","title":{"rendered":"Manifestaci\u00f3n en Olavarr\u00eda contra el veto de Milei a la ley jubilatoria"},"content":{"rendered":"\n<p>La CTA junto a distintos sectores gremiales, pol\u00edticos y sociales realizaron un abrazo simb\u00f3lico al ANSES. \u201cTenemos la obligaci\u00f3n y la responsabilidad de defender el derecho de las y los jubilados\u201d, resaltaron.<\/p>\n\n\n\n<hr class=\"wp-block-separator has-alpha-channel-opacity\"\/>\n\n\n\n<p>Este mi\u00e9rcoles desde las 10:30 se concret\u00f3 una<strong> movilizaci\u00f3n frente a la sede local de ANSES (Rivadavia 2987) <\/strong>para pedir que los legisladores \u201cinsistan\u201d en la ley de movilidad jubilatoria vetada por el presidente Javier Milei.<\/p>\n\n\n\n<p><\/p>\n\n\n\n<p>Impulsada por la CTA, la convocatoria reuni\u00f3 a gremios docentes como Suteba, Sadop, Feb, Adunce, a referentes de centros de jubilados, ATE, estudiantes universitarios, referentes del Polo Obrero, integrantes de la Comisi\u00f3n por la Memoria, artistas locales, entre otros.<\/p>\n\n\n\n<p><\/p>\n\n\n\n<figure class=\"wp-block-image size-full\"><img data-recalc-dims=\"1\" loading=\"lazy\" decoding=\"async\" width=\"800\" height=\"445\" src=\"https:\/\/i0.wp.com\/cdnoticias.com\/wp-content\/uploads\/2024\/09\/anses-jubilados-manifestacion-05.jpg?resize=800%2C445&#038;ssl=1\" alt=\"\" class=\"wp-image-125078\" srcset=\"https:\/\/i0.wp.com\/cdnoticias.com\/wp-content\/uploads\/2024\/09\/anses-jubilados-manifestacion-05.jpg?w=800&amp;ssl=1 800w, https:\/\/i0.wp.com\/cdnoticias.com\/wp-content\/uploads\/2024\/09\/anses-jubilados-manifestacion-05.jpg?resize=300%2C167&amp;ssl=1 300w, https:\/\/i0.wp.com\/cdnoticias.com\/wp-content\/uploads\/2024\/09\/anses-jubilados-manifestacion-05.jpg?resize=768%2C427&amp;ssl=1 768w\" sizes=\"auto, (max-width: 800px) 100vw, 800px\" \/><\/figure>\n\n\n\n<p><\/p>\n\n\n\n<p><strong>\u201cTenemos la obligaci\u00f3n y la responsabilidad de defender los derechos de las y los trabajadores, de quienes han aportado toda su vida y de quienes no han podido aportar porque sus trabajos no han sido registrados\u201d<\/strong>, se\u00f1alaron en micr\u00f3fono abierto desde la CTA.<\/p>\n\n\n\n<p><\/p>\n\n\n\n<p>Los asistentes desplegaron un cartel con la leyenda \u201ctodos con los jubilados\u201d como parte de la visibilizaci\u00f3n de la protesta. Adem\u00e1s juntaron firmas para respaldar el pedido. <\/p>\n\n\n\n<p><\/p>\n\n\n\n<figure class=\"wp-block-image size-full\"><img data-recalc-dims=\"1\" loading=\"lazy\" decoding=\"async\" width=\"800\" height=\"445\" src=\"https:\/\/i0.wp.com\/cdnoticias.com\/wp-content\/uploads\/2024\/09\/anses-jubilados-manifestacion-danelli-umpierrez-14.jpg?resize=800%2C445&#038;ssl=1\" alt=\"\" class=\"wp-image-125089\" srcset=\"https:\/\/i0.wp.com\/cdnoticias.com\/wp-content\/uploads\/2024\/09\/anses-jubilados-manifestacion-danelli-umpierrez-14.jpg?w=800&amp;ssl=1 800w, https:\/\/i0.wp.com\/cdnoticias.com\/wp-content\/uploads\/2024\/09\/anses-jubilados-manifestacion-danelli-umpierrez-14.jpg?resize=300%2C167&amp;ssl=1 300w, https:\/\/i0.wp.com\/cdnoticias.com\/wp-content\/uploads\/2024\/09\/anses-jubilados-manifestacion-danelli-umpierrez-14.jpg?resize=768%2C427&amp;ssl=1 768w\" sizes=\"auto, (max-width: 800px) 100vw, 800px\" \/><figcaption class=\"wp-element-caption\">Veronica Danelli (Suteba) y Nahuel Umpierrez (CTA). <\/figcaption><\/figure>\n\n\n\n<p><\/p>\n\n\n\n<p>En di\u00e1logo con <em>Central de Noticias<\/em>, <strong>Nahuel Umpierrez (CTA) y Ver\u00f3nica Danelli (Suteba) resaltaron las caracter\u00edsticas de la jornada <\/strong>que se enmarca en un plan de protesta a nivel nacional.<\/p>\n\n\n\n<p><\/p>\n\n\n\n<p>\u201cEs un abrazo simb\u00f3lico a un edificio simb\u00f3lico por lo que significa para nuestros jubilados y jubiladas; y tambi\u00e9n un abrazo a la luz de los \u00faltimos <strong>hechos de represi\u00f3n que han sucedido cada vez que los jubilados y las jubiladas se han manifestado, <\/strong>principalmente en Capital Federal\u201d, cont\u00f3 Umpierrez.<\/p>\n\n\n\n<p><\/p>\n\n\n\n<figure class=\"wp-block-image size-full\"><img data-recalc-dims=\"1\" loading=\"lazy\" decoding=\"async\" width=\"800\" height=\"445\" src=\"https:\/\/i0.wp.com\/cdnoticias.com\/wp-content\/uploads\/2024\/09\/anses-jubilados-manifestacion-11.jpg?resize=800%2C445&#038;ssl=1\" alt=\"\" class=\"wp-image-125084\" srcset=\"https:\/\/i0.wp.com\/cdnoticias.com\/wp-content\/uploads\/2024\/09\/anses-jubilados-manifestacion-11.jpg?w=800&amp;ssl=1 800w, https:\/\/i0.wp.com\/cdnoticias.com\/wp-content\/uploads\/2024\/09\/anses-jubilados-manifestacion-11.jpg?resize=300%2C167&amp;ssl=1 300w, https:\/\/i0.wp.com\/cdnoticias.com\/wp-content\/uploads\/2024\/09\/anses-jubilados-manifestacion-11.jpg?resize=768%2C427&amp;ssl=1 768w\" sizes=\"auto, (max-width: 800px) 100vw, 800px\" \/><\/figure>\n\n\n\n<p><\/p>\n\n\n\n<p>En ese sentido,<strong> el referente de CTA calific\u00f3 como \u201cmuy triste e indignante\u201d <\/strong>respecto a la violencia que vive este sector de la sociedad y se\u00f1al\u00f3 que \u201c<strong>en los gobiernos de corte neoliberal como es este, la variable de ajuste siempre son los jubilados, los trabajadores<\/strong>. Y nosotros decimos que los jubilados y los trabajadores, son el l\u00edmite\u201d.<\/p>\n\n\n\n<p><\/p>\n\n\n\n<p>Por su parte,<strong> Ver\u00f3nica Danelli se refiri\u00f3 al pedido que se realiza a los legisladores para que este mi\u00e9rcoles la C\u00e1mara de Diputados <\/strong>pueda votar nuevamente a favor de la ley:<strong> \u201cconfiamos en los representantes que vot\u00f3 el pueblo para que hoy se pueda dar quorum y tratar y se d\u00e9 un dictamen favorable\u201d.<\/strong><\/p>\n\n\n\n<p><\/p>\n\n\n\n<figure class=\"wp-block-image size-full\"><img data-recalc-dims=\"1\" loading=\"lazy\" decoding=\"async\" width=\"800\" height=\"445\" src=\"https:\/\/i0.wp.com\/cdnoticias.com\/wp-content\/uploads\/2024\/09\/anses-jubilados-manifestacion-06.jpg?resize=800%2C445&#038;ssl=1\" alt=\"\" class=\"wp-image-125079\" srcset=\"https:\/\/i0.wp.com\/cdnoticias.com\/wp-content\/uploads\/2024\/09\/anses-jubilados-manifestacion-06.jpg?w=800&amp;ssl=1 800w, https:\/\/i0.wp.com\/cdnoticias.com\/wp-content\/uploads\/2024\/09\/anses-jubilados-manifestacion-06.jpg?resize=300%2C167&amp;ssl=1 300w, https:\/\/i0.wp.com\/cdnoticias.com\/wp-content\/uploads\/2024\/09\/anses-jubilados-manifestacion-06.jpg?resize=768%2C427&amp;ssl=1 768w\" sizes=\"auto, (max-width: 800px) 100vw, 800px\" \/><\/figure>\n\n\n\n<p><\/p>\n\n\n\n<p>\u201cLa falta de empat\u00eda que ha demostrado tener quien nos conduce como Presidente de la Naci\u00f3n es absoluta\u201d, cerr\u00f3 Danelli.<\/p>\n\n\n\n<p><\/p>\n\n\n\n<figure class=\"wp-block-embed is-type-wp-embed is-provider-central-de-noticias-olavarr-a wp-block-embed-central-de-noticias-olavarr-a\"><div class=\"wp-block-embed__wrapper\">\n<blockquote class=\"wp-embedded-content\" data-secret=\"kZyxA6yYXv\"><a href=\"https:\/\/cdnoticias.com\/index.php\/2024\/09\/11\/hay-gente-que-ni-siquiera-puede-comprar-los-medicamentos\/\">\u201cHay gente que ni siquiera puede comprar los medicamentos\u201d<\/a><\/blockquote><iframe loading=\"lazy\" class=\"wp-embedded-content\" sandbox=\"allow-scripts\" security=\"restricted\" style=\"position: absolute; visibility: hidden;\" title=\"&#8220;\u201cHay gente que ni siquiera puede comprar los medicamentos\u201d&#8221; &#8212; Central de Noticias | Olavarr\u00eda\" src=\"https:\/\/cdnoticias.com\/index.php\/2024\/09\/11\/hay-gente-que-ni-siquiera-puede-comprar-los-medicamentos\/embed\/#?secret=oRdQoefsU3#?secret=kZyxA6yYXv\" data-secret=\"kZyxA6yYXv\" width=\"600\" height=\"338\" frameborder=\"0\" marginwidth=\"0\" marginheight=\"0\" scrolling=\"no\"><\/iframe>\n<\/div><\/figure>\n\n\n\n<p><\/p>\n","protected":false},"excerpt":{"rendered":"<p>La CTA junto a distintos sectores gremiales, pol\u00edticos y sociales realizaron un abrazo simb\u00f3lico al ANSES. \u201cTenemos la obligaci\u00f3n y<\/p>\n","protected":false},"author":2,"featured_media":125090,"comment_status":"closed","ping_status":"closed","sticky":false,"template":"","format":"standard","meta":{"_jetpack_memberships_contains_paid_content":false,"footnotes":""},"categories":[5,1],"tags":[],"class_list":["post-125072","post","type-post","status-publish","format-standard","has-post-thumbnail","hentry","category-informacion-general","category-portada"],"jetpack_featured_media_url":"https:\/\/i0.wp.com\/cdnoticias.com\/wp-content\/uploads\/2024\/09\/anses-jubilados-manifestacion-01-1.jpg?fit=800%2C445&ssl=1","jetpack_sharing_enabled":true,"_links":{"self":[{"href":"https:\/\/cdnoticias.com\/index.php\/wp-json\/wp\/v2\/posts\/125072","targetHints":{"allow":["GET"]}}],"collection":[{"href":"https:\/\/cdnoticias.com\/index.php\/wp-json\/wp\/v2\/posts"}],"about":[{"href":"https:\/\/cdnoticias.com\/index.php\/wp-json\/wp\/v2\/types\/post"}],"author":[{"embeddable":true,"href":"https:\/\/cdnoticias.com\/index.php\/wp-json\/wp\/v2\/users\/2"}],"replies":[{"embeddable":true,"href":"https:\/\/cdnoticias.com\/index.php\/wp-json\/wp\/v2\/comments?post=125072"}],"version-history":[{"count":0,"href":"https:\/\/cdnoticias.com\/index.php\/wp-json\/wp\/v2\/posts\/125072\/revisions"}],"wp:featuredmedia":[{"embeddable":true,"href":"https:\/\/cdnoticias.com\/index.php\/wp-json\/wp\/v2\/media\/125090"}],"wp:attachment":[{"href":"https:\/\/cdnoticias.com\/index.php\/wp-json\/wp\/v2\/media?parent=125072"}],"wp:term":[{"taxonomy":"category","embeddable":true,"href":"https:\/\/cdnoticias.com\/index.php\/wp-json\/wp\/v2\/categories?post=125072"},{"taxonomy":"post_tag","embeddable":true,"href":"https:\/\/cdnoticias.com\/index.php\/wp-json\/wp\/v2\/tags?post=125072"}],"curies":[{"name":"wp","href":"https:\/\/api.w.org\/{rel}","templated":true}]}}