{"id":125065,"date":"2024-09-11T09:33:09","date_gmt":"2024-09-11T12:33:09","guid":{"rendered":"https:\/\/cdnoticias.com\/?p=125065"},"modified":"2024-09-11T12:26:51","modified_gmt":"2024-09-11T15:26:51","slug":"allanan-una-vivienda-en-el-marco-de-una-causa-por-abigeato","status":"publish","type":"post","link":"https:\/\/cdnoticias.com\/index.php\/2024\/09\/11\/allanan-una-vivienda-en-el-marco-de-una-causa-por-abigeato\/","title":{"rendered":"Allanan una vivienda en el marco de una causa por abigeato"},"content":{"rendered":"\n<p>El domicilio est\u00e1 ubicado en la zona rural. Secuestraron una oveja, cuero y cortes varios de carne ovina y vacuna, una escopeta y municiones. Un imputado de 27 a\u00f1os y un menor de edad investigado.<\/p>\n\n\n\n<hr class=\"wp-block-separator has-alpha-channel-opacity\"\/>\n\n\n\n<p>El martes se concret\u00f3 un allanamiento en un domicilio de la zona rural de Olavarr\u00eda en el marco de la investigaci\u00f3n por un hecho ocurrido el 8 de septiembre cuando <strong>un productor local denuncio que le hab\u00edan robado dos ovejas.<\/strong><\/p>\n\n\n\n<p><\/p>\n\n\n\n<p>Efectivos del Comando de Prevenci\u00f3n Rural de Olavarr\u00eda concretaron el procedimiento y secuestraron <strong>un animal ovino en pie, cuero de una oveja recientemente faenada, con se\u00f1al propia del denunciante, cortes de carne ovina y vacuna que se encontraba en el interior de un freezer.<\/strong><\/p>\n\n\n\n<p><\/p>\n\n\n\n<p>Adem\u00e1s, se secuestr\u00f3 <strong>una escopeta calibre 28 y 20 cartuchos intactos del mismo calibre,<\/strong> sin documentaci\u00f3n.<\/p>\n\n\n\n<p><\/p>\n\n\n\n<blockquote class=\"wp-block-quote is-layout-flow wp-block-quote-is-layout-flow\">\n<p>Seg\u00fan se inform\u00f3, un joven de 27 a\u00f1os result\u00f3 imputado. Adem\u00e1s, se investiga la participaci\u00f3n de un menor de edad en el hecho.<\/p>\n<\/blockquote>\n\n\n\n<p><\/p>\n\n\n\n<figure class=\"wp-block-image size-full\"><img data-recalc-dims=\"1\" loading=\"lazy\" decoding=\"async\" width=\"800\" height=\"445\" src=\"https:\/\/i0.wp.com\/cdnoticias.com\/wp-content\/uploads\/2024\/09\/abigeato-02.jpg?resize=800%2C445&#038;ssl=1\" alt=\"\" class=\"wp-image-125067\" srcset=\"https:\/\/i0.wp.com\/cdnoticias.com\/wp-content\/uploads\/2024\/09\/abigeato-02.jpg?w=800&amp;ssl=1 800w, https:\/\/i0.wp.com\/cdnoticias.com\/wp-content\/uploads\/2024\/09\/abigeato-02.jpg?resize=300%2C167&amp;ssl=1 300w, https:\/\/i0.wp.com\/cdnoticias.com\/wp-content\/uploads\/2024\/09\/abigeato-02.jpg?resize=768%2C427&amp;ssl=1 768w\" sizes=\"auto, (max-width: 800px) 100vw, 800px\" \/><\/figure>\n\n\n\n<p><\/p>\n\n\n\n<p>A la causa inicial por abigeato, se suman una por \u201cInfracci\u00f3n al Art. 189 bis del C\u00f3digo Penal\u201d y, otra por \u201caveriguaci\u00f3n de il\u00edcito\u201d en relaci\u00f3n a la carne encontrada dentro del freezer.<\/p>\n","protected":false},"excerpt":{"rendered":"<p>El domicilio est\u00e1 ubicado en la zona rural. Secuestraron una oveja, cuero y cortes varios de carne ovina y vacuna,<\/p>\n","protected":false},"author":2,"featured_media":125066,"comment_status":"closed","ping_status":"closed","sticky":false,"template":"","format":"standard","meta":{"_jetpack_memberships_contains_paid_content":false,"footnotes":""},"categories":[14,1],"tags":[],"class_list":["post-125065","post","type-post","status-publish","format-standard","has-post-thumbnail","hentry","category-policiales","category-portada"],"jetpack_featured_media_url":"https:\/\/i0.wp.com\/cdnoticias.com\/wp-content\/uploads\/2024\/09\/abigeato-01.jpg?fit=800%2C445&ssl=1","jetpack_sharing_enabled":true,"_links":{"self":[{"href":"https:\/\/cdnoticias.com\/index.php\/wp-json\/wp\/v2\/posts\/125065","targetHints":{"allow":["GET"]}}],"collection":[{"href":"https:\/\/cdnoticias.com\/index.php\/wp-json\/wp\/v2\/posts"}],"about":[{"href":"https:\/\/cdnoticias.com\/index.php\/wp-json\/wp\/v2\/types\/post"}],"author":[{"embeddable":true,"href":"https:\/\/cdnoticias.com\/index.php\/wp-json\/wp\/v2\/users\/2"}],"replies":[{"embeddable":true,"href":"https:\/\/cdnoticias.com\/index.php\/wp-json\/wp\/v2\/comments?post=125065"}],"version-history":[{"count":0,"href":"https:\/\/cdnoticias.com\/index.php\/wp-json\/wp\/v2\/posts\/125065\/revisions"}],"wp:featuredmedia":[{"embeddable":true,"href":"https:\/\/cdnoticias.com\/index.php\/wp-json\/wp\/v2\/media\/125066"}],"wp:attachment":[{"href":"https:\/\/cdnoticias.com\/index.php\/wp-json\/wp\/v2\/media?parent=125065"}],"wp:term":[{"taxonomy":"category","embeddable":true,"href":"https:\/\/cdnoticias.com\/index.php\/wp-json\/wp\/v2\/categories?post=125065"},{"taxonomy":"post_tag","embeddable":true,"href":"https:\/\/cdnoticias.com\/index.php\/wp-json\/wp\/v2\/tags?post=125065"}],"curies":[{"name":"wp","href":"https:\/\/api.w.org\/{rel}","templated":true}]}}