{"id":125051,"date":"2024-09-11T11:17:41","date_gmt":"2024-09-11T14:17:41","guid":{"rendered":"https:\/\/cdnoticias.com\/?p=125051"},"modified":"2024-09-11T11:17:42","modified_gmt":"2024-09-11T14:17:42","slug":"vacunacion-antirrabica-este-viernes-habra-un-puesto-en-el-barrio-pickelado","status":"publish","type":"post","link":"https:\/\/cdnoticias.com\/index.php\/2024\/09\/11\/vacunacion-antirrabica-este-viernes-habra-un-puesto-en-el-barrio-pickelado\/","title":{"rendered":"Vacunaci\u00f3n antirr\u00e1bica: Este viernes habr\u00e1 un puesto en el barrio Pickelado"},"content":{"rendered":"\n<p>La actividad fue reprogramada debido a las condiciones clim\u00e1ticas de este martes. C\u00f3mo sigue el cronograma.<\/p>\n\n\n\n<hr class=\"wp-block-separator aligncenter has-alpha-channel-opacity\"\/>\n\n\n\n<p>Desde la <strong>Direcci\u00f3n de Bromatolog\u00eda<\/strong> se inform\u00f3 que se encuentra en marcha una <strong>nueva campa\u00f1a de vacunaci\u00f3n antirr\u00e1bica<\/strong>, marco en el cual durante las pr\u00f3ximas semanas se dispondr\u00e1n puestos de atenci\u00f3n y aplicaci\u00f3n en distintos puntos de todo el Partido.<\/p>\n\n\n\n<p><\/p>\n\n\n\n<p>Este martes estaba programada una jornada a realizarse en el<strong> barrio Pickelado,<\/strong> la cual <strong>debi\u00f3 postergarse debido a las condiciones clim\u00e1ticas adversas<\/strong>.<\/p>\n\n\n\n<p><\/p>\n\n\n\n<blockquote class=\"wp-block-quote is-layout-flow wp-block-quote-is-layout-flow\">\n<p>Se detall\u00f3 que la actividad fue reprogramada para el pr\u00f3ximo viernes 13, de 9:00 a 12:30 horas, en la Plaza de Coronel Su\u00e1rez y Larralde.<\/p>\n<\/blockquote>\n\n\n\n<p><\/p>\n\n\n\n<p>Se recuerda, a la par, los puestos de vacunaci\u00f3n restantes de la corriente semana:<\/p>\n\n\n\n<ul class=\"wp-block-list\">\n<li>Mi\u00e9rcoles 11: Barrio Obrero, de 9 a 12:30 horas, en el CAPS N\u00b0 1 de avenida Del Valle y C. Mu\u00f1oz.<\/li>\n<\/ul>\n\n\n\n<ul class=\"wp-block-list\">\n<li>Jueves 12: Barrio Acupo I, de 10 a 12:30 horas, en el CAPS N\u00b0 25 de Juan Pablo II y R. S\u00e1enz Pe\u00f1a.<\/li>\n<\/ul>\n\n\n\n<p><\/p>\n\n\n\n<p>La actividad busca promover la<strong> vacunaci\u00f3n contra la rabia en animales<\/strong>, debido a que es la principal medida de prevenci\u00f3n para esta enfermedad, y tambi\u00e9n sensibilizar sobre el cuidado responsable de animales de compa\u00f1\u00eda.<\/p>\n\n\n\n<p><\/p>\n\n\n\n<p>La rabia es una enfermedad producida por un virus que afecta al sistema nervioso central de los mam\u00edferos, incluidas las personas. No tiene cura y el tratamiento solo es eficaz si se aplica antes del inicio de los s\u00edntomas. Por eso, es fundamental prevenirla.<\/p>\n\n\n\n<p><\/p>\n","protected":false},"excerpt":{"rendered":"<p>La actividad fue reprogramada debido a las condiciones clim\u00e1ticas de este martes. C\u00f3mo sigue el cronograma. Desde la Direcci\u00f3n de<\/p>\n","protected":false},"author":6,"featured_media":97745,"comment_status":"closed","ping_status":"closed","sticky":false,"template":"","format":"standard","meta":{"_jetpack_memberships_contains_paid_content":false,"footnotes":""},"categories":[5,1],"tags":[],"class_list":["post-125051","post","type-post","status-publish","format-standard","has-post-thumbnail","hentry","category-informacion-general","category-portada"],"jetpack_featured_media_url":"https:\/\/i0.wp.com\/cdnoticias.com\/wp-content\/uploads\/2023\/09\/vacunacion-antirrabica-animales-04.jpg?fit=800%2C445&ssl=1","jetpack_sharing_enabled":true,"_links":{"self":[{"href":"https:\/\/cdnoticias.com\/index.php\/wp-json\/wp\/v2\/posts\/125051","targetHints":{"allow":["GET"]}}],"collection":[{"href":"https:\/\/cdnoticias.com\/index.php\/wp-json\/wp\/v2\/posts"}],"about":[{"href":"https:\/\/cdnoticias.com\/index.php\/wp-json\/wp\/v2\/types\/post"}],"author":[{"embeddable":true,"href":"https:\/\/cdnoticias.com\/index.php\/wp-json\/wp\/v2\/users\/6"}],"replies":[{"embeddable":true,"href":"https:\/\/cdnoticias.com\/index.php\/wp-json\/wp\/v2\/comments?post=125051"}],"version-history":[{"count":0,"href":"https:\/\/cdnoticias.com\/index.php\/wp-json\/wp\/v2\/posts\/125051\/revisions"}],"wp:featuredmedia":[{"embeddable":true,"href":"https:\/\/cdnoticias.com\/index.php\/wp-json\/wp\/v2\/media\/97745"}],"wp:attachment":[{"href":"https:\/\/cdnoticias.com\/index.php\/wp-json\/wp\/v2\/media?parent=125051"}],"wp:term":[{"taxonomy":"category","embeddable":true,"href":"https:\/\/cdnoticias.com\/index.php\/wp-json\/wp\/v2\/categories?post=125051"},{"taxonomy":"post_tag","embeddable":true,"href":"https:\/\/cdnoticias.com\/index.php\/wp-json\/wp\/v2\/tags?post=125051"}],"curies":[{"name":"wp","href":"https:\/\/api.w.org\/{rel}","templated":true}]}}