{"id":125044,"date":"2024-09-11T19:54:47","date_gmt":"2024-09-11T22:54:47","guid":{"rendered":"https:\/\/cdnoticias.com\/?p=125044"},"modified":"2024-09-12T17:50:31","modified_gmt":"2024-09-12T20:50:31","slug":"comienza-la-etapa-regional-de-los-juegos-escolares-bonaerenses","status":"publish","type":"post","link":"https:\/\/cdnoticias.com\/index.php\/2024\/09\/11\/comienza-la-etapa-regional-de-los-juegos-escolares-bonaerenses\/","title":{"rendered":"Comienza la Etapa Regional de los Juegos Escolares Bonaerenses"},"content":{"rendered":"\n<p>El pr\u00f3ximo jueves 12 de septiembre se realizar\u00e1 una nueva jornada en nuestra ciudad con una serie de competencias deportivas con la participaci\u00f3n de m\u00e1s de 1000 estudiantes.<\/p>\n\n\n\n<hr class=\"wp-block-separator aligncenter has-alpha-channel-opacity\"\/>\n\n\n\n<p>Con una serie de <strong>competencias deportivas de formaci\u00f3n<\/strong> se llevar\u00e1 a cabo en nuestra ciudad la <strong>etapa regional de la segunda edici\u00f3n 2024 de los Juegos Escolares Bonaerenses<\/strong> que permitieron la <strong>participaci\u00f3n de unos 1000 estudiantes<\/strong> del \u00faltimo a\u00f1o de escuelas primarias, de escuelas especiales y de Centros de Educaci\u00f3n F\u00edsica.<\/p>\n\n\n\n<p><\/p>\n\n\n\n<p>La <strong>apertura tendr\u00e1 lugar el jueves 12 de septiembre en el Gimnasio 19 de Febrero del Barrio CECO <\/strong>y contar\u00e1 con la presencia de las <strong>delegaciones de los distritos de Azul, Bol\u00edvar, Olavarr\u00eda y Tapalqu\u00e9<\/strong> y autoridades municipales y educativas.<\/p>\n\n\n\n<p><\/p>\n\n\n\n<p>Los Juegos Escolares Bonaerenses son una propuesta de la Direcci\u00f3n de Educaci\u00f3n F\u00edsica de la Direcci\u00f3n General de Cultura y Educaci\u00f3n de la Provincia de Buenos Aires que en Olavarr\u00eda cuenta con el acompa\u00f1amiento del Municipio y del Consejo Escolar.<\/p>\n\n\n\n<p><\/p>\n\n\n\n<blockquote class=\"wp-block-quote is-layout-flow wp-block-quote-is-layout-flow\">\n<p>En particular, el Consejo Escolar ha realizado una inversi\u00f3n de $2.407.000 pesos en transporte y $500.000 pesos en elementos de limpieza e insumos de alimentos para garantizar la participaci\u00f3n y la asistencia.<\/p>\n<\/blockquote>\n\n\n\n<p><\/p>\n\n\n\n<p>La actividad tiene como objetivo \u201c<em>contribuir al desarrollo integral de las y los estudiantes, fomentar su participaci\u00f3n l\u00fadica y deportiva, adem\u00e1s de poner en valor el trabajo grupal, la inclusi\u00f3n, el disfrute, la perspectiva de g\u00e9nero, el trabajo entre pares, los valores como el respeto y la solidaridad y el compa\u00f1erismo\u201d<\/em> indicaron.<\/p>\n\n\n\n<p><\/p>\n\n\n\n<p>Adem\u00e1s, se expres\u00f3 que \u201cMini handball, mini v\u00f3ley, mini f\u00fatbol, atletismo, softbol, ringosport y mini b\u00e1squet y tambi\u00e9n los denominados deportes alternativos son las disciplinas que se desarrollaron en cada una de las instancias escolares y distritales y que tendr\u00e1n su corolario en la final de Mar del Plata y donde asistir\u00e1n los ganadores de esta etapa regional\u201d.<\/p>\n\n\n\n<p><\/p>\n\n\n\n<p>Por \u00faltimo, se destac\u00f3 la organizaci\u00f3n a cargo de los equipos de trabajo de los Centros de Educaci\u00f3n F\u00edsica del Distrito de Olavarr\u00eda: CEF N\u00b044, 100, 124 y San Antonio y la colaboraci\u00f3n de los estudiantes del Instituto Superior de Educaci\u00f3n F\u00edsica N\u00b047 y de Escuela Secundaria Orientada en Educaci\u00f3n F\u00edsica.<\/p>\n\n\n\n<p><\/p>\n\n\n\n<p class=\"has-medium-font-size\"><strong>Cronograma completo<\/strong><\/p>\n\n\n\n<ul class=\"wp-block-list\">\n<li>8:30: Llegada de las Delegaciones y Acreditaci\u00f3n<\/li>\n<\/ul>\n\n\n\n<ul class=\"wp-block-list\">\n<li>9:00: Palabras de Bienvenida de Autoridades<\/li>\n<\/ul>\n\n\n\n<ul class=\"wp-block-list\">\n<li>9:30: Comienzo de la Jornada Deportiva<\/li>\n<\/ul>\n\n\n\n<ul class=\"wp-block-list\">\n<li>Pista de Atletismo Miniatletismo<\/li>\n<\/ul>\n\n\n\n<ul class=\"wp-block-list\">\n<li>Predio frente a la Pista Mini Futbol y Softbol<\/li>\n<\/ul>\n\n\n\n<ul class=\"wp-block-list\">\n<li>Gimnasio 19 de Febrero Minihandball \u2013 Minivoley<\/li>\n<\/ul>\n\n\n\n<ul class=\"wp-block-list\">\n<li>Gimnasio 19 de Febrero Ringosport<\/li>\n<\/ul>\n\n\n\n<ul class=\"wp-block-list\">\n<li>Gimnasio 19 de Febrero B\u00e1squet 3 vs 3 a la finalizaci\u00f3n de Minihandball<\/li>\n<\/ul>\n\n\n\n<ul class=\"wp-block-list\">\n<li>15:00: Finalizaci\u00f3n de la Jornada<\/li>\n<\/ul>\n","protected":false},"excerpt":{"rendered":"<p>El pr\u00f3ximo jueves 12 de septiembre se realizar\u00e1 una nueva jornada en nuestra ciudad con una serie de competencias deportivas<\/p>\n","protected":false},"author":6,"featured_media":119346,"comment_status":"closed","ping_status":"closed","sticky":false,"template":"","format":"standard","meta":{"_jetpack_memberships_contains_paid_content":false,"footnotes":""},"categories":[5,1],"tags":[],"class_list":["post-125044","post","type-post","status-publish","format-standard","has-post-thumbnail","hentry","category-informacion-general","category-portada"],"jetpack_featured_media_url":"https:\/\/i0.wp.com\/cdnoticias.com\/wp-content\/uploads\/2024\/06\/Juegos-Escolares-Bonaerenses-01.jpg?fit=1000%2C556&ssl=1","jetpack_sharing_enabled":true,"_links":{"self":[{"href":"https:\/\/cdnoticias.com\/index.php\/wp-json\/wp\/v2\/posts\/125044","targetHints":{"allow":["GET"]}}],"collection":[{"href":"https:\/\/cdnoticias.com\/index.php\/wp-json\/wp\/v2\/posts"}],"about":[{"href":"https:\/\/cdnoticias.com\/index.php\/wp-json\/wp\/v2\/types\/post"}],"author":[{"embeddable":true,"href":"https:\/\/cdnoticias.com\/index.php\/wp-json\/wp\/v2\/users\/6"}],"replies":[{"embeddable":true,"href":"https:\/\/cdnoticias.com\/index.php\/wp-json\/wp\/v2\/comments?post=125044"}],"version-history":[{"count":0,"href":"https:\/\/cdnoticias.com\/index.php\/wp-json\/wp\/v2\/posts\/125044\/revisions"}],"wp:featuredmedia":[{"embeddable":true,"href":"https:\/\/cdnoticias.com\/index.php\/wp-json\/wp\/v2\/media\/119346"}],"wp:attachment":[{"href":"https:\/\/cdnoticias.com\/index.php\/wp-json\/wp\/v2\/media?parent=125044"}],"wp:term":[{"taxonomy":"category","embeddable":true,"href":"https:\/\/cdnoticias.com\/index.php\/wp-json\/wp\/v2\/categories?post=125044"},{"taxonomy":"post_tag","embeddable":true,"href":"https:\/\/cdnoticias.com\/index.php\/wp-json\/wp\/v2\/tags?post=125044"}],"curies":[{"name":"wp","href":"https:\/\/api.w.org\/{rel}","templated":true}]}}