{"id":125039,"date":"2024-09-10T19:00:11","date_gmt":"2024-09-10T22:00:11","guid":{"rendered":"https:\/\/cdnoticias.com\/?p=125039"},"modified":"2024-09-10T20:15:40","modified_gmt":"2024-09-10T23:15:40","slug":"dia-mundial-de-la-prevencion-del-suicidio-como-adultos-tenemos-que-estar-muy-atentos-a-nuestros-adolescentes","status":"publish","type":"post","link":"https:\/\/cdnoticias.com\/index.php\/2024\/09\/10\/dia-mundial-de-la-prevencion-del-suicidio-como-adultos-tenemos-que-estar-muy-atentos-a-nuestros-adolescentes\/","title":{"rendered":"D\u00eda Mundial de la Prevenci\u00f3n del Suicidio: \u201ccomo adultos tenemos que estar muy atentos a nuestros adolescentes\u201d"},"content":{"rendered":"\n<p>Lo expres\u00f3 la Licenciada en Psicolog\u00eda Claudia Montero. Remarc\u00f3 la importancia de visibilizar la tem\u00e1tica y c\u00f3mo pedir ayuda a profesionales a la hora de detectar s\u00edntomas de depresi\u00f3n.<\/p>\n\n\n\n<hr class=\"wp-block-separator aligncenter has-alpha-channel-opacity\"\/>\n\n\n\n<p>Cada <strong>10 de septiembre<\/strong> se conmemora el <strong>D\u00eda Mundial de la Prevenci\u00f3n del Suicidio. <\/strong>Seg\u00fan la Organizaci\u00f3n Mundial de la Salud, cada a\u00f1o,<strong> cerca de 703 mil personas se quitan la vida en el mundo.<\/strong><\/p>\n\n\n\n<p><\/p>\n\n\n\n<p>La<strong> Licenciada en Psicolog\u00eda Claudia Montero, <\/strong>dialog\u00f3 con <em>Radio Universidad 90.1<\/em> sobre la tem\u00e1tica y expres\u00f3 que \u201c<strong><em>hoy las cifras de suicidios son realmente alarmantes a nivel mundial. Me parece muy bien que se pueda visibilizar y no como antes que se cre\u00eda que hablar de estos temas significaba que iba a haber m\u00e1s suicidios, al contrario, como adultos tenemos que estar muy atentos, principalmente a nuestros adolescentes, que hoy tambi\u00e9n las cifras son muy grandes en este rango etario\u201d.<\/em><\/strong><\/p>\n\n\n\n<p><\/p>\n\n\n\n<blockquote class=\"wp-block-quote is-layout-flow wp-block-quote-is-layout-flow\">\n<p>A modo de reflexi\u00f3n, Montero indic\u00f3 que \u201choy vivimos en una sociedad que requiere de mucha exigencia, de mucha visibilidad. A veces exponernos a todo esto que la sociedad desea que hagamos requiere de una gran preparaci\u00f3n y de mucha salud mental, que es tan importante como nuestra salud f\u00edsica\u201d.<\/p>\n<\/blockquote>\n\n\n\n<p><\/p>\n\n\n\n<p>\u201cEl suicidio puede ser por varios fen\u00f3menos, ya sean<strong> biol\u00f3gicos, psicol\u00f3gicos o sociales<\/strong>. Las causas pueden ser varias pero el trastorno donde m\u00e1s se ve es en los casos de <strong>depresi\u00f3n o ansiedad<\/strong>\u201d cont\u00f3 la psic\u00f3loga.<\/p>\n\n\n\n<p><\/p>\n\n\n\n<p>Sobre la depresi\u00f3n, Montero explic\u00f3 que \u201ces una tristeza muy profunda en donde el paciente comienza con ciertos indicadores que<strong> si no le prestamos atenci\u00f3n pueden llegar a caer en una depresi\u00f3n constante<\/strong>. La tristeza, por su parte, &nbsp;es una emoci\u00f3n negativa. <strong>Es normal tener tristeza y a veces hasta es necesaria.<\/strong> El problema es cuando esa tristeza se prolonga en el tiempo y <strong>el paciente desconecta sus lazos sociales y comienza a excluirse de la realidad\u201d.<\/strong><\/p>\n\n\n\n<p><\/p>\n\n\n\n<p class=\"has-medium-font-size\"><strong>La importancia del tratamiento en la escuela y la ayuda de los terapeutas<\/strong><\/p>\n\n\n\n<p>Montero remarc\u00f3 que \u201choy dentro de todas las instituciones, <strong>la escuela es la mejor posicionada en mirar observar y escuchar a nuestros ni\u00f1os y adolescentes. <\/strong>Es de gran ayuda pero tenemos que seguir entrenando esta mirada y esa escucha\u201d.<\/p>\n\n\n\n<p><\/p>\n\n\n\n<blockquote class=\"wp-block-quote is-layout-flow wp-block-quote-is-layout-flow\">\n<p>\u201cDesde los adultos tenemos que empezar a bajar ese <em>\u201cdedito acusador de los adolescentes nos saben nada, est\u00e1n perdidos, yo a tu edad\u2026\u201d <\/em>Los que trabajamos con ni\u00f1os y adolescentes tenemos mucho que aprender de ellos, que vienen con una filosof\u00eda de vida que estar\u00eda bueno poder escucharla y poder a pensar en conjunto\u201d sostuvo la psic\u00f3loga.<\/p>\n<\/blockquote>\n\n\n\n<p><\/p>\n\n\n\n<p>A la hora de pedir ayuda, Montero expres\u00f3 que <strong>\u201csi como adultos no podemos sostenerlos hay que empezar a pedir ayuda porque ellos tambi\u00e9n tienen cosas para decirnos, para construir y nos necesitan al lado. <\/strong>Hay muchas familias que se ven desbordadas ya con ni\u00f1os de 4 a\u00f1os porque nos cuestionan cosas que antes no pasaban y hace que estemos m\u00e1s presionados\u201d cont\u00f3.<\/p>\n\n\n\n<p><\/p>\n\n\n\n<p>\u201cEn los adolescentes es normal que el joven cuestione. Hay cambios emocionales, f\u00edsicos, neurol\u00f3gicos que son propios de la edad y a los adultos se les dificulta cada m\u00e1s. <strong>Est\u00e1 bien decir no puedo y quiero que me orienten. <\/strong>Creo que los psic\u00f3logos hoy son de gran ayuda\u201d cerr\u00f3. &nbsp;<\/p>\n\n\n\n<p><\/p>\n","protected":false},"excerpt":{"rendered":"<p>Lo expres\u00f3 la Licenciada en Psicolog\u00eda Claudia Montero. Remarc\u00f3 la importancia de visibilizar la tem\u00e1tica y c\u00f3mo pedir ayuda a<\/p>\n","protected":false},"author":6,"featured_media":125041,"comment_status":"closed","ping_status":"closed","sticky":false,"template":"","format":"standard","meta":{"_jetpack_memberships_contains_paid_content":false,"footnotes":""},"categories":[5,1],"tags":[],"class_list":["post-125039","post","type-post","status-publish","format-standard","has-post-thumbnail","hentry","category-informacion-general","category-portada"],"jetpack_featured_media_url":"https:\/\/i0.wp.com\/cdnoticias.com\/wp-content\/uploads\/2024\/09\/depresion.webp?fit=790%2C527&ssl=1","jetpack_sharing_enabled":true,"_links":{"self":[{"href":"https:\/\/cdnoticias.com\/index.php\/wp-json\/wp\/v2\/posts\/125039","targetHints":{"allow":["GET"]}}],"collection":[{"href":"https:\/\/cdnoticias.com\/index.php\/wp-json\/wp\/v2\/posts"}],"about":[{"href":"https:\/\/cdnoticias.com\/index.php\/wp-json\/wp\/v2\/types\/post"}],"author":[{"embeddable":true,"href":"https:\/\/cdnoticias.com\/index.php\/wp-json\/wp\/v2\/users\/6"}],"replies":[{"embeddable":true,"href":"https:\/\/cdnoticias.com\/index.php\/wp-json\/wp\/v2\/comments?post=125039"}],"version-history":[{"count":0,"href":"https:\/\/cdnoticias.com\/index.php\/wp-json\/wp\/v2\/posts\/125039\/revisions"}],"wp:featuredmedia":[{"embeddable":true,"href":"https:\/\/cdnoticias.com\/index.php\/wp-json\/wp\/v2\/media\/125041"}],"wp:attachment":[{"href":"https:\/\/cdnoticias.com\/index.php\/wp-json\/wp\/v2\/media?parent=125039"}],"wp:term":[{"taxonomy":"category","embeddable":true,"href":"https:\/\/cdnoticias.com\/index.php\/wp-json\/wp\/v2\/categories?post=125039"},{"taxonomy":"post_tag","embeddable":true,"href":"https:\/\/cdnoticias.com\/index.php\/wp-json\/wp\/v2\/tags?post=125039"}],"curies":[{"name":"wp","href":"https:\/\/api.w.org\/{rel}","templated":true}]}}