{"id":12503,"date":"2021-01-29T11:43:13","date_gmt":"2021-01-29T14:43:13","guid":{"rendered":"http:\/\/www.centraldenoticias.com.ar\/?p=12503"},"modified":"2021-01-29T11:43:13","modified_gmt":"2021-01-29T14:43:13","slug":"emo-nuevamente-sera-prestador-de-pami-para-emergencias-y-traslados","status":"publish","type":"post","link":"https:\/\/cdnoticias.com\/index.php\/2021\/01\/29\/emo-nuevamente-sera-prestador-de-pami-para-emergencias-y-traslados\/","title":{"rendered":"EMO nuevamente ser\u00e1 prestador de PAMI para emergencias y traslados"},"content":{"rendered":"<p>El convenio comenzar\u00e1 a regir desde el 1 de febrero, seg\u00fan lo confirm\u00f3 el titular del organismo nacional, Jorge Garaiz.<!--more--><\/p>\n<hr \/>\n<p><strong>La empresa local EMO ser\u00e1 nuevamente prestadora de PAMI para emergencias y traslados<\/strong>, seg\u00fan lo confirm\u00f3 el titular del organismo, Jorge Garaiz. Ser\u00e1 desde el 1 de febrero.<\/p>\n<p>&nbsp;<\/p>\n<p><img data-recalc-dims=\"1\" loading=\"lazy\" decoding=\"async\" class=\"alignnone size-full wp-image-12504\" src=\"https:\/\/i0.wp.com\/cdnoticias.com\/wp-content\/uploads\/2021\/01\/WhatsApp-Image-2021-01-29-at-10.24.49.jpeg?resize=800%2C433&#038;ssl=1\" alt=\"\" width=\"800\" height=\"433\" srcset=\"https:\/\/i0.wp.com\/cdnoticias.com\/wp-content\/uploads\/2021\/01\/WhatsApp-Image-2021-01-29-at-10.24.49.jpeg?w=1280&amp;ssl=1 1280w, https:\/\/i0.wp.com\/cdnoticias.com\/wp-content\/uploads\/2021\/01\/WhatsApp-Image-2021-01-29-at-10.24.49.jpeg?resize=300%2C162&amp;ssl=1 300w, https:\/\/i0.wp.com\/cdnoticias.com\/wp-content\/uploads\/2021\/01\/WhatsApp-Image-2021-01-29-at-10.24.49.jpeg?resize=768%2C416&amp;ssl=1 768w, https:\/\/i0.wp.com\/cdnoticias.com\/wp-content\/uploads\/2021\/01\/WhatsApp-Image-2021-01-29-at-10.24.49.jpeg?resize=1024%2C554&amp;ssl=1 1024w\" sizes=\"auto, (max-width: 800px) 100vw, 800px\" \/><\/p>\n<p>&nbsp;<\/p>\n<p>Garaiz expres\u00f3, minutos despu\u00e9s de la firma del convenio, que <em>\u201ces una muy buena noticia que vuelva una empresa local a prestar estos servicios y podamos trabajar en conjunto para una mejor atenci\u00f3n de los afiliados y afiliadas\u201d.<\/em><\/p>\n<blockquote>\n<p>A su vez se puso a disposici\u00f3n una nueva l\u00ednea telef\u00f3nica: las personas que tengan que comunicarse con PAMI por alguna emergencia m\u00e9dica podr\u00e1n hacerlo al 0800 333 5205.<\/p><\/blockquote>\n<p>De la firma del convenio participaron Nelson Sombra Director de UGL 30 de Azul y Jorge Garaiz titular de la agencia PAMI Olavarr\u00eda; y Alfredo Colom, Mariano Galarza, Orfel Spinella e Ignacio Spinella por EMO.<\/p>\n","protected":false},"excerpt":{"rendered":"<p>El convenio comenzar\u00e1 a regir desde el 1 de febrero, seg\u00fan lo confirm\u00f3 el titular del organismo nacional, Jorge Garaiz.<\/p>\n","protected":false},"author":2,"featured_media":12505,"comment_status":"closed","ping_status":"closed","sticky":false,"template":"","format":"standard","meta":{"_jetpack_memberships_contains_paid_content":false,"footnotes":""},"categories":[5,1],"tags":[],"class_list":["post-12503","post","type-post","status-publish","format-standard","has-post-thumbnail","hentry","category-informacion-general","category-portada"],"jetpack_featured_media_url":"https:\/\/i0.wp.com\/cdnoticias.com\/wp-content\/uploads\/2021\/01\/WhatsApp-Image-2021-01-29-at-10.24.48.jpeg?fit=1280%2C794&ssl=1","jetpack_sharing_enabled":true,"_links":{"self":[{"href":"https:\/\/cdnoticias.com\/index.php\/wp-json\/wp\/v2\/posts\/12503","targetHints":{"allow":["GET"]}}],"collection":[{"href":"https:\/\/cdnoticias.com\/index.php\/wp-json\/wp\/v2\/posts"}],"about":[{"href":"https:\/\/cdnoticias.com\/index.php\/wp-json\/wp\/v2\/types\/post"}],"author":[{"embeddable":true,"href":"https:\/\/cdnoticias.com\/index.php\/wp-json\/wp\/v2\/users\/2"}],"replies":[{"embeddable":true,"href":"https:\/\/cdnoticias.com\/index.php\/wp-json\/wp\/v2\/comments?post=12503"}],"version-history":[{"count":0,"href":"https:\/\/cdnoticias.com\/index.php\/wp-json\/wp\/v2\/posts\/12503\/revisions"}],"wp:featuredmedia":[{"embeddable":true,"href":"https:\/\/cdnoticias.com\/index.php\/wp-json\/wp\/v2\/media\/12505"}],"wp:attachment":[{"href":"https:\/\/cdnoticias.com\/index.php\/wp-json\/wp\/v2\/media?parent=12503"}],"wp:term":[{"taxonomy":"category","embeddable":true,"href":"https:\/\/cdnoticias.com\/index.php\/wp-json\/wp\/v2\/categories?post=12503"},{"taxonomy":"post_tag","embeddable":true,"href":"https:\/\/cdnoticias.com\/index.php\/wp-json\/wp\/v2\/tags?post=12503"}],"curies":[{"name":"wp","href":"https:\/\/api.w.org\/{rel}","templated":true}]}}