{"id":125020,"date":"2024-09-10T16:11:56","date_gmt":"2024-09-10T19:11:56","guid":{"rendered":"https:\/\/cdnoticias.com\/?p=125020"},"modified":"2024-09-10T16:11:58","modified_gmt":"2024-09-10T19:11:58","slug":"hcd-el-bloque-libertario-propuso-un-cambio-en-el-plan-tuvi","status":"publish","type":"post","link":"https:\/\/cdnoticias.com\/index.php\/2024\/09\/10\/hcd-el-bloque-libertario-propuso-un-cambio-en-el-plan-tuvi\/","title":{"rendered":"HCD: el bloque libertario propuso un cambio en el Plan TUVI"},"content":{"rendered":"<p>La bancada present\u00f3 un proyecto de ordenanza para \u201cfinanciar el terreno en la misma cantidad de cuotas que la vivienda\u201d. Sostuvieron que \u201cel gobierno municipal cuenta con un contexto favorable\u201d en t\u00e9rminos financieros.<!--more--><\/p>\n<hr \/>\n<p>En el <strong>Concejo Deliberante<\/strong> se present\u00f3 un <strong>proyecto para modificar el Plan TUVI<\/strong>: es una <strong>iniciativa del bloque La Libertad Avanza<\/strong> para impulsar <strong>cambios en la forma de cobro de los terrenos.<\/strong><\/p>\n<p>Se trata de la <strong>segunda iniciativa que pretende cambios en el programa municipal de viviendas<\/strong>: la primera fue <a href=\"https:\/\/cdnoticias.com\/index.php\/2024\/08\/15\/el-ejecutivo-propuso-cambios-en-la-ordenanza-del-programa-tuvi\/\" target=\"_blank\" rel=\"noopener\">presentada por el Ejecutivo a principios de agosto<\/a> y ya se analiza en las comisiones del Concejo. En tanto, el <a href=\"https:\/\/cdnoticias.com\/index.php\/2024\/09\/08\/la-idea-del-municipio-es-llegar-con-soluciones-habitacionales-a-todas-las-ramas-de-vecinos\/\" target=\"_blank\" rel=\"noopener\">director de Regularizaci\u00f3n Dominial, Juan S\u00e1nchez, expuso la intenci\u00f3n de discontinuar el programa<\/a> tras la <a href=\"https:\/\/cdnoticias.com\/index.php\/2024\/09\/05\/pickelado-finalizaron-16-viviendas-y-seran-sorteadas-entre-inscriptos-al-programa-municipal-de-vivienda\/\" target=\"_blank\" rel=\"noopener\">pr\u00f3xima entrega de 16 casas<\/a>.<\/p>\n<blockquote><p>En cuanto al proyecto del sector libertario, se inform\u00f3 que tiene como objetivo que se incorpore una cl\u00e1usula para \u201cfinanciar el terreno en la misma cantidad de cuotas que la vivienda\u201d. Sostuvieron que \u201cel gobierno municipal cuenta con un contexto favorable\u201d en t\u00e9rminos financieros.<\/p><\/blockquote>\n<p><img data-recalc-dims=\"1\" loading=\"lazy\" decoding=\"async\" class=\"size-full wp-image-124893 aligncenter\" src=\"https:\/\/i0.wp.com\/cdnoticias.com\/wp-content\/uploads\/2024\/09\/viviendas-TUVI-construccion-tradicional.jpg?resize=800%2C445&#038;ssl=1\" alt=\"\" width=\"800\" height=\"445\" srcset=\"https:\/\/i0.wp.com\/cdnoticias.com\/wp-content\/uploads\/2024\/09\/viviendas-TUVI-construccion-tradicional.jpg?w=800&amp;ssl=1 800w, https:\/\/i0.wp.com\/cdnoticias.com\/wp-content\/uploads\/2024\/09\/viviendas-TUVI-construccion-tradicional.jpg?resize=300%2C167&amp;ssl=1 300w, https:\/\/i0.wp.com\/cdnoticias.com\/wp-content\/uploads\/2024\/09\/viviendas-TUVI-construccion-tradicional.jpg?resize=768%2C427&amp;ssl=1 768w\" sizes=\"auto, (max-width: 800px) 100vw, 800px\" \/><\/p>\n<p>Cabe se\u00f1alar que para <strong>esa entrega de 6 casas, el Ejecutivo previ\u00f3 un pago en hasta 3 cuotas<\/strong> a realizarse entre octubre y diciembre. Desde enero de 2025 los adjudicatarios comenzar\u00e1n a pagar las cuotas por el valor de las viviendas. Son<strong> 100 y 120 cuotas, seg\u00fan el tipo de construcci\u00f3n de la casa a entregar<\/strong>.<\/p>\n<p>De esta manera, la intenci\u00f3n de los concejales de LLA es que <strong>el pago de los terrenos tambi\u00e9n puede extenderse hasta 100 o 120 cuotas.<\/strong><\/p>\n<h3>Fundamentos<\/h3>\n<blockquote><p>\u201cEl costo estimado para la compra del terreno, independientemente de la financiaci\u00f3n propuesta por el ejecutivo, resulta discriminatorio para la mayor\u00eda de los olavarrienses\u201d argumentaron los concejales al tiempo que consideraron \u201cindispensable desarrollar un programa de viviendas que sea accesible, pagable, representativo de la realidad \u2013 demanda habitacional\u201d.<\/p><\/blockquote>\n<p><img data-recalc-dims=\"1\" loading=\"lazy\" decoding=\"async\" class=\"size-large wp-image-75403 aligncenter\" src=\"https:\/\/i0.wp.com\/cdnoticias.com\/wp-content\/uploads\/2023\/01\/tuvi-industrializadas-00.jpg?resize=800%2C445&#038;ssl=1\" alt=\"\" width=\"800\" height=\"445\" srcset=\"https:\/\/i0.wp.com\/cdnoticias.com\/wp-content\/uploads\/2023\/01\/tuvi-industrializadas-00.jpg?resize=1024%2C570&amp;ssl=1 1024w, https:\/\/i0.wp.com\/cdnoticias.com\/wp-content\/uploads\/2023\/01\/tuvi-industrializadas-00.jpg?resize=300%2C167&amp;ssl=1 300w, https:\/\/i0.wp.com\/cdnoticias.com\/wp-content\/uploads\/2023\/01\/tuvi-industrializadas-00.jpg?resize=768%2C427&amp;ssl=1 768w, https:\/\/i0.wp.com\/cdnoticias.com\/wp-content\/uploads\/2023\/01\/tuvi-industrializadas-00.jpg?resize=800%2C445&amp;ssl=1 800w, https:\/\/i0.wp.com\/cdnoticias.com\/wp-content\/uploads\/2023\/01\/tuvi-industrializadas-00.jpg?w=1294&amp;ssl=1 1294w\" sizes=\"auto, (max-width: 800px) 100vw, 800px\" \/><\/p>\n<p>Concluyeron que \u201cla ventaja de financiar el terreno en la misma cantidad de cuotas que la vivienda <strong>ampliar\u00eda enormemente el espectro de potenciales candidatos<\/strong> a participar del programa\u201d.<\/p>\n<p>A su vez, se\u00f1alaron que<strong> \u201cel gobierno municipal cuenta con un contexto favorable para la planificaci\u00f3n y el desarrollo de un programa de financiaci\u00f3n responsable<\/strong>, producto de los esfuerzos del gobierno nacional de controlar las variables macroecon\u00f3micas, que permitieron bajar la inflaci\u00f3n sustancialmente, como as\u00ed tambi\u00e9n, favorecer la vuelta del cr\u00e9dito\u201d.<\/p>\n","protected":false},"excerpt":{"rendered":"<p>La bancada present\u00f3 un proyecto de ordenanza para \u201cfinanciar el terreno en la misma cantidad de cuotas que la vivienda\u201d.<\/p>\n","protected":false},"author":4,"featured_media":122480,"comment_status":"closed","ping_status":"closed","sticky":false,"template":"","format":"standard","meta":{"_jetpack_memberships_contains_paid_content":false,"footnotes":""},"categories":[4,1],"tags":[],"class_list":["post-125020","post","type-post","status-publish","format-standard","has-post-thumbnail","hentry","category-politica","category-portada"],"jetpack_featured_media_url":"https:\/\/i0.wp.com\/cdnoticias.com\/wp-content\/uploads\/2024\/08\/HCD-paola-odello-01.jpg?fit=800%2C445&ssl=1","jetpack_sharing_enabled":true,"_links":{"self":[{"href":"https:\/\/cdnoticias.com\/index.php\/wp-json\/wp\/v2\/posts\/125020","targetHints":{"allow":["GET"]}}],"collection":[{"href":"https:\/\/cdnoticias.com\/index.php\/wp-json\/wp\/v2\/posts"}],"about":[{"href":"https:\/\/cdnoticias.com\/index.php\/wp-json\/wp\/v2\/types\/post"}],"author":[{"embeddable":true,"href":"https:\/\/cdnoticias.com\/index.php\/wp-json\/wp\/v2\/users\/4"}],"replies":[{"embeddable":true,"href":"https:\/\/cdnoticias.com\/index.php\/wp-json\/wp\/v2\/comments?post=125020"}],"version-history":[{"count":0,"href":"https:\/\/cdnoticias.com\/index.php\/wp-json\/wp\/v2\/posts\/125020\/revisions"}],"wp:featuredmedia":[{"embeddable":true,"href":"https:\/\/cdnoticias.com\/index.php\/wp-json\/wp\/v2\/media\/122480"}],"wp:attachment":[{"href":"https:\/\/cdnoticias.com\/index.php\/wp-json\/wp\/v2\/media?parent=125020"}],"wp:term":[{"taxonomy":"category","embeddable":true,"href":"https:\/\/cdnoticias.com\/index.php\/wp-json\/wp\/v2\/categories?post=125020"},{"taxonomy":"post_tag","embeddable":true,"href":"https:\/\/cdnoticias.com\/index.php\/wp-json\/wp\/v2\/tags?post=125020"}],"curies":[{"name":"wp","href":"https:\/\/api.w.org\/{rel}","templated":true}]}}