{"id":125013,"date":"2024-09-10T19:32:26","date_gmt":"2024-09-10T22:32:26","guid":{"rendered":"https:\/\/cdnoticias.com\/?p=125013"},"modified":"2024-09-10T19:32:28","modified_gmt":"2024-09-10T22:32:28","slug":"concejales-proponen-que-juan-antonio-puebla-tenga-su-calle-en-olavarria","status":"publish","type":"post","link":"https:\/\/cdnoticias.com\/index.php\/2024\/09\/10\/concejales-proponen-que-juan-antonio-puebla-tenga-su-calle-en-olavarria\/","title":{"rendered":"Concejales proponen que Juan Antonio Puebla tenga su calle en Olavarr\u00eda"},"content":{"rendered":"<p>Los bloques PRO-ERF y Libertad Olavarr\u00eda presentaron un proyecto de ordenanza, en el marco del 75\u00b0 aniversario de la Asociaci\u00f3n de Bomberos Voluntarios de Olavarr\u00eda.<!--more--><\/p>\n<hr \/>\n<p><em>\u201cFue Juan Antonio Puebla quien hizo entender y convenci\u00f3 a los vecinos de la importancia que representaba para Olavarr\u00eda, contar con un Cuerpo de Bomberos propio\u2026\u201d<\/em>. As\u00ed lo manifestaron los concejales de los <strong>bloques PRO-ERF y Libertad Olavarr\u00eda<\/strong>, en un <strong>proyecto conjunto para que Olavarr\u00eda tenga una calle con el nombre del comandante.<\/strong><\/p>\n<p>El proyecto de ordenanza se enmarca en el<strong> 75\u00b0 aniversario de la Asociaci\u00f3n de Bomberos Voluntarios de Olavarr\u00eda<\/strong>, que ser\u00e1 el pr\u00f3ximo 2 de octubre.<\/p>\n<blockquote><p>\u201cLa historia de Bomberos es -de alguna manera- la historia de Olavarr\u00eda, acompa\u00f1ando a la comunidad desde el a\u00f1o 1949 con gran valor, sacrificio y abnegaci\u00f3n, como tan acertadamente reza el lema que representa al Bombero Voluntario. Una entidad modelo para numerosos establecimientos bomberiles, tanto de la Provincia de Buenos Aires como del pa\u00eds, y de gran afecto para todos los olavarrienses\u201d destacaron los bloques que impulsaron la propuesta.<\/p><\/blockquote>\n<p>La <strong>presidenta del bloque PRO-ERF, Guillermina Amespil<\/strong>, y el <strong>concejal Marcelo Petehs, del unibloque Libertad Olavarr\u00eda<\/strong> presentaron formalmente la iniciativa en mesa de entradas del HCD.<\/p>\n<p>Los concejales manifestaron que <strong>\u201cresulta oportuno y necesario reconocer a su fundador y primer jefe del cuerpo activo, Comandante Juan Antonio Puebla<\/strong>: piedra angular de esta historia\u201d.<\/p>\n<p>Cabe resaltar que el proyecto de ordenanza tomar\u00e1 estado parlamentario en la sesi\u00f3n de este jueves y pasar\u00e1 a su estudio en comisiones.<\/p>\n","protected":false},"excerpt":{"rendered":"<p>Los bloques PRO-ERF y Libertad Olavarr\u00eda presentaron un proyecto de ordenanza, en el marco del 75\u00b0 aniversario de la Asociaci\u00f3n<\/p>\n","protected":false},"author":4,"featured_media":125014,"comment_status":"closed","ping_status":"closed","sticky":false,"template":"","format":"standard","meta":{"_jetpack_memberships_contains_paid_content":false,"footnotes":""},"categories":[4,1],"tags":[],"class_list":["post-125013","post","type-post","status-publish","format-standard","has-post-thumbnail","hentry","category-politica","category-portada"],"jetpack_featured_media_url":"https:\/\/i0.wp.com\/cdnoticias.com\/wp-content\/uploads\/2024\/09\/HCD-guillermina-amespil-marcelo-petehs-00.jpg?fit=1000%2C556&ssl=1","jetpack_sharing_enabled":true,"_links":{"self":[{"href":"https:\/\/cdnoticias.com\/index.php\/wp-json\/wp\/v2\/posts\/125013","targetHints":{"allow":["GET"]}}],"collection":[{"href":"https:\/\/cdnoticias.com\/index.php\/wp-json\/wp\/v2\/posts"}],"about":[{"href":"https:\/\/cdnoticias.com\/index.php\/wp-json\/wp\/v2\/types\/post"}],"author":[{"embeddable":true,"href":"https:\/\/cdnoticias.com\/index.php\/wp-json\/wp\/v2\/users\/4"}],"replies":[{"embeddable":true,"href":"https:\/\/cdnoticias.com\/index.php\/wp-json\/wp\/v2\/comments?post=125013"}],"version-history":[{"count":0,"href":"https:\/\/cdnoticias.com\/index.php\/wp-json\/wp\/v2\/posts\/125013\/revisions"}],"wp:featuredmedia":[{"embeddable":true,"href":"https:\/\/cdnoticias.com\/index.php\/wp-json\/wp\/v2\/media\/125014"}],"wp:attachment":[{"href":"https:\/\/cdnoticias.com\/index.php\/wp-json\/wp\/v2\/media?parent=125013"}],"wp:term":[{"taxonomy":"category","embeddable":true,"href":"https:\/\/cdnoticias.com\/index.php\/wp-json\/wp\/v2\/categories?post=125013"},{"taxonomy":"post_tag","embeddable":true,"href":"https:\/\/cdnoticias.com\/index.php\/wp-json\/wp\/v2\/tags?post=125013"}],"curies":[{"name":"wp","href":"https:\/\/api.w.org\/{rel}","templated":true}]}}