{"id":124992,"date":"2024-09-10T08:27:28","date_gmt":"2024-09-10T11:27:28","guid":{"rendered":"https:\/\/cdnoticias.com\/?p=124992"},"modified":"2024-09-10T08:28:24","modified_gmt":"2024-09-10T11:28:24","slug":"por-la-lluvia-se-suspendio-la-vacunacion-antirrabica-prevista-para-este-martes","status":"publish","type":"post","link":"https:\/\/cdnoticias.com\/index.php\/2024\/09\/10\/por-la-lluvia-se-suspendio-la-vacunacion-antirrabica-prevista-para-este-martes\/","title":{"rendered":"Por la lluvia se suspendi\u00f3 la vacunaci\u00f3n antirr\u00e1bica prevista para este martes"},"content":{"rendered":"\n<p>La jornada se iba a desarrollar en barrio Pickelado y la fecha ser\u00e1 reprogramada. Asimismo, se informaron los pr\u00f3ximos puestos de vacunaci\u00f3n.<\/p>\n\n\n\n<hr class=\"wp-block-separator has-alpha-channel-opacity\"\/>\n\n\n\n<p>Desde la Direcci\u00f3n de Bromatolog\u00eda del Municipio de Olavarr\u00eda se inform\u00f3 que, debido a las condiciones clim\u00e1ticas, <strong>se suspendi\u00f3 la actividad pautada para este martes 10, a realizarse en el barrio Pickelado.<\/strong><\/p>\n\n\n\n<p><\/p>\n\n\n\n<p>La fecha ser\u00e1 reprogramada y se comunicar\u00e1 pr\u00f3ximamente.<\/p>\n\n\n\n<p><\/p>\n\n\n\n<p>Se record\u00f3, a la par,<strong> los pr\u00f3ximos puestos de vacunaci\u00f3n<\/strong> de la corriente semana:<\/p>\n\n\n\n<p><\/p>\n\n\n\n<ul class=\"wp-block-list\">\n<li>Mi\u00e9rcoles 11: Barrio Obrero, de 9 a 12:30 horas, en el CAPS N\u00b0 1 de avenida Del Valle y C. Mu\u00f1oz.<\/li>\n<\/ul>\n\n\n\n<p><\/p>\n\n\n\n<ul class=\"wp-block-list\">\n<li>Jueves 12: Barrio Acupo I, de 10 a 12:30 horas, en el CAPS N\u00b0 25 de Juan Pablo II y R. S\u00e1enz Pe\u00f1a.<\/li>\n<\/ul>\n\n\n\n<p><\/p>\n\n\n\n<figure class=\"wp-block-embed is-type-wp-embed is-provider-central-de-noticias-olavarr-a wp-block-embed-central-de-noticias-olavarr-a\"><div class=\"wp-block-embed__wrapper\">\n<blockquote class=\"wp-embedded-content\" data-secret=\"3lktILyg4r\"><a href=\"https:\/\/cdnoticias.com\/index.php\/2024\/08\/29\/nueva-campana-antirrabica-conoce-los-lugares-de-vacunacion\/\">Nueva campa\u00f1a antirr\u00e1bica: conoc\u00e9 los lugares de vacunaci\u00f3n<\/a><\/blockquote><iframe loading=\"lazy\" class=\"wp-embedded-content\" sandbox=\"allow-scripts\" security=\"restricted\" style=\"position: absolute; visibility: hidden;\" title=\"&#8220;Nueva campa\u00f1a antirr\u00e1bica: conoc\u00e9 los lugares de vacunaci\u00f3n&#8221; &#8212; Central de Noticias | Olavarr\u00eda\" src=\"https:\/\/cdnoticias.com\/index.php\/2024\/08\/29\/nueva-campana-antirrabica-conoce-los-lugares-de-vacunacion\/embed\/#?secret=tMzaNaK6iR#?secret=3lktILyg4r\" data-secret=\"3lktILyg4r\" width=\"600\" height=\"338\" frameborder=\"0\" marginwidth=\"0\" marginheight=\"0\" scrolling=\"no\"><\/iframe>\n<\/div><\/figure>\n","protected":false},"excerpt":{"rendered":"<p>La jornada se iba a desarrollar en barrio Pickelado y la fecha ser\u00e1 reprogramada. Asimismo, se informaron los pr\u00f3ximos puestos<\/p>\n","protected":false},"author":2,"featured_media":61443,"comment_status":"closed","ping_status":"closed","sticky":false,"template":"","format":"standard","meta":{"_jetpack_memberships_contains_paid_content":false,"footnotes":""},"categories":[5,1],"tags":[],"class_list":["post-124992","post","type-post","status-publish","format-standard","has-post-thumbnail","hentry","category-informacion-general","category-portada"],"jetpack_featured_media_url":"https:\/\/i0.wp.com\/cdnoticias.com\/wp-content\/uploads\/2022\/08\/lluvia-tormenta-clima-00.jpg?fit=800%2C445&ssl=1","jetpack_sharing_enabled":true,"_links":{"self":[{"href":"https:\/\/cdnoticias.com\/index.php\/wp-json\/wp\/v2\/posts\/124992","targetHints":{"allow":["GET"]}}],"collection":[{"href":"https:\/\/cdnoticias.com\/index.php\/wp-json\/wp\/v2\/posts"}],"about":[{"href":"https:\/\/cdnoticias.com\/index.php\/wp-json\/wp\/v2\/types\/post"}],"author":[{"embeddable":true,"href":"https:\/\/cdnoticias.com\/index.php\/wp-json\/wp\/v2\/users\/2"}],"replies":[{"embeddable":true,"href":"https:\/\/cdnoticias.com\/index.php\/wp-json\/wp\/v2\/comments?post=124992"}],"version-history":[{"count":0,"href":"https:\/\/cdnoticias.com\/index.php\/wp-json\/wp\/v2\/posts\/124992\/revisions"}],"wp:featuredmedia":[{"embeddable":true,"href":"https:\/\/cdnoticias.com\/index.php\/wp-json\/wp\/v2\/media\/61443"}],"wp:attachment":[{"href":"https:\/\/cdnoticias.com\/index.php\/wp-json\/wp\/v2\/media?parent=124992"}],"wp:term":[{"taxonomy":"category","embeddable":true,"href":"https:\/\/cdnoticias.com\/index.php\/wp-json\/wp\/v2\/categories?post=124992"},{"taxonomy":"post_tag","embeddable":true,"href":"https:\/\/cdnoticias.com\/index.php\/wp-json\/wp\/v2\/tags?post=124992"}],"curies":[{"name":"wp","href":"https:\/\/api.w.org\/{rel}","templated":true}]}}