{"id":12497,"date":"2021-01-29T15:50:52","date_gmt":"2021-01-29T18:50:52","guid":{"rendered":"http:\/\/www.centraldenoticias.com.ar\/?p=12497"},"modified":"2021-01-29T16:00:59","modified_gmt":"2021-01-29T19:00:59","slug":"se-conocieron-detalles-del-lamentable-accidente-que-tuvo-un-obrero-fallecido","status":"publish","type":"post","link":"https:\/\/cdnoticias.com\/index.php\/2021\/01\/29\/se-conocieron-detalles-del-lamentable-accidente-que-tuvo-un-obrero-fallecido\/","title":{"rendered":"Se conocieron detalles del lamentable accidente que tuvo un obrero fallecido"},"content":{"rendered":"<p>Las primeras versiones oficiales dan cuenta de un arn\u00e9s que fall\u00f3 mientras el hombre colocaba un equipo de aire acondicionado en un edificio a la altura del quinto piso.<!--more--><\/p>\n<hr \/>\n<p>Tras el <a href=\"https:\/\/cdnoticias.com\/index.php\/2021\/01\/29\/un-obrero-fallecio-al-caer-de-un-edificio\/\" target=\"_blank\" rel=\"noopener\">lamentable fallecimiento de un hombre en un accidente laboral en Lamadrid al 3300<\/a>, <strong>se conocieron detalles de lo que pudo haber ocurrido en la ma\u00f1ana de este viernes.<\/strong><\/p>\n<p>&nbsp;<\/p>\n<p>Seg\u00fan las primeras versiones oficiales, <strong>el hombre se encontraba trabajando a la altura del quinto piso del edificio en construcci\u00f3n colocando infraestructura vinculada al aire acondicionado.<\/strong><\/p>\n<p>&nbsp;<\/p>\n<p><img data-recalc-dims=\"1\" loading=\"lazy\" decoding=\"async\" class=\"alignnone size-full wp-image-12498\" src=\"https:\/\/i0.wp.com\/cdnoticias.com\/wp-content\/uploads\/2021\/01\/WhatsApp-Image-2021-01-29-at-10.35.46.jpeg?resize=800%2C600&#038;ssl=1\" alt=\"\" width=\"800\" height=\"600\" srcset=\"https:\/\/i0.wp.com\/cdnoticias.com\/wp-content\/uploads\/2021\/01\/WhatsApp-Image-2021-01-29-at-10.35.46.jpeg?w=1152&amp;ssl=1 1152w, https:\/\/i0.wp.com\/cdnoticias.com\/wp-content\/uploads\/2021\/01\/WhatsApp-Image-2021-01-29-at-10.35.46.jpeg?resize=300%2C225&amp;ssl=1 300w, https:\/\/i0.wp.com\/cdnoticias.com\/wp-content\/uploads\/2021\/01\/WhatsApp-Image-2021-01-29-at-10.35.46.jpeg?resize=768%2C576&amp;ssl=1 768w, https:\/\/i0.wp.com\/cdnoticias.com\/wp-content\/uploads\/2021\/01\/WhatsApp-Image-2021-01-29-at-10.35.46.jpeg?resize=1024%2C768&amp;ssl=1 1024w\" sizes=\"auto, (max-width: 800px) 100vw, 800px\" \/><\/p>\n<p>&nbsp;<\/p>\n<p>En ese momento, <strong>mientras bajaba desde la terraza con la turbina del elemento a instalar, el arn\u00e9s cedi\u00f3 por el peso y cay\u00f3 al vac\u00edo.<\/strong><\/p>\n<p>&nbsp;<\/p>\n<blockquote><p>Por el impacto el hombre muri\u00f3 minutos despu\u00e9s del hecho y una ambulancia del\u00a0 SAME constat\u00f3 su deceso.<\/p><\/blockquote>\n<p>&nbsp;<\/p>\n<p>Si bien Col\u00f3n y Lamadrid estuvo cortada durante un tiempo,<strong> se liber\u00f3 al tr\u00e1nsito tras comenzar con las tareas de peritaje que estar\u00e1n a cargo de Polic\u00eda Cient\u00edfica.<\/strong> Adem\u00e1s, se vio presente a personal de Comando de Patrullas, Comisar\u00eda Primera, motopolic\u00eda, entre otros.<\/p>\n","protected":false},"excerpt":{"rendered":"<p>Las primeras versiones oficiales dan cuenta de un arn\u00e9s que fall\u00f3 mientras el hombre colocaba un equipo de aire acondicionado<\/p>\n","protected":false},"author":2,"featured_media":12499,"comment_status":"closed","ping_status":"closed","sticky":false,"template":"","format":"standard","meta":{"_jetpack_memberships_contains_paid_content":false,"footnotes":""},"categories":[14,1],"tags":[],"class_list":["post-12497","post","type-post","status-publish","format-standard","has-post-thumbnail","hentry","category-policiales","category-portada"],"jetpack_featured_media_url":"https:\/\/i0.wp.com\/cdnoticias.com\/wp-content\/uploads\/2021\/01\/WhatsApp-Image-2021-01-29-at-10.32.39.jpeg?fit=1152%2C864&ssl=1","jetpack_sharing_enabled":true,"_links":{"self":[{"href":"https:\/\/cdnoticias.com\/index.php\/wp-json\/wp\/v2\/posts\/12497","targetHints":{"allow":["GET"]}}],"collection":[{"href":"https:\/\/cdnoticias.com\/index.php\/wp-json\/wp\/v2\/posts"}],"about":[{"href":"https:\/\/cdnoticias.com\/index.php\/wp-json\/wp\/v2\/types\/post"}],"author":[{"embeddable":true,"href":"https:\/\/cdnoticias.com\/index.php\/wp-json\/wp\/v2\/users\/2"}],"replies":[{"embeddable":true,"href":"https:\/\/cdnoticias.com\/index.php\/wp-json\/wp\/v2\/comments?post=12497"}],"version-history":[{"count":0,"href":"https:\/\/cdnoticias.com\/index.php\/wp-json\/wp\/v2\/posts\/12497\/revisions"}],"wp:featuredmedia":[{"embeddable":true,"href":"https:\/\/cdnoticias.com\/index.php\/wp-json\/wp\/v2\/media\/12499"}],"wp:attachment":[{"href":"https:\/\/cdnoticias.com\/index.php\/wp-json\/wp\/v2\/media?parent=12497"}],"wp:term":[{"taxonomy":"category","embeddable":true,"href":"https:\/\/cdnoticias.com\/index.php\/wp-json\/wp\/v2\/categories?post=12497"},{"taxonomy":"post_tag","embeddable":true,"href":"https:\/\/cdnoticias.com\/index.php\/wp-json\/wp\/v2\/tags?post=12497"}],"curies":[{"name":"wp","href":"https:\/\/api.w.org\/{rel}","templated":true}]}}