{"id":12487,"date":"2021-01-29T10:26:26","date_gmt":"2021-01-29T13:26:26","guid":{"rendered":"http:\/\/www.centraldenoticias.com.ar\/?p=12487"},"modified":"2021-01-29T11:30:50","modified_gmt":"2021-01-29T14:30:50","slug":"un-obrero-fallecio-al-caer-de-un-edificio","status":"publish","type":"post","link":"https:\/\/cdnoticias.com\/index.php\/2021\/01\/29\/un-obrero-fallecio-al-caer-de-un-edificio\/","title":{"rendered":"Un obrero falleci\u00f3 al caer de un edificio"},"content":{"rendered":"<p>Cay\u00f3 de un quinto piso. Ocurri\u00f3 poco antes de las 10 de este viernes en Lamadrid al 3300. Se investigan las causas.<!--more--><\/p>\n<hr \/>\n<p><strong>Un obrero muri\u00f3 en la ma\u00f1ana de este viernes tras caer de un edificio<\/strong> en construcci\u00f3n. Ocurri\u00f3 en Lamadrid al 3300 de Olavarr\u00eda.<\/p>\n<p>Seg\u00fan pudo saber <strong>Central de Noticias<\/strong> el hombre <strong>cay\u00f3 de un quinto piso y falleci\u00f3 en el acto<\/strong>.<\/p>\n<p>Fue <strong>hacia las 9.45<\/strong> cuando se dio el alerta a los servicios de emergencias. Una ambulancia se present\u00f3 en el lugar donde personal m\u00e9dico constat\u00f3 el fallecimiento.<\/p>\n<p><img data-recalc-dims=\"1\" loading=\"lazy\" decoding=\"async\" class=\"aligncenter wp-image-12489\" src=\"https:\/\/i0.wp.com\/cdnoticias.com\/wp-content\/uploads\/2021\/01\/Lamadrid-3300-1.jpeg?resize=600%2C450&#038;ssl=1\" alt=\"\" width=\"600\" height=\"450\" srcset=\"https:\/\/i0.wp.com\/cdnoticias.com\/wp-content\/uploads\/2021\/01\/Lamadrid-3300-1.jpeg?resize=300%2C225&amp;ssl=1 300w, https:\/\/i0.wp.com\/cdnoticias.com\/wp-content\/uploads\/2021\/01\/Lamadrid-3300-1.jpeg?resize=768%2C576&amp;ssl=1 768w, https:\/\/i0.wp.com\/cdnoticias.com\/wp-content\/uploads\/2021\/01\/Lamadrid-3300-1.jpeg?resize=1024%2C768&amp;ssl=1 1024w, https:\/\/i0.wp.com\/cdnoticias.com\/wp-content\/uploads\/2021\/01\/Lamadrid-3300-1.jpeg?w=1152&amp;ssl=1 1152w\" sizes=\"auto, (max-width: 600px) 100vw, 600px\" \/><\/p>\n<p>En tanto, efectivos policiales se desplegaron para colaborar con la ambulancia y tomar las medidas correspondientes. El tr\u00e1nsito se cort\u00f3 en el sector del siniestro durante aproximadamente media hora y luego <strong>qued\u00f3 vallado el frente del edificio<\/strong> para facilitar el accionar de los peritos.<\/p>\n<p><strong>Se investigan las causas de lo sucedid<\/strong>o que deriv\u00f3 en la muerte del hombre.<\/p>\n","protected":false},"excerpt":{"rendered":"<p>Cay\u00f3 de un quinto piso. Ocurri\u00f3 poco antes de las 10 de este viernes en Lamadrid al 3300. Se investigan<\/p>\n","protected":false},"author":4,"featured_media":12490,"comment_status":"closed","ping_status":"closed","sticky":false,"template":"","format":"standard","meta":{"_jetpack_memberships_contains_paid_content":false,"footnotes":""},"categories":[14,1],"tags":[],"class_list":["post-12487","post","type-post","status-publish","format-standard","has-post-thumbnail","hentry","category-policiales","category-portada"],"jetpack_featured_media_url":"https:\/\/i0.wp.com\/cdnoticias.com\/wp-content\/uploads\/2021\/01\/Lamadrid-3300-4.jpeg?fit=1152%2C864&ssl=1","jetpack_sharing_enabled":true,"_links":{"self":[{"href":"https:\/\/cdnoticias.com\/index.php\/wp-json\/wp\/v2\/posts\/12487","targetHints":{"allow":["GET"]}}],"collection":[{"href":"https:\/\/cdnoticias.com\/index.php\/wp-json\/wp\/v2\/posts"}],"about":[{"href":"https:\/\/cdnoticias.com\/index.php\/wp-json\/wp\/v2\/types\/post"}],"author":[{"embeddable":true,"href":"https:\/\/cdnoticias.com\/index.php\/wp-json\/wp\/v2\/users\/4"}],"replies":[{"embeddable":true,"href":"https:\/\/cdnoticias.com\/index.php\/wp-json\/wp\/v2\/comments?post=12487"}],"version-history":[{"count":0,"href":"https:\/\/cdnoticias.com\/index.php\/wp-json\/wp\/v2\/posts\/12487\/revisions"}],"wp:featuredmedia":[{"embeddable":true,"href":"https:\/\/cdnoticias.com\/index.php\/wp-json\/wp\/v2\/media\/12490"}],"wp:attachment":[{"href":"https:\/\/cdnoticias.com\/index.php\/wp-json\/wp\/v2\/media?parent=12487"}],"wp:term":[{"taxonomy":"category","embeddable":true,"href":"https:\/\/cdnoticias.com\/index.php\/wp-json\/wp\/v2\/categories?post=12487"},{"taxonomy":"post_tag","embeddable":true,"href":"https:\/\/cdnoticias.com\/index.php\/wp-json\/wp\/v2\/tags?post=12487"}],"curies":[{"name":"wp","href":"https:\/\/api.w.org\/{rel}","templated":true}]}}