{"id":124867,"date":"2024-09-07T20:44:09","date_gmt":"2024-09-07T23:59:50","guid":{"rendered":"https:\/\/cdnoticias.com\/?p=124867"},"modified":"2025-02-13T22:58:44","modified_gmt":"2025-02-14T01:58:44","slug":"el-futbol-de-veteranos-de-luto-por-el-deceso-de-un-futbolista","status":"publish","type":"post","link":"https:\/\/cdnoticias.com\/index.php\/2024\/09\/07\/el-futbol-de-veteranos-de-luto-por-el-deceso-de-un-futbolista\/","title":{"rendered":"El f\u00fatbol de Veteranos de luto por el deceso de un futbolista"},"content":{"rendered":"<p>El tr\u00e1gico suceso ocurri\u00f3 este s\u00e1bado durante un encuentro de la categor\u00eda +50. Era jugador del equipo Camioneros.<!--more--><\/p>\n<hr \/>\n<p>Otra lamentable desgracia golpe\u00f3 al deporte olavarriense, esta vez en el \u00e1mbito del <strong>f\u00fatbol Senior de Olavarr\u00eda<\/strong>.<\/p>\n<p>&nbsp;<\/p>\n<p>Este s\u00e1bado, mientras se jugaba el partido correspondiente a la <strong>categor\u00eda +50<\/strong> en el complejo de Ferrosur,<strong> un jugador de Camioneros se descompens\u00f3 durante el inicio del segundo tiempo y fue trasladado de urgencia al Hospital, donde horas m\u00e1s tarde termin\u00f3 perdiendo la vida<\/strong>.<\/p>\n<p>&nbsp;<\/p>\n<p>El futbolista fue identificado como <strong>Jos\u00e9 Campana<\/strong>. Adem\u00e1s, seg\u00fan se pudo saber, ven\u00eda con antecedentes de problemas card\u00edacos.<\/p>\n<p>&nbsp;<\/p>\n<p>\u201c<strong><em>Estrechamos nuestras condolencias a familiares, amigos y a todo el equipo de Camioneros<\/em><\/strong>\u201d, public\u00f3 la Liga Senior de F\u00fatbol de Olavarr\u00eda.<\/p>\n<p>&nbsp;<\/p>\n<p><em><strong>Foto: Archivo.<\/strong><\/em><\/p>\n","protected":false},"excerpt":{"rendered":"<p>El tr\u00e1gico suceso ocurri\u00f3 este s\u00e1bado durante un encuentro de la categor\u00eda +50. Era jugador del equipo Camioneros.<\/p>\n","protected":false},"author":96739694,"featured_media":161669,"comment_status":"closed","ping_status":"closed","sticky":false,"template":"","format":"standard","meta":{"_jetpack_memberships_contains_paid_content":false,"footnotes":""},"categories":[35,1,50],"tags":[],"class_list":["post-124867","post","type-post","status-publish","format-standard","has-post-thumbnail","hentry","category-futbol","category-portada","category-veteranos"],"jetpack_featured_media_url":"https:\/\/i0.wp.com\/cdnoticias.com\/wp-content\/uploads\/2024\/06\/449016549_122110070978356708_910913707624903393_n-e1719269997603.jpg?fit=698%2C386&ssl=1","jetpack_sharing_enabled":true,"_links":{"self":[{"href":"https:\/\/cdnoticias.com\/index.php\/wp-json\/wp\/v2\/posts\/124867","targetHints":{"allow":["GET"]}}],"collection":[{"href":"https:\/\/cdnoticias.com\/index.php\/wp-json\/wp\/v2\/posts"}],"about":[{"href":"https:\/\/cdnoticias.com\/index.php\/wp-json\/wp\/v2\/types\/post"}],"author":[{"embeddable":true,"href":"https:\/\/cdnoticias.com\/index.php\/wp-json\/wp\/v2\/users\/96739694"}],"replies":[{"embeddable":true,"href":"https:\/\/cdnoticias.com\/index.php\/wp-json\/wp\/v2\/comments?post=124867"}],"version-history":[{"count":0,"href":"https:\/\/cdnoticias.com\/index.php\/wp-json\/wp\/v2\/posts\/124867\/revisions"}],"wp:featuredmedia":[{"embeddable":true,"href":"https:\/\/cdnoticias.com\/index.php\/wp-json\/wp\/v2\/media\/161669"}],"wp:attachment":[{"href":"https:\/\/cdnoticias.com\/index.php\/wp-json\/wp\/v2\/media?parent=124867"}],"wp:term":[{"taxonomy":"category","embeddable":true,"href":"https:\/\/cdnoticias.com\/index.php\/wp-json\/wp\/v2\/categories?post=124867"},{"taxonomy":"post_tag","embeddable":true,"href":"https:\/\/cdnoticias.com\/index.php\/wp-json\/wp\/v2\/tags?post=124867"}],"curies":[{"name":"wp","href":"https:\/\/api.w.org\/{rel}","templated":true}]}}