{"id":124863,"date":"2024-09-08T11:19:01","date_gmt":"2024-09-08T14:19:01","guid":{"rendered":"https:\/\/cdnoticias.com\/?p=124863"},"modified":"2024-09-08T16:43:02","modified_gmt":"2024-09-08T19:43:02","slug":"unidad-radical-en-olavarria-belen-vergel-se-encamina-a-la-reeleccion","status":"publish","type":"post","link":"https:\/\/cdnoticias.com\/index.php\/2024\/09\/08\/unidad-radical-en-olavarria-belen-vergel-se-encamina-a-la-reeleccion\/","title":{"rendered":"Unidad radical en Olavarr\u00eda: Bel\u00e9n Vergel se encamina a la reelecci\u00f3n"},"content":{"rendered":"<p>\u201cDespu\u00e9s de 20 a\u00f1os, se present\u00f3 una \u00fanica lista que incluye a los distintos sectores internos\u201d destac\u00f3 el comit\u00e9 local. La UCR Provincia tendr\u00e1 elecciones el 6 de octubre con dos listas en carrera.<!--more--><\/p>\n<hr \/>\n<p>Cerr\u00f3 el plazo de presentaci\u00f3n de listas para las<strong> elecciones de la Uni\u00f3n C\u00edvica Radical<\/strong> en los comit\u00e9s distritales y en el comit\u00e9 provincial. Las novedades muestran escenarios dispares:<strong> mientras en Olavarr\u00eda prim\u00f3 \u201cunidad\u201d, a nivel bonaerense se inscribieron dos listas.<\/strong><\/p>\n<p>Desde UCR Olavarr\u00eda se destac\u00f3 que <strong>Bel\u00e9n Vergel se encamina a la reelecci\u00f3n<\/strong> ya que encabeza una lista compuesta por representantes de los sectores internos. <strong>Hace dos d\u00e9cadas que no se lograba la unidad.<\/strong><\/p>\n<p>\u201cEn la noche del viernes venci\u00f3 el plazo para la presentaci\u00f3n de listas para la renovaci\u00f3n de cargos partidarios, y <strong>con gran alegr\u00eda la Uni\u00f3n C\u00edvica Radical de Olavarr\u00eda confirma el trabajo que viene realizando en favor de la unidad<\/strong>. Una decisi\u00f3n que manifiesta el inter\u00e9s de enfocar el trabajo en la <strong>construcci\u00f3n de una alternativa para nuestra comunidad<\/strong>\u201d inform\u00f3 UCR Olavarr\u00eda.<\/p>\n<blockquote><p>Se remarc\u00f3 que \u201cdespu\u00e9s de 20 a\u00f1os, se present\u00f3 una \u00fanica lista que incluye a los distintos sectores internos para conducir los destinos del partido por los pr\u00f3ximos dos a\u00f1os\u201d.<\/p><\/blockquote>\n<p><strong>Bel\u00e9n Vergel renovar\u00e1 por un nuevo per\u00edodo<\/strong> al frente de la Uni\u00f3n C\u00edvica Radical de Olavarr\u00eda, presidiendo un plenario integrado por los diferentes sectores internos partidarios.<\/p>\n<figure id=\"attachment_124631\" aria-describedby=\"caption-attachment-124631\" style=\"width: 866px\" class=\"wp-caption aligncenter\"><img data-recalc-dims=\"1\" loading=\"lazy\" decoding=\"async\" class=\"wp-image-124631 size-full\" src=\"https:\/\/i0.wp.com\/cdnoticias.com\/wp-content\/uploads\/2024\/09\/vergel-presidencia-ucr.png?resize=800%2C459&#038;ssl=1\" alt=\"\" width=\"800\" height=\"459\" srcset=\"https:\/\/i0.wp.com\/cdnoticias.com\/wp-content\/uploads\/2024\/09\/vergel-presidencia-ucr.png?w=866&amp;ssl=1 866w, https:\/\/i0.wp.com\/cdnoticias.com\/wp-content\/uploads\/2024\/09\/vergel-presidencia-ucr.png?resize=300%2C172&amp;ssl=1 300w, https:\/\/i0.wp.com\/cdnoticias.com\/wp-content\/uploads\/2024\/09\/vergel-presidencia-ucr.png?resize=768%2C441&amp;ssl=1 768w\" sizes=\"auto, (max-width: 800px) 100vw, 800px\" \/><figcaption id=\"caption-attachment-124631\" class=\"wp-caption-text\">Bel\u00e9n Vergel ser\u00e1 reelecta presidenta de la UCR.<\/figcaption><\/figure>\n<h3>La lista<\/h3>\n<ul>\n<li>Presidente: Bel\u00e9n Vergel<\/li>\n<li>Vicepresidente: Agust\u00edn Gianibelli<\/li>\n<li>Secretaria General: Antonela D\u00edaz<\/li>\n<li>Tesorero: Germ\u00e1n Salom\u00f3n<\/li>\n<li>Vocales Titulares: Ana Saisi, Sim\u00f3n Schwab, Susana Capuano, Juan Ison, Mar\u00eda Luj\u00e1n Cabrera, Mart\u00edn Lastape, Graciela Lovecchio, Franco Illescas, Yolanda Olivera, Nicol\u00e1s Moriones, Gabriela D\u00edaz, Horacio Durante, Florencia Rodr\u00edguez, Fabi\u00e1n Iglesias, Victoria Torino, Ricardo Mulle.<\/li>\n<li>Vocales Suplentes: Carmen Mateo, Carlos Veneciano, Susana Lastape, Alberto Nievas, Elsa Sommer, Ricardo Recalde, Graciela Olivera, Andr\u00e9s Malamud, Miriam Ordozgoiti, Nicol\u00e1s Leal.<\/li>\n<li>Delegados a la Convenci\u00f3n Provincial: Luc\u00eda Pereira, Fabi\u00e1n Irassar. Suplentes: Lucrecia Manso, Guillermo Cicconi.<\/li>\n<\/ul>\n<h3>Interna bonaerense: oficializaron dos listas<\/h3>\n<p>El <strong>oficialismo va con Miguel Fern\u00e1ndez<\/strong> y Elsa Llenderrozas, y<strong> la oposici\u00f3n con Pablo Domenichini<\/strong> y Nazarena Messias.<\/p>\n<p>El radicalismo bonaerense dio un paso clave para la realizaci\u00f3n de una elecci\u00f3n interna que defina su nueva conducci\u00f3n, con la <strong>oficializaci\u00f3n de las dos listas<\/strong> que competir\u00e1n por quedarse con el control del Comit\u00e9 Provincia: una, que postula al <strong>exintendente de Trenque Lauque, alineada con el actual oficialismo<\/strong> de <em>Maximiliano Abad<\/em> y la otra, encabezada por el <strong>diputado Domenichini, que representa a la oposici\u00f3n<\/strong> en la que confluyen <em>Facundo Manes y Mart\u00edn Lousteau.<\/em><\/p>\n<figure id=\"attachment_124864\" aria-describedby=\"caption-attachment-124864\" style=\"width: 672px\" class=\"wp-caption aligncenter\"><img data-recalc-dims=\"1\" loading=\"lazy\" decoding=\"async\" class=\"wp-image-124864 size-full\" src=\"https:\/\/i0.wp.com\/cdnoticias.com\/wp-content\/uploads\/2024\/09\/UCR-miguel-fernandez-pablo-domenichini.jpg?resize=672%2C420&#038;ssl=1\" alt=\"\" width=\"672\" height=\"420\" srcset=\"https:\/\/i0.wp.com\/cdnoticias.com\/wp-content\/uploads\/2024\/09\/UCR-miguel-fernandez-pablo-domenichini.jpg?w=672&amp;ssl=1 672w, https:\/\/i0.wp.com\/cdnoticias.com\/wp-content\/uploads\/2024\/09\/UCR-miguel-fernandez-pablo-domenichini.jpg?resize=300%2C188&amp;ssl=1 300w\" sizes=\"auto, (max-width: 672px) 100vw, 672px\" \/><figcaption id=\"caption-attachment-124864\" class=\"wp-caption-text\">Miguel Fern\u00e1ndez y Pablo Domenichini competir\u00e1n por la conducci\u00f3n de la UCR bonaerense.<\/figcaption><\/figure>\n<p>El cierre de lista oper\u00f3 sin novedades en la medianoche del viernes, por lo que ahora la siguiente fecha clave es la de la<strong> realizaci\u00f3n de la elecci\u00f3n<\/strong>, que si no hay novedades ser\u00e1 el <strong>pr\u00f3ximo 6 de octubre<\/strong>: ser\u00e1 la primera vez que lleguen a una compulsa en las urnas desde marzo de 2021, cuando Abad consigui\u00f3 la presidencia del Comit\u00e9 que todav\u00eda ostenta, en competencia con Gustavo Posse, el exintendente de San Isidro, que ahora es su aliado. En cambio, Facundo Manes, que aquella vez fue oficialista, ahora es opositor.<\/p>\n<p>Los dos binomios para el Comit\u00e9 quedaron integrados por <strong>Fern\u00e1ndez, un nombre de Abad, acompa\u00f1ado por Elsa Llenderrozas como postulante a vice, una acad\u00e9mica<\/strong> \u2013es licenciada en Ciencias Pol\u00edticas y trabaja en la UBA- que aport\u00f3 el exvicegobernador y ex presidente del partido Daniel Salvador. La lista opositora, que se identifica como<strong> \u201cCompromiso Radical\u201d, la encabeza Domenichini, diputado provincial que tambi\u00e9n viene del \u00e1mbito universitario y pertenece al sector de Lousteau, acompa\u00f1ado de Nazarena Messias, alineada con Manes<\/strong>.<\/p>\n<p>Como adelant\u00f3 DIB, la interna qued\u00f3 definida luego de que la semana pasada Manes y Laousteau cerraran un acuerdo para impulsar una lista y desoyeran el llamado a unidad de Abad y los suyos. As\u00ed, el oficialismo, que tiene v\u00ednculos fluidos con gobernadores del radicalismo y contiene a la mayor\u00eda de los intentes, incluy\u00f3 tambi\u00e9n al possismo. La oposici\u00f3n cuenta con el respaldo del presidente del Partido a nivel nacional (Lousteau) y adem\u00e1s de Manes sum\u00f3 al sector que nuclea Salvador.<\/p>\n<p>Los alineamientos para la interna supusieron una <strong>ruptura en la Legislatura: dos diputados del boque Acuerdo C\u00edvico UCR + GEN<\/strong> (el propio Domenichini y Bal\u00e9n Maisi) que preside Diego Garciarena, mano derecha de Abad, <strong>saltaron al de UCR + Cambio Federal<\/strong>, comandado por Carlos Frangul, alineado con Manes, que ahora es la banda radical m\u00e1s numerosa en la c\u00e1mara Baja de la Provincia de Buenos Aires.<\/p>\n<p>Las listas se completan con otros cargos partidarios. Futuro Radical lleva al intendente de Lincoln, Salvador Serenal, como candiadato a secretario general del partido, mientras que el intendente de Tandil, Miguel Lunghi, encabeza la lista de convencionales nacionales. Adem\u00e1s, el dirigente Federico Storani y los diputados nacionales Danya Tavela y Pablo Juliano se presentan como candidatos a delegados en el Comit\u00e9 Nacional.<\/p>\n<p>La lista de Fern\u00e1ndez postula como Secretario General a Walter Carusso, mientras que a la cabeza de la lista de convencionales nacionales qued\u00f3 Gustavo Posse. En tanto, Erica Revilla, la intendenta de General Arenales y Abad son candidatos a delegados al Comit\u00e9 Nacional.<\/p>\n","protected":false},"excerpt":{"rendered":"<p>\u201cDespu\u00e9s de 20 a\u00f1os, se present\u00f3 una \u00fanica lista que incluye a los distintos sectores internos\u201d destac\u00f3 el comit\u00e9 local.<\/p>\n","protected":false},"author":4,"featured_media":124865,"comment_status":"closed","ping_status":"closed","sticky":false,"template":"","format":"standard","meta":{"_jetpack_memberships_contains_paid_content":false,"footnotes":""},"categories":[4,1],"tags":[],"class_list":["post-124863","post","type-post","status-publish","format-standard","has-post-thumbnail","hentry","category-politica","category-portada"],"jetpack_featured_media_url":"https:\/\/i0.wp.com\/cdnoticias.com\/wp-content\/uploads\/2024\/09\/belen-vergel-UCR-0.jpg?fit=1000%2C556&ssl=1","jetpack_sharing_enabled":true,"_links":{"self":[{"href":"https:\/\/cdnoticias.com\/index.php\/wp-json\/wp\/v2\/posts\/124863","targetHints":{"allow":["GET"]}}],"collection":[{"href":"https:\/\/cdnoticias.com\/index.php\/wp-json\/wp\/v2\/posts"}],"about":[{"href":"https:\/\/cdnoticias.com\/index.php\/wp-json\/wp\/v2\/types\/post"}],"author":[{"embeddable":true,"href":"https:\/\/cdnoticias.com\/index.php\/wp-json\/wp\/v2\/users\/4"}],"replies":[{"embeddable":true,"href":"https:\/\/cdnoticias.com\/index.php\/wp-json\/wp\/v2\/comments?post=124863"}],"version-history":[{"count":0,"href":"https:\/\/cdnoticias.com\/index.php\/wp-json\/wp\/v2\/posts\/124863\/revisions"}],"wp:featuredmedia":[{"embeddable":true,"href":"https:\/\/cdnoticias.com\/index.php\/wp-json\/wp\/v2\/media\/124865"}],"wp:attachment":[{"href":"https:\/\/cdnoticias.com\/index.php\/wp-json\/wp\/v2\/media?parent=124863"}],"wp:term":[{"taxonomy":"category","embeddable":true,"href":"https:\/\/cdnoticias.com\/index.php\/wp-json\/wp\/v2\/categories?post=124863"},{"taxonomy":"post_tag","embeddable":true,"href":"https:\/\/cdnoticias.com\/index.php\/wp-json\/wp\/v2\/tags?post=124863"}],"curies":[{"name":"wp","href":"https:\/\/api.w.org\/{rel}","templated":true}]}}