{"id":124842,"date":"2024-09-08T12:57:12","date_gmt":"2024-09-08T15:57:12","guid":{"rendered":"https:\/\/cdnoticias.com\/?p=124842"},"modified":"2024-09-08T17:30:50","modified_gmt":"2024-09-08T20:30:50","slug":"la-idea-del-municipio-es-llegar-con-soluciones-habitacionales-a-todas-las-ramas-de-vecinos","status":"publish","type":"post","link":"https:\/\/cdnoticias.com\/index.php\/2024\/09\/08\/la-idea-del-municipio-es-llegar-con-soluciones-habitacionales-a-todas-las-ramas-de-vecinos\/","title":{"rendered":"\u201cLa idea del Municipio es llegar con soluciones habitacionales a todas las ramas de vecinos\u201d"},"content":{"rendered":"\n<p>El titular de Casa de Tierras y Regularizaci\u00f3n Dominial, Eduardo Juan S\u00e1nchez, expres\u00f3 que luego del sorteo de las 16 viviendas no seguir\u00e1n con el Programa TUVI de la gesti\u00f3n anterior.<\/p>\n\n\n\n<hr class=\"wp-block-separator aligncenter has-alpha-channel-opacity\"\/>\n\n\n\n<p>Luego del anuncio de la<strong> terminaci\u00f3n de las 16 viviendas que hab\u00edan quedado inconclusas de la gesti\u00f3n anterior<\/strong>, se llevar\u00e1 a cabo la adjudicaron para que los vecinos puedan <strong>acceder a las viviendas <\/strong><a href=\"https:\/\/cdnoticias.com\/index.php\/2024\/09\/05\/pickelado-finalizaron-16-viviendas-y-seran-sorteadas-entre-inscriptos-al-programa-municipal-de-vivienda\/\" data-type=\"post\" data-id=\"124674\" target=\"_blank\" rel=\"noreferrer noopener\"><strong>luego de un sorteo p\u00fablico <\/strong>entre todas las y los postulantes<\/a>,\u00a0<strong>y no a trav\u00e9s de una licitaci\u00f3n como era anteriormente<\/strong>.<\/p>\n\n\n\n<p><\/p>\n\n\n\n<p>El titular de Casa de Tierras y Regularizaci\u00f3n Dominial, <strong>Eduardo Juan S\u00e1nchez <\/strong>dialog\u00f3 con <em>LU 32<\/em> y expres\u00f3 que \u201c<strong><em>la idea del Municipio es llegar con soluciones habitacionales a todas las ramas de vecinos, en la medida de las posibilidades y dentro de la coyuntura que tenemos en este momento en este pa\u00eds\u201d.<\/em><\/strong><\/p>\n\n\n\n<p><\/p>\n\n\n\n<p>Asimismo, S\u00e1nchez agreg\u00f3 que el intendente Maximiliano Wesner le pidi\u00f3 &#8220;<strong>no encorsetarse en un solo sistema<\/strong>&#8221; al ser consultado por la continuidad del programa de la gesti\u00f3n anterior, por lo que despu\u00e9s del sorteo, <strong>no seguir\u00e1n con el Programa TUVI. <\/strong><\/p>\n\n\n\n<figure class=\"wp-block-image size-full\"><img data-recalc-dims=\"1\" loading=\"lazy\" decoding=\"async\" width=\"800\" height=\"445\" src=\"https:\/\/i0.wp.com\/cdnoticias.com\/wp-content\/uploads\/2024\/09\/viviendas-TUVI-construccion-tradicional.jpg?resize=800%2C445&#038;ssl=1\" alt=\"\" class=\"wp-image-124893\" srcset=\"https:\/\/i0.wp.com\/cdnoticias.com\/wp-content\/uploads\/2024\/09\/viviendas-TUVI-construccion-tradicional.jpg?w=800&amp;ssl=1 800w, https:\/\/i0.wp.com\/cdnoticias.com\/wp-content\/uploads\/2024\/09\/viviendas-TUVI-construccion-tradicional.jpg?resize=300%2C167&amp;ssl=1 300w, https:\/\/i0.wp.com\/cdnoticias.com\/wp-content\/uploads\/2024\/09\/viviendas-TUVI-construccion-tradicional.jpg?resize=768%2C427&amp;ssl=1 768w\" sizes=\"auto, (max-width: 800px) 100vw, 800px\" \/><\/figure>\n\n\n\n<p><\/p>\n\n\n\n<p>S\u00e1nchez record\u00f3 que cuando se sancion\u00f3 el Plan TUVI, la idea era hacer una \u201crueda virtuosa\u201d con la finalidad de que quienes estaban pagando sus casas puedan ir financiando nuevas viviendas. &nbsp;<\/p>\n\n\n\n<p><\/p>\n\n\n\n<blockquote class=\"wp-block-quote is-layout-flow wp-block-quote-is-layout-flow\">\n<p>\u201cLa rueda virtuosa m\u00e1s que un hecho concreto en la Ordenanza era una expresi\u00f3n de deseo. La rueda virtuosa de las cuotas fue financiar el costo de la construcci\u00f3n. No est\u00e1n pagando para nuevos emprendimientos\u201d sostuvo y agreg\u00f3 que era algo que ellos como oposici\u00f3n, hab\u00edan advertido.<\/p>\n<\/blockquote>\n\n\n\n<p><\/p>\n\n\n\n<p>\u201cQueremos intentar llegar con soluciones a todos los vecinos. <strong>Sabemos que la ciudad est\u00e1 pasando hace much\u00edsimos a\u00f1os por demanda habitacional constante y eso en esta situaci\u00f3n econ\u00f3mica nacional no merma si no que se acrecienta<\/strong>. La situaci\u00f3n de muchos vecinos y vecinas es angustiante\u201d cerr\u00f3 S\u00e1nchez.<\/p>\n","protected":false},"excerpt":{"rendered":"<p>El titular de Casa de Tierras y Regularizaci\u00f3n Dominial, Eduardo Juan S\u00e1nchez, expres\u00f3 que luego del sorteo de las 16<\/p>\n","protected":false},"author":6,"featured_media":124516,"comment_status":"closed","ping_status":"closed","sticky":false,"template":"","format":"standard","meta":{"_jetpack_memberships_contains_paid_content":false,"footnotes":""},"categories":[4,1],"tags":[],"class_list":["post-124842","post","type-post","status-publish","format-standard","has-post-thumbnail","hentry","category-politica","category-portada"],"jetpack_featured_media_url":"https:\/\/i0.wp.com\/cdnoticias.com\/wp-content\/uploads\/2024\/09\/FISU-lotes-13-sanchez.jpg?fit=800%2C445&ssl=1","jetpack_sharing_enabled":true,"_links":{"self":[{"href":"https:\/\/cdnoticias.com\/index.php\/wp-json\/wp\/v2\/posts\/124842","targetHints":{"allow":["GET"]}}],"collection":[{"href":"https:\/\/cdnoticias.com\/index.php\/wp-json\/wp\/v2\/posts"}],"about":[{"href":"https:\/\/cdnoticias.com\/index.php\/wp-json\/wp\/v2\/types\/post"}],"author":[{"embeddable":true,"href":"https:\/\/cdnoticias.com\/index.php\/wp-json\/wp\/v2\/users\/6"}],"replies":[{"embeddable":true,"href":"https:\/\/cdnoticias.com\/index.php\/wp-json\/wp\/v2\/comments?post=124842"}],"version-history":[{"count":0,"href":"https:\/\/cdnoticias.com\/index.php\/wp-json\/wp\/v2\/posts\/124842\/revisions"}],"wp:featuredmedia":[{"embeddable":true,"href":"https:\/\/cdnoticias.com\/index.php\/wp-json\/wp\/v2\/media\/124516"}],"wp:attachment":[{"href":"https:\/\/cdnoticias.com\/index.php\/wp-json\/wp\/v2\/media?parent=124842"}],"wp:term":[{"taxonomy":"category","embeddable":true,"href":"https:\/\/cdnoticias.com\/index.php\/wp-json\/wp\/v2\/categories?post=124842"},{"taxonomy":"post_tag","embeddable":true,"href":"https:\/\/cdnoticias.com\/index.php\/wp-json\/wp\/v2\/tags?post=124842"}],"curies":[{"name":"wp","href":"https:\/\/api.w.org\/{rel}","templated":true}]}}