{"id":124830,"date":"2024-09-07T12:30:04","date_gmt":"2024-09-07T15:30:04","guid":{"rendered":"https:\/\/cdnoticias.com\/?p=124830"},"modified":"2024-09-07T12:30:06","modified_gmt":"2024-09-07T15:30:06","slug":"las-mujeres-jovenes-son-las-mas-perjudicadas-por-el-desempleo-segun-un-informe-de-la-provincia","status":"publish","type":"post","link":"https:\/\/cdnoticias.com\/index.php\/2024\/09\/07\/las-mujeres-jovenes-son-las-mas-perjudicadas-por-el-desempleo-segun-un-informe-de-la-provincia\/","title":{"rendered":"Las mujeres j\u00f3venes son las m\u00e1s perjudicadas por el desempleo, seg\u00fan un informe de la Provincia"},"content":{"rendered":"\n<p>El documento se\u00f1al\u00f3 que, durante el primer trimestre de 2024&nbsp; las tasas de actividad, empleo y desocupaci\u00f3n sufrieron un retroceso conjunto por primera vez desde la pandemia.<\/p>\n\n\n\n<hr class=\"wp-block-separator aligncenter has-alpha-channel-opacity\"\/>\n\n\n\n<p>Las<strong> mujeres j\u00f3venes son las m\u00e1s perjudicadas por el desempleo en la provincia de Buenos Aires<\/strong> y, entre <strong>el 20% de personas de menores ingresos,<\/strong> <strong>62 de cada 100 son mujeres, <\/strong>seg\u00fan el informe \u201c<em>Brechas de g\u00e9nero laborales y de ingresos\u201d<\/em> para el primer trimestre de 2024, elaborado por la Unidad de G\u00e9nero y Econom\u00eda (UGE) del <strong>Ministerio de Econom\u00eda bonaerense.<\/strong><\/p>\n\n\n\n<p><\/p>\n\n\n\n<p>El documento destac\u00f3 que en el primer trimestre de 2024, por primera vez desde la pandemia, <strong>se registr\u00f3 un retroceso conjunto de las tasas de actividad<\/strong> (-0,4 pp.), empleo (-1,3 pp.) y un <strong>aumento de la desocupaci\u00f3n<\/strong> (+1,5 pp.) en la provincia.<\/p>\n\n\n\n<p><\/p>\n\n\n\n<blockquote class=\"wp-block-quote is-layout-flow wp-block-quote-is-layout-flow\">\n<p>Pero adem\u00e1s, se\u00f1al\u00f3 que la situaci\u00f3n se agrava al observar los datos de varones adultos y, en especial, de mujeres j\u00f3venes, que perdieron respectivamente 2,2 puntos porcentuales y 2,9 en actividad, 3,4 y 4,0 en empleo, y aumentaron 1,5 y 4,0 en desocupaci\u00f3n.<\/p>\n<\/blockquote>\n\n\n\n<p><\/p>\n\n\n\n<p>\u201cEn un contexto de ca\u00edda en las horas semanales trabajadas, se increment\u00f3 la cantidad de personas que necesitan m\u00e1s de un empleo. El impacto fue mayor en varones en ambos casos. Aun as\u00ed las mujeres tienen una tasa de pluriempleo m\u00e1s alta, pero trabajan menos horas que los varones en el mercado laboral\u201d, indic\u00f3 el informe.<\/p>\n\n\n\n<p><\/p>\n\n\n\n<p>Adem\u00e1s, la investigaci\u00f3n muestra que <strong>las mujeres tienen un menor acceso a empleos de calidad, de jornada laboral completa y a puestos de jerarqu\u00eda, lo que genera desigualdades en los ingresos.<\/strong><\/p>\n\n\n\n<p><\/p>\n\n\n\n<p>As\u00ed se indica que las mujeres trabajaron \u201c8.40 horas semanales menos que los varones. Esto se debe a que la mayor carga de cuidados sigue recayendo en las mujeres, lo que limita tanto el tiempo como las condiciones en las que pueden participar en el mercado laboral\u201d.<\/p>\n\n\n\n<p><\/p>\n\n\n\n<p>\u201cEstas desigualdades provocan que est\u00e9n sobrerrepresentadas en los quintiles de ingresos m\u00e1s bajos, lo que se conoce como feminizaci\u00f3n de la pobreza\u201d agregaron.<\/p>\n\n\n\n<p><\/p>\n\n\n\n<p>Esta investigaci\u00f3n trimestral tiene por objetivo <strong>visibilizar las diferencias en el acceso y la calidad del empleo entre varones y mujeres en la PBA.<\/strong> En esta oportunidad, el texto destac\u00f3 c\u00f3mo las pol\u00edticas de ajuste del gobierno nacional tuvieron un impacto m\u00e1s profundo en el mercado laboral de la Provincia, en relaci\u00f3n al resto del pa\u00eds.<\/p>\n\n\n\n<p><\/p>\n\n\n\n<p>\u201cEsto se debe a la proporci\u00f3n de personas empleadas en el sector industrial, la construcci\u00f3n y el servicio dom\u00e9stico, que fueron los m\u00e1s afectados por la recesi\u00f3n\u201d, se indic\u00f3.<\/p>\n\n\n\n<p><\/p>\n\n\n\n<p>Las <strong>desigualdades de g\u00e9nero <\/strong>provocan que las crisis afecten de manera desigual a mujeres y varones. Aunque cada crisis es diferente, los estudios con perspectiva de g\u00e9nero a nivel mundial demuestran que, en estos contextos, <strong>la ca\u00edda de las tasas de actividad, empleo y el aumento de la desocupaci\u00f3n afectan a las mujeres de manera particular.<\/strong><\/p>\n\n\n\n<p><\/p>\n\n\n\n<p>El\u00a0 informe \u201c<strong>Brechas de g\u00e9nero laborales y de ingresos\u201d<\/strong> para el primer trimestre de 2024 analiza las brechas de desigualdad en el mercado laboral de la provincia de Buenos Aires al primer trimestre de 2024 en base a los datos publicados por la Encuesta Permanente de Hogares (EPH) del INDEC, para los 6 aglomerados urbanos de la Provincia y la Encuesta Nacional de Uso del Tiempo 2021 del INDEC, para el Gran Buenos Aires.<\/p>\n\n\n\n<p><\/p>\n\n\n\n<p><em>Fuente: DIB<\/em><\/p>\n","protected":false},"excerpt":{"rendered":"<p>El documento se\u00f1al\u00f3 que, durante el primer trimestre de 2024&nbsp; las tasas de actividad, empleo y desocupaci\u00f3n sufrieron un retroceso<\/p>\n","protected":false},"author":6,"featured_media":124831,"comment_status":"closed","ping_status":"closed","sticky":false,"template":"","format":"standard","meta":{"_jetpack_memberships_contains_paid_content":false,"footnotes":""},"categories":[6,1],"tags":[],"class_list":["post-124830","post","type-post","status-publish","format-standard","has-post-thumbnail","hentry","category-nacionales","category-portada"],"jetpack_featured_media_url":"https:\/\/i0.wp.com\/cdnoticias.com\/wp-content\/uploads\/2024\/09\/mujeres-desempleo-brecha-genero.png?fit=693%2C382&ssl=1","jetpack_sharing_enabled":true,"_links":{"self":[{"href":"https:\/\/cdnoticias.com\/index.php\/wp-json\/wp\/v2\/posts\/124830","targetHints":{"allow":["GET"]}}],"collection":[{"href":"https:\/\/cdnoticias.com\/index.php\/wp-json\/wp\/v2\/posts"}],"about":[{"href":"https:\/\/cdnoticias.com\/index.php\/wp-json\/wp\/v2\/types\/post"}],"author":[{"embeddable":true,"href":"https:\/\/cdnoticias.com\/index.php\/wp-json\/wp\/v2\/users\/6"}],"replies":[{"embeddable":true,"href":"https:\/\/cdnoticias.com\/index.php\/wp-json\/wp\/v2\/comments?post=124830"}],"version-history":[{"count":0,"href":"https:\/\/cdnoticias.com\/index.php\/wp-json\/wp\/v2\/posts\/124830\/revisions"}],"wp:featuredmedia":[{"embeddable":true,"href":"https:\/\/cdnoticias.com\/index.php\/wp-json\/wp\/v2\/media\/124831"}],"wp:attachment":[{"href":"https:\/\/cdnoticias.com\/index.php\/wp-json\/wp\/v2\/media?parent=124830"}],"wp:term":[{"taxonomy":"category","embeddable":true,"href":"https:\/\/cdnoticias.com\/index.php\/wp-json\/wp\/v2\/categories?post=124830"},{"taxonomy":"post_tag","embeddable":true,"href":"https:\/\/cdnoticias.com\/index.php\/wp-json\/wp\/v2\/tags?post=124830"}],"curies":[{"name":"wp","href":"https:\/\/api.w.org\/{rel}","templated":true}]}}