{"id":12483,"date":"2021-01-29T10:00:49","date_gmt":"2021-01-29T13:00:49","guid":{"rendered":"http:\/\/www.centraldenoticias.com.ar\/?p=12483"},"modified":"2021-01-29T10:26:49","modified_gmt":"2021-01-29T13:26:49","slug":"distanciamiento-social-por-un-mes-mas","status":"publish","type":"post","link":"https:\/\/cdnoticias.com\/index.php\/2021\/01\/29\/distanciamiento-social-por-un-mes-mas\/","title":{"rendered":"Distanciamiento social, por un mes m\u00e1s"},"content":{"rendered":"<p>El domingo vence la \u00faltima pr\u00f3rroga que hab\u00eda sido anunciada por el Presidente el 18 de diciembre pasado. Se espera entonces que no se modifiquen las actividades permitidas.<!--more--><\/p>\n<hr \/>\n<p><strong>El Gobierno nacional anunciar\u00e1 este viernes la extensi\u00f3n del Distanciamiento Social<\/strong>, Preventivo y Obligatorio (Dispo) por la pandemia del coronavirus, <strong>en principio por un mes, a partir del 1 de febrero<\/strong>.<\/p>\n<p>Cabe se\u00f1alar que el domingo vencer\u00e1 el Decreto de Necesidad y Urgencia (DNU) 1033\/2020 del 21 de diciembre, que extend\u00eda el <a href=\"https:\/\/cdnoticias.com\/index.php\/2020\/12\/18\/fernandez-extendio-la-dispo-al-31-de-enero-y-hablo-de-la-vacuna\/\" target=\"_blank\" rel=\"noopener\">Dispo hasta el 31 de enero<\/a> y que hab\u00eda sido anunciado por el presidente Alberto Fern\u00e1ndez el 18 de diciembre, durante un acto que presidi\u00f3 en el partido bonaerense de Moreno.<\/p>\n<p>Con la extensi\u00f3n del distanciamiento, <strong>se espera entonces que no se modifiquen las actividades que vienen permitidas hasta ahora<\/strong>. Adem\u00e1s, el Gobierno reconoce que tras un rebrote de unas cuatro semanas, los casos se estabilizaron y luego comenzaron nuevamente a bajar.<\/p>\n<p>Desde el anuncio de la primera etapa de las medidas dispuestas por la pandemia, el 19 de marzo de 2020, <strong>esta ser\u00e1 la decimoctava pr\u00f3rroga<\/strong>, per\u00edodo en el que hubo distintos grados de restricciones.<\/p>\n<p>La primera etapa se denomin\u00f3 <strong>Aislamiento Social Preventivo y Obligatorio (ASPO)<\/strong> y tras varios meses con ese sistema de prevenci\u00f3n, en noviembre pasado el presidente Fern\u00e1ndez anunci\u00f3 el <strong>Distanciamiento Social, Preventivo y Obligatorio (DISPO)<\/strong>.<\/p>\n<blockquote><p>En las \u00faltimas 24 horas, otras 166 personas murieron y 9.471 fueron reportadas con coronavirus en el pa\u00eds.<\/p><\/blockquote>\n<p>De esta manera, son 47.601 los fallecidos registrados oficialmente a nivel nacional y <strong>1.905.524 los contagiados<\/strong> desde el inicio de la pandemia, seg\u00fan inform\u00f3 el Ministerio de Salud.<\/p>\n<p>De los 1.905.524 positivos en el pa\u00eds desde el inicio de la pandemia, 1.693.146 son pacientes recuperados y 164.777 son casos confirmados activos.<\/p>\n<p><em>Fuente: Agencia DIB<\/em><\/p>\n","protected":false},"excerpt":{"rendered":"<p>El domingo vence la \u00faltima pr\u00f3rroga que hab\u00eda sido anunciada por el Presidente el 18 de diciembre pasado. Se espera<\/p>\n","protected":false},"author":4,"featured_media":12485,"comment_status":"closed","ping_status":"closed","sticky":false,"template":"","format":"standard","meta":{"_jetpack_memberships_contains_paid_content":false,"footnotes":""},"categories":[6,1],"tags":[],"class_list":["post-12483","post","type-post","status-publish","format-standard","has-post-thumbnail","hentry","category-nacionales","category-portada"],"jetpack_featured_media_url":"https:\/\/i0.wp.com\/cdnoticias.com\/wp-content\/uploads\/2021\/01\/DIB-test-rapidos-630x420.jpg?fit=630%2C420&ssl=1","jetpack_sharing_enabled":true,"_links":{"self":[{"href":"https:\/\/cdnoticias.com\/index.php\/wp-json\/wp\/v2\/posts\/12483","targetHints":{"allow":["GET"]}}],"collection":[{"href":"https:\/\/cdnoticias.com\/index.php\/wp-json\/wp\/v2\/posts"}],"about":[{"href":"https:\/\/cdnoticias.com\/index.php\/wp-json\/wp\/v2\/types\/post"}],"author":[{"embeddable":true,"href":"https:\/\/cdnoticias.com\/index.php\/wp-json\/wp\/v2\/users\/4"}],"replies":[{"embeddable":true,"href":"https:\/\/cdnoticias.com\/index.php\/wp-json\/wp\/v2\/comments?post=12483"}],"version-history":[{"count":0,"href":"https:\/\/cdnoticias.com\/index.php\/wp-json\/wp\/v2\/posts\/12483\/revisions"}],"wp:featuredmedia":[{"embeddable":true,"href":"https:\/\/cdnoticias.com\/index.php\/wp-json\/wp\/v2\/media\/12485"}],"wp:attachment":[{"href":"https:\/\/cdnoticias.com\/index.php\/wp-json\/wp\/v2\/media?parent=12483"}],"wp:term":[{"taxonomy":"category","embeddable":true,"href":"https:\/\/cdnoticias.com\/index.php\/wp-json\/wp\/v2\/categories?post=12483"},{"taxonomy":"post_tag","embeddable":true,"href":"https:\/\/cdnoticias.com\/index.php\/wp-json\/wp\/v2\/tags?post=12483"}],"curies":[{"name":"wp","href":"https:\/\/api.w.org\/{rel}","templated":true}]}}