{"id":124817,"date":"2024-09-07T09:30:23","date_gmt":"2024-09-07T12:30:23","guid":{"rendered":"https:\/\/cdnoticias.com\/?p=124817"},"modified":"2024-09-07T19:04:03","modified_gmt":"2024-09-07T22:04:03","slug":"este-sabado-comenzara-la-campana-de-vacunacion-antirrabica","status":"publish","type":"post","link":"https:\/\/cdnoticias.com\/index.php\/2024\/09\/07\/este-sabado-comenzara-la-campana-de-vacunacion-antirrabica\/","title":{"rendered":"Este s\u00e1bado comenzar\u00e1 la Campa\u00f1a de Vacunaci\u00f3n Antirr\u00e1bica"},"content":{"rendered":"\n<p>El primer destino ser\u00e1 la localidad de Espigas con punto de atenci\u00f3n en la Delegaci\u00f3n Municipal. C\u00f3mo sigue el cronograma.<\/p>\n\n\n\n<hr class=\"wp-block-separator aligncenter has-alpha-channel-opacity\"\/>\n\n\n\n<p>A partir de este<strong> s\u00e1bado 7 de septiembre <\/strong>dar\u00e1 inicio una<strong> nueva Campa\u00f1a de Vacunaci\u00f3n Antirr\u00e1bica para perros y gatos,<\/strong> por lo que se solicita a la comunidad de todo el Partido que acerque a sus mascotas a los distintos que durante las pr\u00f3ximas semanas ser\u00e1n ubicados en distintos barrios y localidades.<\/p>\n\n\n\n<p><\/p>\n\n\n\n<p>La actividad busca <strong>promover la vacunaci\u00f3n contra la rabia en animales,<\/strong> debido a que es la principal medida de prevenci\u00f3n para esta enfermedad, y tambi\u00e9n sensibilizar sobre el cuidado responsable de animales de compa\u00f1\u00eda.<\/p>\n\n\n\n<p><\/p>\n\n\n\n<blockquote class=\"wp-block-quote is-layout-flow wp-block-quote-is-layout-flow\">\n<p>La rabia es una enfermedad producida por un virus que afecta al sistema nervioso central de los mam\u00edferos, incluidas las personas. No tiene cura y el tratamiento solo es eficaz si se aplica antes del inicio de los s\u00edntomas. Por eso, es fundamental prevenirla.<\/p>\n<\/blockquote>\n\n\n\n<p><\/p>\n\n\n\n<p>El primer destino ser\u00e1 la <strong>localidad de Espigas, este s\u00e1bado a partir de las 9 y hasta las 12 con punto de atenci\u00f3n en la Delegaci\u00f3n Municipal<\/strong>. El recorrido continuar\u00e1 de la semana entrante continuar\u00e1 de acuerdo al siguiente cronograma:<\/p>\n\n\n\n<ul class=\"wp-block-list\">\n<li>Martes 10: Barrio Pickelado, de 9:00 a 12:30 horas, en la Plaza de Coronel Suarez y Larralde.<\/li>\n<\/ul>\n\n\n\n<ul class=\"wp-block-list\">\n<li>Mi\u00e9rcoles 11: Barrio Obrero, de 9:00 a 12:30 horas, en el CAPS N\u00b0 1 de avenida Del Valle y Celestino Mu\u00f1oz.<\/li>\n<\/ul>\n\n\n\n<ul class=\"wp-block-list\">\n<li>Jueves 12: Barrio Acupo I, de 10:00 a 12:30 horas, en el CAPS N\u00b0 25 de Juan Pablo II y R. S\u00e1enz Pe\u00f1a.<\/li>\n<\/ul>\n\n\n\n<p><\/p>\n\n\n\n<p class=\"has-medium-font-size\"><strong>Requisitos<\/strong><\/p>\n\n\n\n<ul class=\"wp-block-list\">\n<li>La vacuna se aplica de forma gratuita a todos los gatos y perros mayores de tres (3) meses<\/li>\n<\/ul>\n\n\n\n<ul class=\"wp-block-list\">\n<li>No se vacuna a hembras pre\u00f1adas o en lactancia o animales que presenten s\u00edntomas de enfermedad.<\/li>\n<\/ul>\n\n\n\n<ul class=\"wp-block-list\">\n<li>Es importante recordar que todos los perros deben concurrir de forma obligatoria a los puestos de vacunaci\u00f3n, con correa, collar y el agregado de bozal para aquellas razas y sus cruzas de los denominados perros potencialmente peligrosos.<\/li>\n<\/ul>\n\n\n\n<ul class=\"wp-block-list\">\n<li>En cuanto a los felinos deben concurrir en transportadoras, mochilas-bolsos, no sueltos ni en cajas, a fin de prevenir posibles escapes.<\/li>\n<\/ul>\n\n<blockquote class=\"wp-embedded-content\" data-secret=\"gF0YK69SM0\"><a href=\"https:\/\/cdnoticias.com\/index.php\/2024\/08\/29\/nueva-campana-antirrabica-conoce-los-lugares-de-vacunacion\/\">Nueva campa\u00f1a antirr\u00e1bica: conoc\u00e9 los lugares de vacunaci\u00f3n<\/a><\/blockquote><iframe loading=\"lazy\" class=\"wp-embedded-content\" sandbox=\"allow-scripts\" security=\"restricted\" style=\"position: absolute; visibility: hidden;\" title=\"&#8220;Nueva campa\u00f1a antirr\u00e1bica: conoc\u00e9 los lugares de vacunaci\u00f3n&#8221; &#8212; Central de Noticias | Olavarr\u00eda\" src=\"https:\/\/cdnoticias.com\/index.php\/2024\/08\/29\/nueva-campana-antirrabica-conoce-los-lugares-de-vacunacion\/embed\/#?secret=vYlRejctpS#?secret=gF0YK69SM0\" data-secret=\"gF0YK69SM0\" width=\"600\" height=\"338\" frameborder=\"0\" marginwidth=\"0\" marginheight=\"0\" scrolling=\"no\"><\/iframe>\n","protected":false},"excerpt":{"rendered":"<p>El primer destino ser\u00e1 la localidad de Espigas con punto de atenci\u00f3n en la Delegaci\u00f3n Municipal. C\u00f3mo sigue el cronograma.<\/p>\n","protected":false},"author":6,"featured_media":97747,"comment_status":"closed","ping_status":"closed","sticky":false,"template":"","format":"standard","meta":{"_jetpack_memberships_contains_paid_content":false,"footnotes":""},"categories":[5,1],"tags":[],"class_list":["post-124817","post","type-post","status-publish","format-standard","has-post-thumbnail","hentry","category-informacion-general","category-portada"],"jetpack_featured_media_url":"https:\/\/i0.wp.com\/cdnoticias.com\/wp-content\/uploads\/2023\/09\/vacunacion-antirrabica-animales-06.jpg?fit=800%2C445&ssl=1","jetpack_sharing_enabled":true,"_links":{"self":[{"href":"https:\/\/cdnoticias.com\/index.php\/wp-json\/wp\/v2\/posts\/124817","targetHints":{"allow":["GET"]}}],"collection":[{"href":"https:\/\/cdnoticias.com\/index.php\/wp-json\/wp\/v2\/posts"}],"about":[{"href":"https:\/\/cdnoticias.com\/index.php\/wp-json\/wp\/v2\/types\/post"}],"author":[{"embeddable":true,"href":"https:\/\/cdnoticias.com\/index.php\/wp-json\/wp\/v2\/users\/6"}],"replies":[{"embeddable":true,"href":"https:\/\/cdnoticias.com\/index.php\/wp-json\/wp\/v2\/comments?post=124817"}],"version-history":[{"count":0,"href":"https:\/\/cdnoticias.com\/index.php\/wp-json\/wp\/v2\/posts\/124817\/revisions"}],"wp:featuredmedia":[{"embeddable":true,"href":"https:\/\/cdnoticias.com\/index.php\/wp-json\/wp\/v2\/media\/97747"}],"wp:attachment":[{"href":"https:\/\/cdnoticias.com\/index.php\/wp-json\/wp\/v2\/media?parent=124817"}],"wp:term":[{"taxonomy":"category","embeddable":true,"href":"https:\/\/cdnoticias.com\/index.php\/wp-json\/wp\/v2\/categories?post=124817"},{"taxonomy":"post_tag","embeddable":true,"href":"https:\/\/cdnoticias.com\/index.php\/wp-json\/wp\/v2\/tags?post=124817"}],"curies":[{"name":"wp","href":"https:\/\/api.w.org\/{rel}","templated":true}]}}