{"id":124807,"date":"2024-09-07T11:32:38","date_gmt":"2024-09-07T14:32:38","guid":{"rendered":"https:\/\/cdnoticias.com\/?p=124807"},"modified":"2024-09-07T11:32:40","modified_gmt":"2024-09-07T14:32:40","slug":"el-quirofano-veterinario-movil-estara-en-espigas","status":"publish","type":"post","link":"https:\/\/cdnoticias.com\/index.php\/2024\/09\/07\/el-quirofano-veterinario-movil-estara-en-espigas\/","title":{"rendered":"El Quir\u00f3fano Veterinario M\u00f3vil estar\u00e1 en Espigas"},"content":{"rendered":"\n<p>Ser\u00e1 este s\u00e1bado en la sede de la Delegaci\u00f3n Municipal. La modalidad de atenci\u00f3n es con turnos previamente acordados.<\/p>\n\n\n\n<hr class=\"wp-block-separator aligncenter has-alpha-channel-opacity\"\/>\n\n\n\n<p>El <strong>Quir\u00f3fano Veterinario M\u00f3vil <\/strong>contin\u00faa con su recorrido por todo el Partido, ofreciendo de <strong>manera gratuita el servicio de esterilizaciones quir\u00fargicas caninas y felinas.<\/strong><\/p>\n\n\n\n<p><\/p>\n\n\n\n<p>La<strong> modalidad de atenci\u00f3n es mediante turnos previamente acordados,<\/strong> por lo que se invita a las personas interesadas en castrar a sus mascotas que se comuniquen al <strong>2284 666400,<\/strong> l\u00ednea habilitada tanto para llamadas como para mensajes de WhatsApp.<\/p>\n\n\n\n<p><\/p>\n\n\n\n<blockquote class=\"wp-block-quote is-layout-flow wp-block-quote-is-layout-flow\">\n<p>El recorrido de los pr\u00f3ximos d\u00edas se iniciar\u00e1 este s\u00e1bado en Espigas, donde adem\u00e1s dar\u00e1 comienzo la Campa\u00f1a de Vacunaci\u00f3n Antirr\u00e1bica, por lo que se insiste el pedido para que las y los habitantes de esa localidad acerquen a sus mascotas a la sede de la Delegaci\u00f3n Municipal, en el horario de 9 a 12 horas.<\/p>\n<\/blockquote>\n\n\n\n<p><\/p>\n\n\n\n<p><strong>A partir del lunes, y hasta el martes 10 inclusive<\/strong>, personal del \u00e1rea atender\u00e1 en el <strong>barrio Independencia, <\/strong>m\u00e1s precisamente en la <strong>sede del Programa Envi\u00f3n ubicada sobre avenida Pueyrred\u00f3n 1638.<\/strong><\/p>\n\n\n\n<p><\/p>\n\n\n\n<p>Luego, <strong>el jueves 12 y viernes 13 inclusive,<\/strong> el servicio se brindar\u00e1 en el <strong>barrio Sarmiento<\/strong>, por lo que se invita a la personas de ese punto de la ciudad a acercarse a la parroquia Nuestra Se\u00f1ora de la Esperanza, situada sobre <strong>Mitre y Ayacucho.<\/strong><\/p>\n\n\n\n<p><\/p>\n\n\n\n<p>En ambos casos <strong>el horario de atenci\u00f3n ser\u00e1 de 8:30 a 12 horas<\/strong> y quienes est\u00e9n interesados en esterilizar sus mascotas tambi\u00e9n podr\u00e1n solicitar turno acerc\u00e1ndose previamente a cada uno de los sitios mencionados.<\/p>\n\n\n\n<p><\/p>\n\n\n\n<p class=\"has-medium-font-size\"><strong>\u00bfCu\u00e1les son los requisitos para la cirug\u00eda?<\/strong><\/p>\n\n\n\n<ul class=\"wp-block-list\">\n<li>Tener m\u00e1s de 6 meses, excepto felinos machos, que deben tener m\u00e1s de 8 meses<\/li>\n<\/ul>\n\n\n\n<ul class=\"wp-block-list\">\n<li>El animal debe tener 12 horas de ayuno de alimentos y 1 hora de ayuno de l\u00edquidos previos a la cirug\u00eda.<\/li>\n<\/ul>\n\n\n\n<ul class=\"wp-block-list\">\n<li>Deben tener un peso \u00f3ptimo.<\/li>\n<\/ul>\n\n\n\n<ul class=\"wp-block-list\">\n<li>Deben estar cl\u00ednicamente sanos. No presentar enfermedades infectocontagiosas.<\/li>\n<\/ul>\n\n\n\n<ul class=\"wp-block-list\">\n<li>En las hembras despu\u00e9s de haber parido, deben haber pasado al menos 60 d\u00edas postparto.<\/li>\n<\/ul>\n\n\n\n<ul class=\"wp-block-list\">\n<li>Los perros deben asistir con collar, cadena y bozal de ser necesario, y los gatos deben asistir en jaulas transportadoras, NO en cajas de cart\u00f3n.<\/li>\n<\/ul>\n\n\n\n<ul class=\"wp-block-list\">\n<li>El tutor responsable debe disponer del tiempo para esperar la cirug\u00eda.<\/li>\n<\/ul>\n\n\n\n<ul class=\"wp-block-list\">\n<li>El m\u00e9dico veterinario determinar\u00e1 si el animal est\u00e1 o no apto de ser operado seg\u00fan su criterio profesional.<\/li>\n<\/ul>\n","protected":false},"excerpt":{"rendered":"<p>Ser\u00e1 este s\u00e1bado en la sede de la Delegaci\u00f3n Municipal. La modalidad de atenci\u00f3n es con turnos previamente acordados. El<\/p>\n","protected":false},"author":6,"featured_media":113145,"comment_status":"closed","ping_status":"closed","sticky":false,"template":"","format":"standard","meta":{"_jetpack_memberships_contains_paid_content":false,"footnotes":""},"categories":[5,1],"tags":[],"class_list":["post-124807","post","type-post","status-publish","format-standard","has-post-thumbnail","hentry","category-informacion-general","category-portada"],"jetpack_featured_media_url":"https:\/\/i0.wp.com\/cdnoticias.com\/wp-content\/uploads\/2024\/04\/quirofano-veterinario.png?fit=893%2C437&ssl=1","jetpack_sharing_enabled":true,"_links":{"self":[{"href":"https:\/\/cdnoticias.com\/index.php\/wp-json\/wp\/v2\/posts\/124807","targetHints":{"allow":["GET"]}}],"collection":[{"href":"https:\/\/cdnoticias.com\/index.php\/wp-json\/wp\/v2\/posts"}],"about":[{"href":"https:\/\/cdnoticias.com\/index.php\/wp-json\/wp\/v2\/types\/post"}],"author":[{"embeddable":true,"href":"https:\/\/cdnoticias.com\/index.php\/wp-json\/wp\/v2\/users\/6"}],"replies":[{"embeddable":true,"href":"https:\/\/cdnoticias.com\/index.php\/wp-json\/wp\/v2\/comments?post=124807"}],"version-history":[{"count":0,"href":"https:\/\/cdnoticias.com\/index.php\/wp-json\/wp\/v2\/posts\/124807\/revisions"}],"wp:featuredmedia":[{"embeddable":true,"href":"https:\/\/cdnoticias.com\/index.php\/wp-json\/wp\/v2\/media\/113145"}],"wp:attachment":[{"href":"https:\/\/cdnoticias.com\/index.php\/wp-json\/wp\/v2\/media?parent=124807"}],"wp:term":[{"taxonomy":"category","embeddable":true,"href":"https:\/\/cdnoticias.com\/index.php\/wp-json\/wp\/v2\/categories?post=124807"},{"taxonomy":"post_tag","embeddable":true,"href":"https:\/\/cdnoticias.com\/index.php\/wp-json\/wp\/v2\/tags?post=124807"}],"curies":[{"name":"wp","href":"https:\/\/api.w.org\/{rel}","templated":true}]}}