{"id":12480,"date":"2021-01-29T08:44:04","date_gmt":"2021-01-29T11:44:04","guid":{"rendered":"http:\/\/www.centraldenoticias.com.ar\/?p=12480"},"modified":"2021-01-29T10:01:29","modified_gmt":"2021-01-29T13:01:29","slug":"secuestraron-cartuchos-en-un-allanamiento-por-robo-amenazas-e-incendio","status":"publish","type":"post","link":"https:\/\/cdnoticias.com\/index.php\/2021\/01\/29\/secuestraron-cartuchos-en-un-allanamiento-por-robo-amenazas-e-incendio\/","title":{"rendered":"Secuestraron cartuchos en un allanamiento por robo, amenazas e incendio"},"content":{"rendered":"<p>Fue en un allanamiento en Azopardo al 6000. El acusado es un menor de edad.<!--more--><\/p>\n<hr \/>\n<p><strong>Diversos elementos fueron secuestrados en las \u00faltimas horas en una vivienda de Azopardo al 6000<\/strong> en el marco de la investigaci\u00f3n por<strong> \u201cvarios hechos delictivos y vand\u00e1licos\u201d ocurridos en el barrio Villa Mail\u00edn<\/strong>.<\/p>\n<p>Concretamente, se inform\u00f3 que se investigan un <strong>hurto, amenazas y un incendio intencional<\/strong> y la acusaci\u00f3n recay\u00f3 sobre, al menos,\u00a0<strong>un menor de edad<\/strong>.<\/p>\n<p>En el allanamiento intervinieron personal de la comisar\u00eda Primera, motopolic\u00edas de Polic\u00eda Local, Sub DDI y grupo GAD. La medida hab\u00eda sido solicitada por la UFI N.\u00ba 23 local, que encabeza el fiscal Miguel Pi\u00f1eiro y fue avalada por la jueza Virginia Giombini del Juzgado de Garant\u00edas del Joven N\u00b0 1 Tandil.<\/p>\n<p><strong>El resultado fue positivo<\/strong>. En Azopardo al 6000 fueron secuestrados dos cartuchos intactos calibre 22 marca \u201cFM\u201d, un cartucho intacto calibre 22 marca \u201cO.A\u201d y distintas prendas de vestir como una bermuda y un gorro, las cuales ser\u00e1n sometidos a pericias y se exhibir\u00e1n para el reconocimiento de la v\u00edctima.<\/p>\n<p>Todos los art\u00edculos fueron trasladados a la Comisar\u00eda Segunda.<\/p>\n<p>La investigaci\u00f3n que encabeza la UFI N.\u00ba 23 fue caratulada<strong> \u201churto, amenazas agravadas e incendio intencional\u201d<\/strong>.<\/p>\n","protected":false},"excerpt":{"rendered":"<p>Fue en un allanamiento en Azopardo al 6000. El acusado es un menor de edad.<\/p>\n","protected":false},"author":4,"featured_media":12481,"comment_status":"closed","ping_status":"closed","sticky":false,"template":"","format":"standard","meta":{"_jetpack_memberships_contains_paid_content":false,"footnotes":""},"categories":[14,1],"tags":[],"class_list":["post-12480","post","type-post","status-publish","format-standard","has-post-thumbnail","hentry","category-policiales","category-portada"],"jetpack_featured_media_url":"https:\/\/i0.wp.com\/cdnoticias.com\/wp-content\/uploads\/2021\/01\/azopardo-6000.jpeg?fit=1280%2C720&ssl=1","jetpack_sharing_enabled":true,"_links":{"self":[{"href":"https:\/\/cdnoticias.com\/index.php\/wp-json\/wp\/v2\/posts\/12480","targetHints":{"allow":["GET"]}}],"collection":[{"href":"https:\/\/cdnoticias.com\/index.php\/wp-json\/wp\/v2\/posts"}],"about":[{"href":"https:\/\/cdnoticias.com\/index.php\/wp-json\/wp\/v2\/types\/post"}],"author":[{"embeddable":true,"href":"https:\/\/cdnoticias.com\/index.php\/wp-json\/wp\/v2\/users\/4"}],"replies":[{"embeddable":true,"href":"https:\/\/cdnoticias.com\/index.php\/wp-json\/wp\/v2\/comments?post=12480"}],"version-history":[{"count":0,"href":"https:\/\/cdnoticias.com\/index.php\/wp-json\/wp\/v2\/posts\/12480\/revisions"}],"wp:featuredmedia":[{"embeddable":true,"href":"https:\/\/cdnoticias.com\/index.php\/wp-json\/wp\/v2\/media\/12481"}],"wp:attachment":[{"href":"https:\/\/cdnoticias.com\/index.php\/wp-json\/wp\/v2\/media?parent=12480"}],"wp:term":[{"taxonomy":"category","embeddable":true,"href":"https:\/\/cdnoticias.com\/index.php\/wp-json\/wp\/v2\/categories?post=12480"},{"taxonomy":"post_tag","embeddable":true,"href":"https:\/\/cdnoticias.com\/index.php\/wp-json\/wp\/v2\/tags?post=12480"}],"curies":[{"name":"wp","href":"https:\/\/api.w.org\/{rel}","templated":true}]}}