{"id":124770,"date":"2024-09-06T18:03:26","date_gmt":"2024-09-06T21:03:26","guid":{"rendered":"https:\/\/cdnoticias.com\/?p=124770"},"modified":"2024-09-06T18:03:28","modified_gmt":"2024-09-06T21:03:28","slug":"docente-de-facso-preside-la-asociacion-de-carreras-de-comunicacion-mas-importante-del-pais","status":"publish","type":"post","link":"https:\/\/cdnoticias.com\/index.php\/2024\/09\/06\/docente-de-facso-preside-la-asociacion-de-carreras-de-comunicacion-mas-importante-del-pais\/","title":{"rendered":"Docente de FACSO preside la asociaci\u00f3n de carreras de comunicaci\u00f3n m\u00e1s importante del pa\u00eds"},"content":{"rendered":"<p>Maximiliano Peret fue elegido este jueves presidente de la Federaci\u00f3n Argentina de Carreras de Comunicaci\u00f3n Social (FADECCOS) en la asamblea realizada en la Universidad Nacional de Jujuy.<!--more--><\/p>\n<hr \/>\n<p>En el marco del <strong>XXI Encuentro Nacional de Carreras de Comunicaci\u00f3n<\/strong> que se lleva adelante actualmente en la Facultad de Humanidades y Ciencias Sociales de la Universidad Nacional de Jujuy (UNJU) fue designada la<strong> nueva comisi\u00f3n de la Federaci\u00f3n Argentina de Carreras de Comunicaci\u00f3n Social (FADECCOS)<\/strong>, que presidir\u00e1 por el periodo de dos a\u00f1os el <strong>docente e investigador de FACSO-UNICEN, Lic. Maximiliano Peret.<\/strong><\/p>\n<blockquote><p>La Facultad de Ciencias Sociales ha formado parte de FADECCOS desde sus inicios, por lo que est\u00e1 designaci\u00f3n es un reconocimiento al trabajo realizado a lo largo de los m\u00e1s de 35 a\u00f1os de historia de nuestra unidad acad\u00e9mica, la cual desde sus inicios cuenta con la Licenciatura en Comunicaci\u00f3n Social.<\/p><\/blockquote>\n<p>Hasta la actualidad <strong>el Lic. Peret, quien dirige la Junta del Departamento de Comunicaci\u00f3n Social y Periodismo de FACSO<\/strong>, se desempe\u00f1aba como Secretario General de la Federaci\u00f3n, y entre 2018 y 2020 hab\u00eda cumplido funciones como vicepresidente. <em>El presidente saliente es el Dr. C\u00e9sar Arrueta (UNJU).<\/em><\/p>\n<p>FADECCOS est\u00e1 integrada por<strong> 39 carreras de universidades p\u00fablicas y privadas<\/strong> de nuestro pa\u00eds. La Federaci\u00f3n promueve el aporte en el campo de la comunicaci\u00f3n mediante la investigaci\u00f3n, la discusi\u00f3n, la divulgaci\u00f3n de noticias, congresos y eventos e impulsa un mejor desarrollo y formaci\u00f3n de la Comunicaci\u00f3n Social en nuestro pa\u00eds.<\/p>\n<p>FADECCOS es miembro activo de la Federaci\u00f3n Latinoamericana de Facultades de Comunicaci\u00f3n Social (FELAFACS) y anualmente organiza los encuentros de carreras de comunicaci\u00f3n social (ENACOM), donde se llevan adelante presentaciones de investigadores\/as, docentes y acad\u00e9micos, as\u00ed como el EXPOCOM, propuesta para que estudiantes presenten sus producciones.<\/p>\n<p><img data-recalc-dims=\"1\" loading=\"lazy\" decoding=\"async\" class=\"size-full wp-image-124772 aligncenter\" src=\"https:\/\/i0.wp.com\/cdnoticias.com\/wp-content\/uploads\/2024\/09\/maxi-peret-fadeccos-2.jpeg?resize=800%2C445&#038;ssl=1\" alt=\"\" width=\"800\" height=\"445\" srcset=\"https:\/\/i0.wp.com\/cdnoticias.com\/wp-content\/uploads\/2024\/09\/maxi-peret-fadeccos-2.jpeg?w=1000&amp;ssl=1 1000w, https:\/\/i0.wp.com\/cdnoticias.com\/wp-content\/uploads\/2024\/09\/maxi-peret-fadeccos-2.jpeg?resize=300%2C167&amp;ssl=1 300w, https:\/\/i0.wp.com\/cdnoticias.com\/wp-content\/uploads\/2024\/09\/maxi-peret-fadeccos-2.jpeg?resize=768%2C427&amp;ssl=1 768w, https:\/\/i0.wp.com\/cdnoticias.com\/wp-content\/uploads\/2024\/09\/maxi-peret-fadeccos-2.jpeg?resize=800%2C445&amp;ssl=1 800w\" sizes=\"auto, (max-width: 800px) 100vw, 800px\" \/><\/p>\n<h3>Nueva comisi\u00f3n directiva:<\/h3>\n<p>Presidente: Maximiliano Peret (UNICEN)<\/p>\n<p>Vicepresidenta: Cecilia Labate (UCES)<\/p>\n<p>Secretaria General: Georgina Gonz\u00e1lez Gartland (UNGS)<\/p>\n<p>Secretario T\u00e9cnico: Juan Jos\u00e9 Navarro (UNCuyo)<\/p>\n<p>Tesorero: Carlos Garc\u00eda da Rosa (UNAM)fadeccosint1<\/p>\n<p>Revisor de Cuentas: Fabrizio Zotta (UFASTA)<\/p>\n<p>Secretaria Acad\u00e9mica: Mar\u00eda Chachagua (UNSA)<\/p>\n<p>Secretaria de Comunicaci\u00f3n: Mirian Goyeneche (UNSL)<\/p>\n<p>Secretaria de Comunicaci\u00f3n de la Ciencia: Ana Vara (UNSAM)<\/p>\n<p>Secretaria de Extensi\u00f3n e Innovaci\u00f3n: Mariana Perticara (UNL)<\/p>\n<p>Secretaria de G\u00e9nero: Eva Fontdevila (UNT)<\/p>\n<p>Secretaria de Investigaci\u00f3n: Mariela Parisi (UNC)<\/p>\n<p>Secretario de Relaciones Institucionales: Francisco Albarello (Austral)<\/p>\n<p>Secretaria de Publicaciones: Marcela Farr\u00e9 (Blas Pascal)<\/p>\n<p>Direcci\u00f3n Editorial: Agust\u00edn Hernandorena (UNISAL)<\/p>\n<p>Direcci\u00f3n Revista Argentina de Comunicaci\u00f3n (RAC): Emiliano Venier (UNSA)<\/p>\n<p>Coordinadora de Seguimiento de Pol\u00edticas P\u00fablicas: Larisa Kejval (UBA)<\/p>\n<p>Vocal: Mar\u00eda Milagros Vigil (UCSF)<\/p>\n<p>Representante ante ARUNA: Osvaldo Jose Da Costa (UNRC)<\/p>\n<p>Representante ante FELAFACS: Ram\u00f3n Burgos (UNJU)<\/p>\n<p>Representante ante ALAIC: Daniela Monje (CEA &#8211; UNC)<\/p>\n","protected":false},"excerpt":{"rendered":"<p>Maximiliano Peret fue elegido este jueves presidente de la Federaci\u00f3n Argentina de Carreras de Comunicaci\u00f3n Social (FADECCOS) en la asamblea<\/p>\n","protected":false},"author":4,"featured_media":124771,"comment_status":"closed","ping_status":"closed","sticky":false,"template":"","format":"standard","meta":{"_jetpack_memberships_contains_paid_content":false,"footnotes":""},"categories":[5,1],"tags":[],"class_list":["post-124770","post","type-post","status-publish","format-standard","has-post-thumbnail","hentry","category-informacion-general","category-portada"],"jetpack_featured_media_url":"https:\/\/i0.wp.com\/cdnoticias.com\/wp-content\/uploads\/2024\/09\/maxi-peret-fadeccos-1.jpeg?fit=1000%2C557&ssl=1","jetpack_sharing_enabled":true,"_links":{"self":[{"href":"https:\/\/cdnoticias.com\/index.php\/wp-json\/wp\/v2\/posts\/124770","targetHints":{"allow":["GET"]}}],"collection":[{"href":"https:\/\/cdnoticias.com\/index.php\/wp-json\/wp\/v2\/posts"}],"about":[{"href":"https:\/\/cdnoticias.com\/index.php\/wp-json\/wp\/v2\/types\/post"}],"author":[{"embeddable":true,"href":"https:\/\/cdnoticias.com\/index.php\/wp-json\/wp\/v2\/users\/4"}],"replies":[{"embeddable":true,"href":"https:\/\/cdnoticias.com\/index.php\/wp-json\/wp\/v2\/comments?post=124770"}],"version-history":[{"count":0,"href":"https:\/\/cdnoticias.com\/index.php\/wp-json\/wp\/v2\/posts\/124770\/revisions"}],"wp:featuredmedia":[{"embeddable":true,"href":"https:\/\/cdnoticias.com\/index.php\/wp-json\/wp\/v2\/media\/124771"}],"wp:attachment":[{"href":"https:\/\/cdnoticias.com\/index.php\/wp-json\/wp\/v2\/media?parent=124770"}],"wp:term":[{"taxonomy":"category","embeddable":true,"href":"https:\/\/cdnoticias.com\/index.php\/wp-json\/wp\/v2\/categories?post=124770"},{"taxonomy":"post_tag","embeddable":true,"href":"https:\/\/cdnoticias.com\/index.php\/wp-json\/wp\/v2\/tags?post=124770"}],"curies":[{"name":"wp","href":"https:\/\/api.w.org\/{rel}","templated":true}]}}