{"id":124681,"date":"2024-09-05T10:05:54","date_gmt":"2024-09-05T13:05:54","guid":{"rendered":"https:\/\/cdnoticias.com\/?p=124681"},"modified":"2024-09-05T17:08:54","modified_gmt":"2024-09-05T20:08:54","slug":"en-un-allanamiento-dieron-con-elementos-sustraidos-en-dos-robos","status":"publish","type":"post","link":"https:\/\/cdnoticias.com\/index.php\/2024\/09\/05\/en-un-allanamiento-dieron-con-elementos-sustraidos-en-dos-robos\/","title":{"rendered":"En un allanamiento dieron con elementos sustra\u00eddos en dos robos"},"content":{"rendered":"<p>Se trata de dos investigaciones penales por \u201churto\u201d que confluyeron en un operativo donde se secuestraron partes de moto y art\u00edculos del Servicio Penitenciario. Adem\u00e1s, se abrieron otras tres causas penales, una con el secuestro de un arma \u201ctumbera\u201d.<!--more--><\/p>\n<hr \/>\n<p>Un <strong>allanamiento con resultado positivo<\/strong> se llev\u00f3 a cabo este martes en el marco de <strong>dos investigaciones penales por \u201churto\u201d<\/strong>: <em>una de las v\u00edctimas era personal del Servicio Penitenciario y le hab\u00edan robado art\u00edculos de su trabajo.<\/em><\/p>\n<p>Se detall\u00f3 que el allanamiento tuvo lugar en una casa de<strong> Lavalle al 4400<\/strong> donde intervino personal de la <strong>Comisar\u00eda Primera, de Sub DDI y Polic\u00eda Local<\/strong>.<\/p>\n<blockquote><p>Fueron secuestrados pl\u00e1sticos pertenecientes al motoveh\u00edculo denunciado como robado en uno de los casos que dio origen al operativo. Se detall\u00f3 que se trabaja de pl\u00e1sticos frontales, faro delantero, gui\u00f1os laterales, pi\u00f1\u00f3n de engranaje y espejo retrovisor. Tambi\u00e9n fueron incautadas prendas de vestir utilizadas por el imputado para cometer el il\u00edcito, un casco, elementos provistos por el Servicio Penitenciario Provincial de la v\u00edctima, cremas varias, tickets varios de compra, sello personal y taza de losa.<\/p><\/blockquote>\n<p><img data-recalc-dims=\"1\" loading=\"lazy\" decoding=\"async\" class=\"size-full wp-image-124685 aligncenter\" src=\"https:\/\/i0.wp.com\/cdnoticias.com\/wp-content\/uploads\/2024\/09\/lavalle-4400-allanamiento-03.jpg?resize=800%2C633&#038;ssl=1\" alt=\"\" width=\"800\" height=\"633\" srcset=\"https:\/\/i0.wp.com\/cdnoticias.com\/wp-content\/uploads\/2024\/09\/lavalle-4400-allanamiento-03.jpg?w=800&amp;ssl=1 800w, https:\/\/i0.wp.com\/cdnoticias.com\/wp-content\/uploads\/2024\/09\/lavalle-4400-allanamiento-03.jpg?resize=300%2C237&amp;ssl=1 300w, https:\/\/i0.wp.com\/cdnoticias.com\/wp-content\/uploads\/2024\/09\/lavalle-4400-allanamiento-03.jpg?resize=768%2C608&amp;ssl=1 768w\" sizes=\"auto, (max-width: 800px) 100vw, 800px\" \/><\/p>\n<blockquote><p>Posteriormente por separado se iniciaron m\u00e1s actuaciones penales. Por \u201cpresunta infracci\u00f3n al art\u00edculo 189 bis\u201d fue secuestrada un arma de fabricaci\u00f3n casera del tipo tumbera.<\/p><\/blockquote>\n<p>Se abri\u00f3 un proceso penal por <strong>\u201cinfracci\u00f3n a la ley 23.737\u201d<\/strong> con el secuestro de <strong>cinco plantas de cannabis sativa.<\/strong><\/p>\n<p>Finalmente, con el<strong> secuestro de dos bicicletas<\/strong> se inici\u00f3 una causa caratulada <strong>\u201caveriguaci\u00f3n de presunto il\u00edcito\u201d<\/strong>. Se trata de <em>una bicicleta tipo playera y una del tipo mountain bike.<\/em><\/p>\n<p>En todas las causas penales qued\u00f3 <strong>imputado un hombre de 24 a\u00f1os<\/strong>. Se dieron intervenciones a las <strong>UFI N\u00b0 17, UFI N\u00b0 10 y UFI N\u00ba 19.<\/strong><\/p>\n<p><img data-recalc-dims=\"1\" loading=\"lazy\" decoding=\"async\" class=\"size-full wp-image-124683 aligncenter\" src=\"https:\/\/i0.wp.com\/cdnoticias.com\/wp-content\/uploads\/2024\/09\/lavalle-4400-allanamiento-02.jpg?resize=800%2C445&#038;ssl=1\" alt=\"\" width=\"800\" height=\"445\" srcset=\"https:\/\/i0.wp.com\/cdnoticias.com\/wp-content\/uploads\/2024\/09\/lavalle-4400-allanamiento-02.jpg?w=800&amp;ssl=1 800w, https:\/\/i0.wp.com\/cdnoticias.com\/wp-content\/uploads\/2024\/09\/lavalle-4400-allanamiento-02.jpg?resize=300%2C167&amp;ssl=1 300w, https:\/\/i0.wp.com\/cdnoticias.com\/wp-content\/uploads\/2024\/09\/lavalle-4400-allanamiento-02.jpg?resize=768%2C427&amp;ssl=1 768w\" sizes=\"auto, (max-width: 800px) 100vw, 800px\" \/><\/p>\n<p><img data-recalc-dims=\"1\" loading=\"lazy\" decoding=\"async\" class=\"size-full wp-image-124682 aligncenter\" src=\"https:\/\/i0.wp.com\/cdnoticias.com\/wp-content\/uploads\/2024\/09\/lavalle-4400-allanamiento-01.jpg?resize=800%2C445&#038;ssl=1\" alt=\"\" width=\"800\" height=\"445\" srcset=\"https:\/\/i0.wp.com\/cdnoticias.com\/wp-content\/uploads\/2024\/09\/lavalle-4400-allanamiento-01.jpg?w=800&amp;ssl=1 800w, https:\/\/i0.wp.com\/cdnoticias.com\/wp-content\/uploads\/2024\/09\/lavalle-4400-allanamiento-01.jpg?resize=300%2C167&amp;ssl=1 300w, https:\/\/i0.wp.com\/cdnoticias.com\/wp-content\/uploads\/2024\/09\/lavalle-4400-allanamiento-01.jpg?resize=768%2C427&amp;ssl=1 768w\" sizes=\"auto, (max-width: 800px) 100vw, 800px\" \/><\/p>\n","protected":false},"excerpt":{"rendered":"<p>Se trata de dos investigaciones penales por \u201churto\u201d que confluyeron en un operativo donde se secuestraron partes de moto y<\/p>\n","protected":false},"author":4,"featured_media":124684,"comment_status":"closed","ping_status":"closed","sticky":false,"template":"","format":"standard","meta":{"_jetpack_memberships_contains_paid_content":false,"footnotes":""},"categories":[14,1],"tags":[],"class_list":["post-124681","post","type-post","status-publish","format-standard","has-post-thumbnail","hentry","category-policiales","category-portada"],"jetpack_featured_media_url":"https:\/\/i0.wp.com\/cdnoticias.com\/wp-content\/uploads\/2024\/09\/lavalle-4400-allanamiento-00.jpg?fit=800%2C445&ssl=1","jetpack_sharing_enabled":true,"_links":{"self":[{"href":"https:\/\/cdnoticias.com\/index.php\/wp-json\/wp\/v2\/posts\/124681","targetHints":{"allow":["GET"]}}],"collection":[{"href":"https:\/\/cdnoticias.com\/index.php\/wp-json\/wp\/v2\/posts"}],"about":[{"href":"https:\/\/cdnoticias.com\/index.php\/wp-json\/wp\/v2\/types\/post"}],"author":[{"embeddable":true,"href":"https:\/\/cdnoticias.com\/index.php\/wp-json\/wp\/v2\/users\/4"}],"replies":[{"embeddable":true,"href":"https:\/\/cdnoticias.com\/index.php\/wp-json\/wp\/v2\/comments?post=124681"}],"version-history":[{"count":0,"href":"https:\/\/cdnoticias.com\/index.php\/wp-json\/wp\/v2\/posts\/124681\/revisions"}],"wp:featuredmedia":[{"embeddable":true,"href":"https:\/\/cdnoticias.com\/index.php\/wp-json\/wp\/v2\/media\/124684"}],"wp:attachment":[{"href":"https:\/\/cdnoticias.com\/index.php\/wp-json\/wp\/v2\/media?parent=124681"}],"wp:term":[{"taxonomy":"category","embeddable":true,"href":"https:\/\/cdnoticias.com\/index.php\/wp-json\/wp\/v2\/categories?post=124681"},{"taxonomy":"post_tag","embeddable":true,"href":"https:\/\/cdnoticias.com\/index.php\/wp-json\/wp\/v2\/tags?post=124681"}],"curies":[{"name":"wp","href":"https:\/\/api.w.org\/{rel}","templated":true}]}}