{"id":124674,"date":"2024-09-05T08:49:18","date_gmt":"2024-09-05T11:49:18","guid":{"rendered":"https:\/\/cdnoticias.com\/?p=124674"},"modified":"2024-09-05T16:33:04","modified_gmt":"2024-09-05T19:33:04","slug":"pickelado-finalizaron-16-viviendas-y-seran-sorteadas-entre-inscriptos-al-programa-municipal-de-vivienda","status":"publish","type":"post","link":"https:\/\/cdnoticias.com\/index.php\/2024\/09\/05\/pickelado-finalizaron-16-viviendas-y-seran-sorteadas-entre-inscriptos-al-programa-municipal-de-vivienda\/","title":{"rendered":"Pickelado: finalizaron 16 casas y ser\u00e1n sorteadas entre inscriptos al Programa Municipal de Vivienda"},"content":{"rendered":"\n<p>Se trata de las viviendas que no fueron terminadas durante la gesti\u00f3n anterior en el marco del Programa TUVI. Son 10 de construcci\u00f3n tradicional y 6 de modalidad industrializada.<\/p>\n\n\n\n<hr class=\"wp-block-separator has-alpha-channel-opacity\"\/>\n\n\n\n<p><strong>El Municipio finaliz\u00f3 las 16 viviendas que no fueron terminadas durante la gesti\u00f3n anterior en barrio Pickelado, en el marco del Programa TUVI. <\/strong>En ese sentido, informaron a la comunidad que se encuentra abierta la inscripci\u00f3n para el Programa Municipal de Vivienda.<\/p>\n\n\n\n<p><\/p>\n\n\n\n<p>La adjudicaci\u00f3n ser\u00e1 a trav\u00e9s de un<strong> sorteo p\u00fablico entre todas las y los postulantes,<\/strong> y no a trav\u00e9s de una licitaci\u00f3n como era anteriormente.<\/p>\n\n\n\n<p><\/p>\n\n\n\n<p><strong>El tr\u00e1mite de inscripci\u00f3n ya se encuentra habilitado <\/strong>y quienes quieran anotarse tendr\u00e1n tiempo <strong>hasta el lunes 30 de septiembre.<\/strong> Las personas que resulten beneficiarias podr\u00e1n acceder a una de las 16 viviendas que ya se encuentran construidas en el barrio Pickelado.<\/p>\n\n\n\n<p><\/p>\n\n\n\n<blockquote class=\"wp-block-quote is-layout-flow wp-block-quote-is-layout-flow\">\n<p>Se trata de 10 inmuebles de construcci\u00f3n tradicional y 6 de modalidad industrializada.<\/p>\n<\/blockquote>\n\n\n\n<p><\/p>\n\n\n\n<p>Se destaca que la persona que resulte sorteada y, de acuerdo a la modalidad inscripta, <strong>deber\u00e1 abonar el monto del lote hasta en tres cuotas mensuales, iguales y consecutivas, venciendo la primera de ellas el 20 de octubre.<\/strong> Los vencimientos restantes ser\u00e1n el 20 de noviembre y el 20 de diciembre.<\/p>\n\n\n\n<p><\/p>\n\n\n\n<p>En cuanto a las de <strong>construcci\u00f3n tradicional<\/strong> existen dos alternativas, <strong>frentistas y esquinas<\/strong>, <strong>con un precio de valor del terreno de $17.126.667 pesos y de $19.653.333 respectivamente. <\/strong>Todos se encuentran situados en la cuadra delimitada por las<strong> calles 13 bis y Larralde, entre Coronel Su\u00e1rez y Bol\u00edvar.<\/strong><\/p>\n\n\n\n<p><\/p>\n\n\n\n<p>La familia sorteada, a partir del 1\u00b0 de enero de 2025 iniciar\u00e1 el pago de las cuotas correspondientes al valor de la vivienda. En el caso de las tradicionales se contempla un plan de pago de 120 cuotas.<\/p>\n\n\n\n<p><\/p>\n\n\n\n<p>Con respecto a las <strong>industrializadas (modalidad Wood Framing),<\/strong> el valor del lote es de <strong>$14.400.000 pesos <\/strong>y est\u00e1n ubicadas sobre <strong>Calle 7 Bis y Calle 9 Bis <\/strong>y quienes resultan beneficiarios del sorteo a partir del 1\u00b0 de enero de 2025 iniciar\u00e1n el pago de las cuotas correspondientes al valor de la vivienda. En el caso de las industrializadas se contemplan 100 cuotas.<\/p>\n\n\n\n<p><\/p>\n\n\n\n<blockquote class=\"wp-block-quote is-layout-flow wp-block-quote-is-layout-flow\">\n<p>En todos los casos se trata de viviendas de 45 metros cuadrados, en planta baja, con todas sus instalaciones, revestimientos, solados, cielorrasos, artefactos y accesorios necesarios para un buen funcionamiento.<\/p>\n<\/blockquote>\n\n\n\n<p><\/p>\n\n\n\n<p>Se record\u00f3 que el primer requisito para participar es <strong>estar inscripto\/a en el Registro de Demanda Habitacional,<\/strong> tr\u00e1mite que puede realizarse a trav\u00e9s del sitio oficial del Municipio. El grupo familiar, adem\u00e1s, deber\u00e1 <strong>acreditar ingresos de entre 4 y 10 Salarios M\u00ednimo, Vital y M\u00f3vil. <\/strong>Completada la informaci\u00f3n requerida, como as\u00ed tambi\u00e9n la validaci\u00f3n del usuario, podr\u00e1n avanzar en la adhesi\u00f3n al citado Programa.<\/p>\n\n\n\n<p><\/p>\n\n\n\n<p>Por consultas o informaci\u00f3n se pueden acercar a la oficina de Casa de Tierras y Regularizaci\u00f3n Dominial, ubicada en el Palacio San Mart\u00edn, con horario de atenci\u00f3n de 7 a 13 horas.<\/p>\n\n\n\n<p><\/p>\n\n\n\n<p><em>Imagen de archivo. <\/em><\/p>\n","protected":false},"excerpt":{"rendered":"<p>Se trata de las viviendas que no fueron terminadas durante la gesti\u00f3n anterior en el marco del Programa TUVI. Son<\/p>\n","protected":false},"author":2,"featured_media":86705,"comment_status":"closed","ping_status":"closed","sticky":false,"template":"","format":"standard","meta":{"_jetpack_memberships_contains_paid_content":false,"footnotes":""},"categories":[5,1],"tags":[],"class_list":["post-124674","post","type-post","status-publish","format-standard","has-post-thumbnail","hentry","category-informacion-general","category-portada"],"jetpack_featured_media_url":"https:\/\/i0.wp.com\/cdnoticias.com\/wp-content\/uploads\/2023\/06\/tuvi-industrializadas-tancredi-02.jpg?fit=800%2C445&ssl=1","jetpack_sharing_enabled":true,"_links":{"self":[{"href":"https:\/\/cdnoticias.com\/index.php\/wp-json\/wp\/v2\/posts\/124674","targetHints":{"allow":["GET"]}}],"collection":[{"href":"https:\/\/cdnoticias.com\/index.php\/wp-json\/wp\/v2\/posts"}],"about":[{"href":"https:\/\/cdnoticias.com\/index.php\/wp-json\/wp\/v2\/types\/post"}],"author":[{"embeddable":true,"href":"https:\/\/cdnoticias.com\/index.php\/wp-json\/wp\/v2\/users\/2"}],"replies":[{"embeddable":true,"href":"https:\/\/cdnoticias.com\/index.php\/wp-json\/wp\/v2\/comments?post=124674"}],"version-history":[{"count":0,"href":"https:\/\/cdnoticias.com\/index.php\/wp-json\/wp\/v2\/posts\/124674\/revisions"}],"wp:featuredmedia":[{"embeddable":true,"href":"https:\/\/cdnoticias.com\/index.php\/wp-json\/wp\/v2\/media\/86705"}],"wp:attachment":[{"href":"https:\/\/cdnoticias.com\/index.php\/wp-json\/wp\/v2\/media?parent=124674"}],"wp:term":[{"taxonomy":"category","embeddable":true,"href":"https:\/\/cdnoticias.com\/index.php\/wp-json\/wp\/v2\/categories?post=124674"},{"taxonomy":"post_tag","embeddable":true,"href":"https:\/\/cdnoticias.com\/index.php\/wp-json\/wp\/v2\/tags?post=124674"}],"curies":[{"name":"wp","href":"https:\/\/api.w.org\/{rel}","templated":true}]}}