{"id":124664,"date":"2024-09-05T08:27:44","date_gmt":"2024-09-05T11:27:44","guid":{"rendered":"https:\/\/cdnoticias.com\/?p=124664"},"modified":"2024-09-05T10:06:06","modified_gmt":"2024-09-05T13:06:06","slug":"le-robaron-la-bicicleta-y-la-encontro-en-una-bicicleteria","status":"publish","type":"post","link":"https:\/\/cdnoticias.com\/index.php\/2024\/09\/05\/le-robaron-la-bicicleta-y-la-encontro-en-una-bicicleteria\/","title":{"rendered":"Le robaron la bicicleta y la encontr\u00f3 en una bicicleter\u00eda"},"content":{"rendered":"<p>La v\u00edctima denunci\u00f3 el hallazgo y el rodado fue secuestrado de un comercio ubicado sobre avenida Col\u00f3n en barrio Pueblo Nuevo. El comerciante fue imputado por \u201cencubrimiento\u201d.<!--more--><\/p>\n<hr \/>\n<p>Una mujer que hab\u00eda sido <strong>v\u00edctima del robo de su bicicleta<\/strong> expuso que <strong>hall\u00f3 el rodado en una bicicleter\u00eda del barrio Pueblo Nuevo.<\/strong><\/p>\n<p>Este mi\u00e9rcoles el personal del <strong>Comando de Patrullas<\/strong> se present\u00f3 en <strong>Col\u00f3n y Maip\u00fa<\/strong> donde la mujer vio el rodado que le hab\u00eda sido sustra\u00eddo d\u00edas atr\u00e1s, <strong>una bicicleta de paseo de mujer rodado 26.<\/strong><\/p>\n<p>Los efectivos ingresaron al local donde <strong>secuestraron el veh\u00edculo y notificaron al propietario<\/strong>, un hombre de 54 a\u00f1os, de su <strong>imputaci\u00f3n por el delito de \u201cencubrimiento\u201d<\/strong>. Se dio intervenci\u00f3n a la <strong>UFI N\u00ba 10.<\/strong><\/p>\n","protected":false},"excerpt":{"rendered":"<p>La v\u00edctima denunci\u00f3 el hallazgo y el rodado fue secuestrado de un comercio ubicado sobre avenida Col\u00f3n en barrio Pueblo<\/p>\n","protected":false},"author":4,"featured_media":124665,"comment_status":"closed","ping_status":"closed","sticky":false,"template":"","format":"standard","meta":{"_jetpack_memberships_contains_paid_content":false,"footnotes":""},"categories":[14,1],"tags":[],"class_list":["post-124664","post","type-post","status-publish","format-standard","has-post-thumbnail","hentry","category-policiales","category-portada"],"jetpack_featured_media_url":"https:\/\/i0.wp.com\/cdnoticias.com\/wp-content\/uploads\/2024\/09\/colon-y-maipu-bicicleta.jpg?fit=800%2C445&ssl=1","jetpack_sharing_enabled":true,"_links":{"self":[{"href":"https:\/\/cdnoticias.com\/index.php\/wp-json\/wp\/v2\/posts\/124664","targetHints":{"allow":["GET"]}}],"collection":[{"href":"https:\/\/cdnoticias.com\/index.php\/wp-json\/wp\/v2\/posts"}],"about":[{"href":"https:\/\/cdnoticias.com\/index.php\/wp-json\/wp\/v2\/types\/post"}],"author":[{"embeddable":true,"href":"https:\/\/cdnoticias.com\/index.php\/wp-json\/wp\/v2\/users\/4"}],"replies":[{"embeddable":true,"href":"https:\/\/cdnoticias.com\/index.php\/wp-json\/wp\/v2\/comments?post=124664"}],"version-history":[{"count":0,"href":"https:\/\/cdnoticias.com\/index.php\/wp-json\/wp\/v2\/posts\/124664\/revisions"}],"wp:featuredmedia":[{"embeddable":true,"href":"https:\/\/cdnoticias.com\/index.php\/wp-json\/wp\/v2\/media\/124665"}],"wp:attachment":[{"href":"https:\/\/cdnoticias.com\/index.php\/wp-json\/wp\/v2\/media?parent=124664"}],"wp:term":[{"taxonomy":"category","embeddable":true,"href":"https:\/\/cdnoticias.com\/index.php\/wp-json\/wp\/v2\/categories?post=124664"},{"taxonomy":"post_tag","embeddable":true,"href":"https:\/\/cdnoticias.com\/index.php\/wp-json\/wp\/v2\/tags?post=124664"}],"curies":[{"name":"wp","href":"https:\/\/api.w.org\/{rel}","templated":true}]}}