{"id":124657,"date":"2024-09-04T21:32:47","date_gmt":"2024-09-05T00:32:47","guid":{"rendered":"https:\/\/cdnoticias.com\/?p=124657"},"modified":"2024-09-04T21:32:49","modified_gmt":"2024-09-05T00:32:49","slug":"fr-olavarria-indigna-la-represion-y-el-ajuste-a-los-jubilados-por-parte-de-milei","status":"publish","type":"post","link":"https:\/\/cdnoticias.com\/index.php\/2024\/09\/04\/fr-olavarria-indigna-la-represion-y-el-ajuste-a-los-jubilados-por-parte-de-milei\/","title":{"rendered":"FR Olavarr\u00eda: \u201cIndigna la represi\u00f3n y el ajuste a los jubilados por parte de Milei\u201d"},"content":{"rendered":"\n<p>Desde el espacio manifestaron \u201cel total rechazo a la grave represi\u00f3n del Gobierno de Milei a las y los jubilados a las afueras del congreso\u201d.&nbsp;<\/p>\n\n\n\n<hr class=\"wp-block-separator aligncenter has-alpha-channel-opacity\"\/>\n\n\n\n<p>El <strong>Frente Renovador Olavarr\u00eda<\/strong>, espacio conducido por Eduardo Rodr\u00edguez, <strong>expres\u00f3 su rechazo a los acontecimientos sucedidos en la tarde de este mi\u00e9rcoles en inmediaciones del Congreso de la Naci\u00f3n.<\/strong> Al respecto, sostuvieron que <em>\u201cindigna la represi\u00f3n y el ajuste a los jubilados por parte de Milei\u201d. \u201cTransmitimos nuestra solidaridad con las personas heridas y descalificamos el accionar del Estado Nacional ante un reclamo leg\u00edtimo y pac\u00edfico\u201d, <\/em>agregaron.<\/p>\n\n\n\n<p>Por otra parte, resaltaron<em><strong> \u201cla p\u00e9rdida del poder adquisitivo de nuestros jubilados, desde diciembre hasta la fecha, habla de la crueldad con la que el plan del Gobierno de Javier Milei atenta contra los sectores m\u00e1s vulnerables de la sociedad\u201d.<\/strong><\/em><\/p>\n\n\n\n<blockquote class=\"wp-block-quote is-layout-flow wp-block-quote-is-layout-flow\">\n<p>\u201cEsto, sumado al recorte en el acceso a medicamentos de primera necesidad, no hace m\u00e1s que profundizar la preocupante situaci\u00f3n actual\u201d, indicaron desde el Frente Renovador Olavarr\u00eda.<\/p>\n<\/blockquote>\n\n\n\n<p><em><strong>\u201cAnte este contexto, expresamos nuestro acompa\u00f1amiento a los reclamos que las y los jubilados llevan adelante contra el veto a la nueva f\u00f3rmula de movilidad jubilatoria y desaprobamos toda forma de represi\u00f3n\u201d,<\/strong><\/em> finalizaron.<\/p>\n","protected":false},"excerpt":{"rendered":"<p>Desde el espacio manifestaron \u201cel total rechazo a la grave represi\u00f3n del Gobierno de Milei a las y los jubilados<\/p>\n","protected":false},"author":2,"featured_media":105392,"comment_status":"closed","ping_status":"closed","sticky":false,"template":"","format":"standard","meta":{"_jetpack_memberships_contains_paid_content":false,"footnotes":""},"categories":[4,1],"tags":[],"class_list":["post-124657","post","type-post","status-publish","format-standard","has-post-thumbnail","hentry","category-politica","category-portada"],"jetpack_featured_media_url":"https:\/\/i0.wp.com\/cdnoticias.com\/wp-content\/uploads\/2023\/12\/Casa-chino-correa-foro-olavarria-eduardo-rodriguez.jpeg?fit=800%2C599&ssl=1","jetpack_sharing_enabled":true,"_links":{"self":[{"href":"https:\/\/cdnoticias.com\/index.php\/wp-json\/wp\/v2\/posts\/124657","targetHints":{"allow":["GET"]}}],"collection":[{"href":"https:\/\/cdnoticias.com\/index.php\/wp-json\/wp\/v2\/posts"}],"about":[{"href":"https:\/\/cdnoticias.com\/index.php\/wp-json\/wp\/v2\/types\/post"}],"author":[{"embeddable":true,"href":"https:\/\/cdnoticias.com\/index.php\/wp-json\/wp\/v2\/users\/2"}],"replies":[{"embeddable":true,"href":"https:\/\/cdnoticias.com\/index.php\/wp-json\/wp\/v2\/comments?post=124657"}],"version-history":[{"count":0,"href":"https:\/\/cdnoticias.com\/index.php\/wp-json\/wp\/v2\/posts\/124657\/revisions"}],"wp:featuredmedia":[{"embeddable":true,"href":"https:\/\/cdnoticias.com\/index.php\/wp-json\/wp\/v2\/media\/105392"}],"wp:attachment":[{"href":"https:\/\/cdnoticias.com\/index.php\/wp-json\/wp\/v2\/media?parent=124657"}],"wp:term":[{"taxonomy":"category","embeddable":true,"href":"https:\/\/cdnoticias.com\/index.php\/wp-json\/wp\/v2\/categories?post=124657"},{"taxonomy":"post_tag","embeddable":true,"href":"https:\/\/cdnoticias.com\/index.php\/wp-json\/wp\/v2\/tags?post=124657"}],"curies":[{"name":"wp","href":"https:\/\/api.w.org\/{rel}","templated":true}]}}