{"id":124649,"date":"2024-09-04T20:48:22","date_gmt":"2024-09-04T23:48:22","guid":{"rendered":"https:\/\/cdnoticias.com\/?p=124649"},"modified":"2024-09-05T07:42:17","modified_gmt":"2024-09-05T10:42:17","slug":"este-jueves-paro-nacional-en-todas-las-universidades-del-pais","status":"publish","type":"post","link":"https:\/\/cdnoticias.com\/index.php\/2024\/09\/04\/este-jueves-paro-nacional-en-todas-las-universidades-del-pais\/","title":{"rendered":"Este jueves, paro nacional en todas las universidades del pa\u00eds"},"content":{"rendered":"\n<p>Adem\u00e1s, los gremios confirmaron que se realizar\u00e1 una Marcha Nacional Universitaria, la semana del 16 de septiembre.<\/p>\n\n\n\n<hr class=\"wp-block-separator aligncenter has-alpha-channel-opacity\"\/>\n\n\n\n<p>Los gremios que conforman la <strong>Federaci\u00f3n Nacional de Docentes Universitarios <\/strong>contin\u00faan en <strong>estado de alerta y movilizaci\u00f3n <\/strong>ante la crisis que sufre el sector y <strong>realizar\u00e1n este jueves 5 de septiembre un paro nacional, <\/strong>al no tener respuestas al reclamo y de cara a la aprobaci\u00f3n de la ley de ampliaci\u00f3n del financiamiento educativo universitario.<\/p>\n\n\n\n<p><\/p>\n\n\n\n<blockquote class=\"wp-block-quote is-layout-flow wp-block-quote-is-layout-flow\">\n<p>El proyecto, tras haber conseguido dictamen favorable, estaba listo para tratarse este mi\u00e9rcoles en Senado. No obstante, la sesi\u00f3n pas\u00f3 para el pr\u00f3ximo jueves 12 de septiembre.<\/p>\n<\/blockquote>\n\n\n\n<p><\/p>\n\n\n\n<p>El d\u00eda que se d\u00e9 el esperado debate legislativo, adem\u00e1s,<strong> habr\u00e1 una radio abierta, una movilizaci\u00f3n frente al Congreso Nacional y actividades en todas las universidades del pa\u00eds <\/strong>para visibilizar la problem\u00e1tica.<\/p>\n\n\n\n<p><\/p>\n\n\n\n<p>En tanto, se especula con que <strong>el Ejecutivo pueda vetar la normativa,<\/strong> ya que argumenta que pone en riesgo el d\u00e9ficit fiscal. En ese caso, los gremios mayoritarios como CONADU y CONADU Hist\u00f3rica confirmaron que <strong>se realizar\u00e1 una Marcha Nacional Universitaria, la semana del 16 de septiembre.<\/strong><\/p>\n\n\n\n<p><\/p>\n\n\n\n<p>En esa l\u00ednea, <strong>Carlos De Feo, Secretario General de CONADU <\/strong>y Coordinador de Educaci\u00f3n Superior del Comit\u00e9 Regional Internacional de la Educaci\u00f3n para Am\u00e9rica Latina, explic\u00f3 que el paro y la jornada de acompa\u00f1amiento al debate de la ley \u201c<strong>busca demostrar a los senadores que queremos que se apruebe la ley de financiamiento educativo y descontamos que esta ley va a ser aprobada, pero vamos a hacer la actividad de todas maneras\u201d.<\/strong><\/p>\n\n\n\n<p><\/p>\n\n\n\n<blockquote class=\"wp-block-quote is-layout-flow wp-block-quote-is-layout-flow\">\n<p>Asimismo, De Feo indic\u00f3 que \u201cen el caso que el presidente (Javier Milei) la vete como la de los jubilados, se va a hacer una marcha nacional inmediatamente para repudiar el veto y reclamar que se aplique esa ley\u201d.<\/p>\n<\/blockquote>\n\n\n\n<p><\/p>\n\n\n\n<p>Si la ley no se aprueba, se defini\u00f3 debatir la propuesta de <strong>coordinar un paro nacional de 72 horas para la semana del 9 septiembre con acciones de visibilizaci\u00f3n<\/strong>. De igual modo, se ratific\u00f3 la convocatoria a una Marcha Nacional en Defensa de la Universidad P\u00fablica -coordinando con el conjunto de la comunidad universitaria- proponiendo que la misma se realice durante la semana del 16 de septiembre.<\/p>\n\n\n\n<p><\/p>\n\n\n\n<p>El proyecto de ley plantea que el Poder Ejecutivo debe actualizar las partidas presupuestarias de las Universidades al 1\u00ba de enero de 2024 y hasta el 31 de diciembre de 2024 destinada a gastos de funcionamiento, de forma bimestral y en funci\u00f3n del \u00cdndice de Precios al Consumidor (IPC).<\/p>\n\n\n\n<p><\/p>\n\n\n\n<p>Tambi\u00e9n establece la recomposici\u00f3n salarial de docentes y no docentes a partir del 1\u00ba de diciembre de 2023 y hasta el 31 de diciembre de 2024, de forma mensual y conforme a la inflaci\u00f3n acumulada informada por el Instituto Nacional De Estad\u00edsticas y Censos (INDEC).<\/p>\n\n\n\n<p><\/p>\n\n\n\n<p><em>Fuente: DIB<\/em><\/p>\n","protected":false},"excerpt":{"rendered":"<p>Adem\u00e1s, los gremios confirmaron que se realizar\u00e1 una Marcha Nacional Universitaria, la semana del 16 de septiembre. Los gremios que<\/p>\n","protected":false},"author":6,"featured_media":114437,"comment_status":"closed","ping_status":"closed","sticky":false,"template":"","format":"standard","meta":{"_jetpack_memberships_contains_paid_content":false,"footnotes":""},"categories":[6,1],"tags":[],"class_list":["post-124649","post","type-post","status-publish","format-standard","has-post-thumbnail","hentry","category-nacionales","category-portada"],"jetpack_featured_media_url":"https:\/\/i0.wp.com\/cdnoticias.com\/wp-content\/uploads\/2024\/04\/MarchaUniversidadOlavarria-55.jpg?fit=1024%2C680&ssl=1","jetpack_sharing_enabled":true,"_links":{"self":[{"href":"https:\/\/cdnoticias.com\/index.php\/wp-json\/wp\/v2\/posts\/124649","targetHints":{"allow":["GET"]}}],"collection":[{"href":"https:\/\/cdnoticias.com\/index.php\/wp-json\/wp\/v2\/posts"}],"about":[{"href":"https:\/\/cdnoticias.com\/index.php\/wp-json\/wp\/v2\/types\/post"}],"author":[{"embeddable":true,"href":"https:\/\/cdnoticias.com\/index.php\/wp-json\/wp\/v2\/users\/6"}],"replies":[{"embeddable":true,"href":"https:\/\/cdnoticias.com\/index.php\/wp-json\/wp\/v2\/comments?post=124649"}],"version-history":[{"count":0,"href":"https:\/\/cdnoticias.com\/index.php\/wp-json\/wp\/v2\/posts\/124649\/revisions"}],"wp:featuredmedia":[{"embeddable":true,"href":"https:\/\/cdnoticias.com\/index.php\/wp-json\/wp\/v2\/media\/114437"}],"wp:attachment":[{"href":"https:\/\/cdnoticias.com\/index.php\/wp-json\/wp\/v2\/media?parent=124649"}],"wp:term":[{"taxonomy":"category","embeddable":true,"href":"https:\/\/cdnoticias.com\/index.php\/wp-json\/wp\/v2\/categories?post=124649"},{"taxonomy":"post_tag","embeddable":true,"href":"https:\/\/cdnoticias.com\/index.php\/wp-json\/wp\/v2\/tags?post=124649"}],"curies":[{"name":"wp","href":"https:\/\/api.w.org\/{rel}","templated":true}]}}