{"id":124642,"date":"2024-09-04T20:00:06","date_gmt":"2024-09-04T23:00:06","guid":{"rendered":"https:\/\/cdnoticias.com\/?p=124642"},"modified":"2024-09-04T20:00:08","modified_gmt":"2024-09-04T23:00:08","slug":"la-provincia-compro-500-mil-dosis-y-comienza-a-vacunar-contra-el-dengue-grave","status":"publish","type":"post","link":"https:\/\/cdnoticias.com\/index.php\/2024\/09\/04\/la-provincia-compro-500-mil-dosis-y-comienza-a-vacunar-contra-el-dengue-grave\/","title":{"rendered":"La Provincia compr\u00f3 500 mil dosis y comienza a vacunar contra el dengue grave"},"content":{"rendered":"\n<p>Desde el Gobierno bonaerense advirtieron que ser\u00e1 una temporada epid\u00e9mica con mayor cantidad de casos graves por la circulaci\u00f3n de varios serotipos en simult\u00e1neo.<\/p>\n\n\n\n<hr class=\"wp-block-separator aligncenter has-alpha-channel-opacity\"\/>\n\n\n\n<p>El <strong>Gobierno bonaerense comenzar\u00e1 a vacunar contra el dengue a personas con riesgo de desarrollar s\u00edntomas graves, <\/strong>y lanz\u00f3 una fuerte campa\u00f1a para eliminar el mosquito transmisor ante lo que ser\u00e1 una <strong>temporada epid\u00e9mica r\u00e9cord,<\/strong> al tiempo que realizar\u00e1 un<strong> exhaustivo monitoreo de los casos, incrementar\u00e1 la producci\u00f3n de repelentes y distribuir\u00e1 otros insumos como larvicidas.<\/strong><\/p>\n\n\n\n<p><\/p>\n\n\n\n<p>En conferencia de prensa, el gobernador <strong>Axel Kicillof <\/strong>junto al ministro de Salud, <strong>Nicol\u00e1s Kreplak,<\/strong> informaron que <strong>la Provincia compr\u00f3 500 mil dosis de la inmunizaci\u00f3n <\/strong>al laboratorio Takeda y que la <strong>campa\u00f1a de vacunaci\u00f3n, que comenzar\u00e1 en octubre, estar\u00e1 destinada a aquellas personas que desarrollaron la enfermedad durante la temporada 2023-2024<\/strong>, que tienen entre 15 y 59 a\u00f1os y residencia en el AMBA, una poblaci\u00f3n priorizada de 80 mil personas.<\/p>\n\n\n\n<p><\/p>\n\n\n\n<blockquote class=\"wp-block-quote is-layout-flow wp-block-quote-is-layout-flow\">\n<p>No obstante, Kreplak admiti\u00f3 que hubo un \u201csubregistro\u201d, por lo que a trav\u00e9s de la app Mi Salud Digital se habilitar\u00e1 una inscripci\u00f3n para quienes cumplan con los criterios mencionados y no reciban la convocatoria a vacunarse, por ejemplo, habitantes del interior bonaerense, donde tambi\u00e9n hubo municipios en brote; o quienes cursaron la enfermedad, pero no fueron registrados en los sistemas de informaci\u00f3n de la provincia.<\/p>\n<\/blockquote>\n\n\n\n<p><\/p>\n\n\n\n<p>Cabe se\u00f1alar que la temporada pasada hubo <strong>m\u00e1s de 110 mil casos de la enfermedad<\/strong> y un total de 56 comunas en brote, es decir, con circulaci\u00f3n aut\u00f3ctona. Asimismo, <strong>hubo 101 fallecidos<\/strong>, lo que implic\u00f3 un crecimiento del 1000% en las defunciones, un dato clave para el desarrollo de la estrategia sanitaria.<\/p>\n\n\n\n<p><\/p>\n\n\n\n<blockquote class=\"wp-block-quote is-layout-flow wp-block-quote-is-layout-flow\">\n<p>Adem\u00e1s, se anunci\u00f3 que el IOMA cubrir\u00e1 el 30% del valor de la vacuna para todas las personas afiliadas que no sean parte de la poblaci\u00f3n priorizada a la que est\u00e1 destinado el suero. A partir de octubre, podr\u00e1n concurrir sin turno previo ni orden m\u00e9dica a cualquier farmacia de la red.<\/p>\n<\/blockquote>\n\n\n\n<p><\/p>\n\n\n\n<p>Kreplak explic\u00f3 que este a\u00f1o habr\u00e1<strong> mayor riesgo de dengue grave por la circulaci\u00f3n de varios serotipos en simult\u00e1neo.<\/strong> Hasta ahora, en territorio bonaerense solo se hab\u00edan reportado casos de DEN-1 y DEN-2, pero en la regi\u00f3n ya circulan adem\u00e1s el DEN-3 y DEN-4.<\/p>\n\n\n\n<p><\/p>\n\n\n\n<p>\u201cEsta no solo puede ser una epidemia de mucha cantidad de casos, sino que adem\u00e1s revista casos de mayor gravedad que las anteriores\u201d, advirti\u00f3 Kreplak. Cabe mencionar que la circulaci\u00f3n simult\u00e1nea de m\u00e1s de un serotipo pone en riesgo a\u00fan m\u00e1s la salud de la poblaci\u00f3n. Es que la infecci\u00f3n por un serotipo, seguida por otra infecci\u00f3n con un serotipo diferente aumenta el riesgo de una persona de padecer dengue grave, lo que puede ser mortal.<\/p>\n\n\n\n<p><\/p>\n\n\n\n<p>Por ese motivo, <strong>la campa\u00f1a de vacunaci\u00f3n de la provincia estar\u00e1 destinada a personas que ya tuvieron el virus. <\/strong>En ese sentido, el ministro explic\u00f3 que <strong>la vacuna es \u201ctotalmente segura\u201d<\/strong>, cuya aplicaci\u00f3n de dos dosis alcanz\u00f3 una reducci\u00f3n del 84% de las hospitalizaciones y una disminuci\u00f3n del 61% los casos de dengue sintom\u00e1tico, seg\u00fan la informaci\u00f3n difundida por el propio laboratorio Takeda.<\/p>\n\n\n\n<p><\/p>\n\n\n\n<p>Por \u00faltimo, la Provincia<strong> distribuir\u00e1 test de diagn\u00f3stico y sumar\u00e1 tecnolog\u00edas para conocer el detalle de cada serotipo<\/strong>, al tiempo que realizar\u00e1 un <strong>exhaustivo monitoreo de los casos.<\/strong><\/p>\n","protected":false},"excerpt":{"rendered":"<p>Desde el Gobierno bonaerense advirtieron que ser\u00e1 una temporada epid\u00e9mica con mayor cantidad de casos graves por la circulaci\u00f3n de<\/p>\n","protected":false},"author":6,"featured_media":67570,"comment_status":"closed","ping_status":"closed","sticky":false,"template":"","format":"standard","meta":{"_jetpack_memberships_contains_paid_content":false,"footnotes":""},"categories":[6,1],"tags":[],"class_list":["post-124642","post","type-post","status-publish","format-standard","has-post-thumbnail","hentry","category-nacionales","category-portada"],"jetpack_featured_media_url":"https:\/\/i0.wp.com\/cdnoticias.com\/wp-content\/uploads\/2022\/10\/nicolas-kreplak.jpg?fit=800%2C445&ssl=1","jetpack_sharing_enabled":true,"_links":{"self":[{"href":"https:\/\/cdnoticias.com\/index.php\/wp-json\/wp\/v2\/posts\/124642","targetHints":{"allow":["GET"]}}],"collection":[{"href":"https:\/\/cdnoticias.com\/index.php\/wp-json\/wp\/v2\/posts"}],"about":[{"href":"https:\/\/cdnoticias.com\/index.php\/wp-json\/wp\/v2\/types\/post"}],"author":[{"embeddable":true,"href":"https:\/\/cdnoticias.com\/index.php\/wp-json\/wp\/v2\/users\/6"}],"replies":[{"embeddable":true,"href":"https:\/\/cdnoticias.com\/index.php\/wp-json\/wp\/v2\/comments?post=124642"}],"version-history":[{"count":0,"href":"https:\/\/cdnoticias.com\/index.php\/wp-json\/wp\/v2\/posts\/124642\/revisions"}],"wp:featuredmedia":[{"embeddable":true,"href":"https:\/\/cdnoticias.com\/index.php\/wp-json\/wp\/v2\/media\/67570"}],"wp:attachment":[{"href":"https:\/\/cdnoticias.com\/index.php\/wp-json\/wp\/v2\/media?parent=124642"}],"wp:term":[{"taxonomy":"category","embeddable":true,"href":"https:\/\/cdnoticias.com\/index.php\/wp-json\/wp\/v2\/categories?post=124642"},{"taxonomy":"post_tag","embeddable":true,"href":"https:\/\/cdnoticias.com\/index.php\/wp-json\/wp\/v2\/tags?post=124642"}],"curies":[{"name":"wp","href":"https:\/\/api.w.org\/{rel}","templated":true}]}}