{"id":124639,"date":"2024-09-05T08:37:15","date_gmt":"2024-09-05T11:37:15","guid":{"rendered":"https:\/\/cdnoticias.com\/?p=124639"},"modified":"2024-09-05T08:42:58","modified_gmt":"2024-09-05T11:42:58","slug":"actividades-vinculadas-al-sector-industrial-y-productivo-del-partido","status":"publish","type":"post","link":"https:\/\/cdnoticias.com\/index.php\/2024\/09\/05\/actividades-vinculadas-al-sector-industrial-y-productivo-del-partido\/","title":{"rendered":"Actividades vinculadas al sector industrial y productivo del Partido"},"content":{"rendered":"\n<p>Se llevar\u00e1n a cabo el Taller de madurez digital y el Taller de Programa Impulsar este 5 y 6 de septiembre. Los detalles.<\/p>\n\n\n\n<hr class=\"wp-block-separator aligncenter has-alpha-channel-opacity\"\/>\n\n\n\n<p>En el marco del <strong>Mes de la Industria,<\/strong> el Municipio viene organizando varias propuestas con el objetivo del fomento del movimiento econ\u00f3mico, de la diversa matriz productiva con la que cuenta todo el Partido de Olavarr\u00eda.<\/p>\n\n\n\n<p><\/p>\n\n\n\n<p>En este sentido, desde la Secretar\u00eda de Desarrollo Econ\u00f3mico y Productivo municipal se inform\u00f3 que se est\u00e1 colaborando con la realizaci\u00f3n de <strong>dos propuestas espec\u00edficas: Taller de madurez digital y Taller de Programa Impulsar.<\/strong><\/p>\n\n\n\n<p><\/p>\n\n\n\n<p>Ambas jornadas cuentan con la coordinaci\u00f3n de la <strong>Fundaci\u00f3n Loma Negra, la Facultad de Ingenier\u00eda de Olavarr\u00eda (FIO), la Uni\u00f3n Industrial y el Parque Industrial Olavarr\u00eda (PIO).<\/strong><\/p>\n\n\n\n<p><\/p>\n\n\n\n<p class=\"has-medium-font-size\"><strong>Taller de madurez digital<\/strong><\/p>\n\n\n\n<p>Profesionales de la industria y docentes de la Facultad de Ingenier\u00eda de Olavarr\u00eda (FIO) realizar\u00e1n un taller de madurez digital, donde explorar\u00e1n casos de transformaci\u00f3n y perspectivas actuales.<\/p>\n\n\n\n<p><\/p>\n\n\n\n<p><strong>La actividad tendr\u00e1 lugar el 5 de septiembre desde las 15:00 horas, en el sal\u00f3n Auditorio de la Facultad de Ingenier\u00eda.<\/strong><\/p>\n\n\n\n<p><\/p>\n\n\n\n<p>Disertaciones a cargo del panel experto: Gabriela Benac (Luz Azul), Esteban Saravia (CEPIT), Diego Pascutto (Loma Negra), Procesos de transformaci\u00f3n digital: Geraldina Roark (FIO) y Federico Walas. Requiere inscripci\u00f3n previa.<\/p>\n\n\n\n<figure class=\"wp-block-image size-full\"><img data-recalc-dims=\"1\" loading=\"lazy\" decoding=\"async\" width=\"600\" height=\"333\" src=\"https:\/\/i0.wp.com\/cdnoticias.com\/wp-content\/uploads\/2024\/08\/union-industrial-programa-impulsar-00.jpg?resize=600%2C333&#038;ssl=1\" alt=\"\" class=\"wp-image-123895\" srcset=\"https:\/\/i0.wp.com\/cdnoticias.com\/wp-content\/uploads\/2024\/08\/union-industrial-programa-impulsar-00.jpg?w=600&amp;ssl=1 600w, https:\/\/i0.wp.com\/cdnoticias.com\/wp-content\/uploads\/2024\/08\/union-industrial-programa-impulsar-00.jpg?resize=300%2C167&amp;ssl=1 300w\" sizes=\"auto, (max-width: 600px) 100vw, 600px\" \/><\/figure>\n\n\n\n<p class=\"has-medium-font-size\"><strong>Taller \u201cPrograma impulsar\u201d<\/strong><\/p>\n\n\n\n<p>Mediante una iniciativa de la Fundaci\u00f3n Loma Negra enmarcada en su estrategia de sostenibilidad, se desarrollar\u00e1 el<a href=\"https:\/\/cdnoticias.com\/index.php\/2024\/08\/27\/semana-de-la-industria-inscripcion-abierta-para-el-taller-del-programa-impulsar-loma-negra\/\" data-type=\"post\" data-id=\"123894\" target=\"_blank\" rel=\"noreferrer noopener\"> taller \u201cPrograma impulsar\u201d: sensibilizaci\u00f3n en conceptos de ambiente, social y gobernanza<\/a>.<\/p>\n\n\n\n<p><\/p>\n\n\n\n<p><strong>Se llevar\u00e1 adelante el 6 de septiembre en el Sal\u00f3n Rivadavia, de 08:00 a 12:00 horas.<\/strong><\/p>\n\n\n\n<p><\/p>\n\n\n\n<p>La propuesta cuenta con cupos limitados para 30 empresas, por lo que se requiere inscripci\u00f3n previa. Cualquier duda o consulta contactarse con sostenibilidad@lomanegra.com.<\/p>\n","protected":false},"excerpt":{"rendered":"<p>Se llevar\u00e1n a cabo el Taller de madurez digital y el Taller de Programa Impulsar este 5 y 6 de<\/p>\n","protected":false},"author":6,"featured_media":26577,"comment_status":"closed","ping_status":"closed","sticky":false,"template":"","format":"standard","meta":{"_jetpack_memberships_contains_paid_content":false,"footnotes":""},"categories":[5,1],"tags":[],"class_list":["post-124639","post","type-post","status-publish","format-standard","has-post-thumbnail","hentry","category-informacion-general","category-portada"],"jetpack_featured_media_url":"https:\/\/i0.wp.com\/cdnoticias.com\/wp-content\/uploads\/2021\/07\/FIO-ingenieria-unicen.jpg?fit=898%2C500&ssl=1","jetpack_sharing_enabled":true,"_links":{"self":[{"href":"https:\/\/cdnoticias.com\/index.php\/wp-json\/wp\/v2\/posts\/124639","targetHints":{"allow":["GET"]}}],"collection":[{"href":"https:\/\/cdnoticias.com\/index.php\/wp-json\/wp\/v2\/posts"}],"about":[{"href":"https:\/\/cdnoticias.com\/index.php\/wp-json\/wp\/v2\/types\/post"}],"author":[{"embeddable":true,"href":"https:\/\/cdnoticias.com\/index.php\/wp-json\/wp\/v2\/users\/6"}],"replies":[{"embeddable":true,"href":"https:\/\/cdnoticias.com\/index.php\/wp-json\/wp\/v2\/comments?post=124639"}],"version-history":[{"count":0,"href":"https:\/\/cdnoticias.com\/index.php\/wp-json\/wp\/v2\/posts\/124639\/revisions"}],"wp:featuredmedia":[{"embeddable":true,"href":"https:\/\/cdnoticias.com\/index.php\/wp-json\/wp\/v2\/media\/26577"}],"wp:attachment":[{"href":"https:\/\/cdnoticias.com\/index.php\/wp-json\/wp\/v2\/media?parent=124639"}],"wp:term":[{"taxonomy":"category","embeddable":true,"href":"https:\/\/cdnoticias.com\/index.php\/wp-json\/wp\/v2\/categories?post=124639"},{"taxonomy":"post_tag","embeddable":true,"href":"https:\/\/cdnoticias.com\/index.php\/wp-json\/wp\/v2\/tags?post=124639"}],"curies":[{"name":"wp","href":"https:\/\/api.w.org\/{rel}","templated":true}]}}