{"id":124610,"date":"2024-09-06T14:05:45","date_gmt":"2024-09-06T17:05:45","guid":{"rendered":"https:\/\/cdnoticias.com\/?p=124610"},"modified":"2024-09-06T14:05:47","modified_gmt":"2024-09-06T17:05:47","slug":"logramos-un-marcado-crecimiento-del-radicalismo-amplio-y-representativo","status":"publish","type":"post","link":"https:\/\/cdnoticias.com\/index.php\/2024\/09\/06\/logramos-un-marcado-crecimiento-del-radicalismo-amplio-y-representativo\/","title":{"rendered":"&#8220;Logramos un marcado crecimiento del radicalismo, amplio y representativo&#8221;"},"content":{"rendered":"\n<p>As\u00ed lo manifest\u00f3 la presidenta de la Uni\u00f3n C\u00edvica Radical de Olavarr\u00eda, Bel\u00e9n Vergel, en relaci\u00f3n a la renovaci\u00f3n de autoridades que se avecina en el centenario partido.<\/p>\n\n\n\n<hr class=\"wp-block-separator aligncenter has-alpha-channel-opacity\"\/>\n\n\n\n<p>La <strong>Uni\u00f3n C\u00edvica Radical<\/strong> afronta un <strong>nuevo proceso de renovaci\u00f3n de autoridades en toda la Provincia de Buenos Aires,<\/strong> y es por eso que su presidenta, Bel\u00e9n Vergel, hizo un an\u00e1lisis de la actualidad del partido.<\/p>\n\n\n\n<p><\/p>\n\n\n\n<p>\u201cEn estos casi dos a\u00f1os de trabajo <strong>hemos alcanzado grandes objetivos.<\/strong> Sin lugar a duda <strong>la reconstrucci\u00f3n de nuestra casa es lo m\u00e1s importante. <\/strong>Alcanzamos nuestro sue\u00f1o luego del incendio sufrido en el a\u00f1o 2013\u201d expres\u00f3 Vergel.<\/p>\n\n\n\n<p><\/p>\n\n\n\n<p>En el mismo sentido, explic\u00f3 que <em>\u201cel acompa\u00f1amiento recibido durante todos estos a\u00f1os, tal como se vio en el acto de reinauguraci\u00f3n, dan cuenta del anhelo de todos los radicales de Olavarr\u00eda de ver nuevamente al Comit\u00e9 en funcionamiento. Hoy lo tenemos abierto todos los d\u00edas y cargado de actividades\u201d.<\/em><\/p>\n\n\n\n<p><\/p>\n\n\n\n<p>Asimismo, detall\u00f3 que \u201c<strong>abrimos el Espacio Cultural 13 de Abril, donde muchas personas se acercan a participar de los talleres de folklore, tango, fotograf\u00eda, guitarra, memoria, y muchos otros que est\u00e1n por iniciar\u201d.<\/strong><\/p>\n\n\n\n<p><\/p>\n\n\n\n<p>Por otra parte, Vergel manifest\u00f3 que \u201cen materia pol\u00edtica logramos un marcado<strong> crecimiento del radicalismo, amplio y representativo, <\/strong>donde todos los espacios son integrados. No solo sus l\u00edneas internas, sino tambi\u00e9n los diferentes \u00f3rganos partidarios como la Juventud Radical, Mujeres Radicales y Red de Mujeres Radicales\u201d.<\/p>\n\n\n\n<p><\/p>\n\n\n\n<p>Del mismo modo, puntualiz\u00f3 que \u201ces por esto que cada vez que nos acercamos a conversar con nuestros afiliados <strong>recibimos una gran aprobaci\u00f3n a esta gesti\u00f3n,<\/strong> que es el reconocimiento a un grupo de trabajo que viene conduciendo el Comit\u00e9 desde hace varios a\u00f1os, en momentos buenos y otros no tanto, pero que nunca dej\u00f3 de trabajar por el radicalismo y por Olavarr\u00eda\u201d.<\/p>\n\n\n\n<p><\/p>\n\n\n\n<p>Por \u00faltimo, la actual presidente del radicalismo olavarriense indic\u00f3 que \u201c<strong>del mismo modo nos plantean la necesidad de que todo el radicalismo trabaje en conjunto en favor de nuestra ciudad, nuestro lugar<\/strong>&#8220;.<\/p>\n\n\n\n<p><\/p>\n\n\n\n<p>\u201c<strong>Creo que es necesario aunar esfuerzos y direccionarlos en trabajar por el beneficio de nuestros vecinos. Hay muchas cosas que pasan en Olavarr\u00eda y que necesitan de un radicalismo fuerte y activo para poder transformarlo<\/strong>\u201d cerr\u00f3 Vergel.<\/p>\n\n\n\n<p><\/p>\n","protected":false},"excerpt":{"rendered":"<p>As\u00ed lo manifest\u00f3 la presidenta de la Uni\u00f3n C\u00edvica Radical de Olavarr\u00eda, Bel\u00e9n Vergel, en relaci\u00f3n a la renovaci\u00f3n de<\/p>\n","protected":false},"author":6,"featured_media":124631,"comment_status":"closed","ping_status":"closed","sticky":false,"template":"","format":"standard","meta":{"_jetpack_memberships_contains_paid_content":false,"footnotes":""},"categories":[4,1],"tags":[],"class_list":["post-124610","post","type-post","status-publish","format-standard","has-post-thumbnail","hentry","category-politica","category-portada"],"jetpack_featured_media_url":"https:\/\/i0.wp.com\/cdnoticias.com\/wp-content\/uploads\/2024\/09\/vergel-presidencia-ucr.png?fit=866%2C497&ssl=1","jetpack_sharing_enabled":true,"_links":{"self":[{"href":"https:\/\/cdnoticias.com\/index.php\/wp-json\/wp\/v2\/posts\/124610","targetHints":{"allow":["GET"]}}],"collection":[{"href":"https:\/\/cdnoticias.com\/index.php\/wp-json\/wp\/v2\/posts"}],"about":[{"href":"https:\/\/cdnoticias.com\/index.php\/wp-json\/wp\/v2\/types\/post"}],"author":[{"embeddable":true,"href":"https:\/\/cdnoticias.com\/index.php\/wp-json\/wp\/v2\/users\/6"}],"replies":[{"embeddable":true,"href":"https:\/\/cdnoticias.com\/index.php\/wp-json\/wp\/v2\/comments?post=124610"}],"version-history":[{"count":0,"href":"https:\/\/cdnoticias.com\/index.php\/wp-json\/wp\/v2\/posts\/124610\/revisions"}],"wp:featuredmedia":[{"embeddable":true,"href":"https:\/\/cdnoticias.com\/index.php\/wp-json\/wp\/v2\/media\/124631"}],"wp:attachment":[{"href":"https:\/\/cdnoticias.com\/index.php\/wp-json\/wp\/v2\/media?parent=124610"}],"wp:term":[{"taxonomy":"category","embeddable":true,"href":"https:\/\/cdnoticias.com\/index.php\/wp-json\/wp\/v2\/categories?post=124610"},{"taxonomy":"post_tag","embeddable":true,"href":"https:\/\/cdnoticias.com\/index.php\/wp-json\/wp\/v2\/tags?post=124610"}],"curies":[{"name":"wp","href":"https:\/\/api.w.org\/{rel}","templated":true}]}}