{"id":124575,"date":"2024-09-04T08:58:21","date_gmt":"2024-09-04T11:58:21","guid":{"rendered":"https:\/\/cdnoticias.com\/?p=124575"},"modified":"2024-09-04T08:58:22","modified_gmt":"2024-09-04T11:58:22","slug":"donacion-de-la-fundacion-encuentro-federal-al-merendero-de-caritas-en-el-barrio-coronel-dorrego","status":"publish","type":"post","link":"https:\/\/cdnoticias.com\/index.php\/2024\/09\/04\/donacion-de-la-fundacion-encuentro-federal-al-merendero-de-caritas-en-el-barrio-coronel-dorrego\/","title":{"rendered":"Donaci\u00f3n de la Fundaci\u00f3n \u201cEncuentro Federal\u201d al merendero de C\u00e1ritas en el barrio Coronel Dorrego"},"content":{"rendered":"<p>La agrupaci\u00f3n destac\u00f3 que esta acci\u00f3n solidaria se enmarca en las celebraciones del D\u00eda del Ni\u00f1o, que festejar\u00e1n el pr\u00f3ximo 7 de septiembre.<!--more--><\/p>\n<hr \/>\n<p>D\u00edas atr\u00e1s, a trav\u00e9s de la<strong> Fundaci\u00f3n \u201cEncuentro Federal\u201d Delegaci\u00f3n Olavarr\u00eda &#8211; Regi\u00f3n Centro<\/strong>, situada en Sargento Cabral 3332, <strong>los integrantes de Encuentro Republicano Federal<\/strong> y parte del <strong>grupo de J\u00f3venes ERF<\/strong>, realizaron una emotiva <strong>entrega de golosinas, gaseosas y otros productos al merendero de C\u00e1ritas en el barrio Coronel Dorrego.<\/strong><\/p>\n<p>Se inform\u00f3 desde ERF que esta acci\u00f3n solidaria se enmarca en las <strong>celebraciones del D\u00eda del Ni\u00f1o, que festejar\u00e1n el pr\u00f3ximo 7 de septiembre<\/strong>.<\/p>\n<p>El <strong>merendero, que apoya a m\u00e1s de 100 ni\u00f1os<\/strong>, no solo ofrece <strong>alimentos<\/strong>, sino que tambi\u00e9n brinda<strong> apoyo<\/strong> y esperanza a los peque\u00f1os y sus familias. La contribuci\u00f3n de Encuentro Republicano Federal, junto con la participaci\u00f3n activa de los j\u00f3venes, busca<strong> sumar a la alegr\u00eda de esta fecha especial<\/strong> y apoyar la valiosa labor que realiza C\u00e1ritas.<\/p>\n<p>La entrega de estos elementos tiene como objetivo <strong>hacer que la celebraci\u00f3n del D\u00eda del Ni\u00f1o sea a\u00fan m\u00e1s especial para todos los integrantes del merendero<\/strong>, reafirmando nuestro compromiso con el bienestar de la comunidad y el futuro de nuestros j\u00f3venes.<\/p>\n<p>En la actividad <strong>estuvo la concejal Miriam Mosescu<\/strong> y bajo la conducci\u00f3n del contador Mario Cura.<\/p>\n","protected":false},"excerpt":{"rendered":"<p>La agrupaci\u00f3n destac\u00f3 que esta acci\u00f3n solidaria se enmarca en las celebraciones del D\u00eda del Ni\u00f1o, que festejar\u00e1n el pr\u00f3ximo<\/p>\n","protected":false},"author":4,"featured_media":124576,"comment_status":"closed","ping_status":"closed","sticky":false,"template":"","format":"standard","meta":{"_jetpack_memberships_contains_paid_content":false,"footnotes":""},"categories":[4,1],"tags":[],"class_list":["post-124575","post","type-post","status-publish","format-standard","has-post-thumbnail","hentry","category-politica","category-portada"],"jetpack_featured_media_url":"https:\/\/i0.wp.com\/cdnoticias.com\/wp-content\/uploads\/2024\/09\/ERFederal.jpg?fit=600%2C403&ssl=1","jetpack_sharing_enabled":true,"_links":{"self":[{"href":"https:\/\/cdnoticias.com\/index.php\/wp-json\/wp\/v2\/posts\/124575","targetHints":{"allow":["GET"]}}],"collection":[{"href":"https:\/\/cdnoticias.com\/index.php\/wp-json\/wp\/v2\/posts"}],"about":[{"href":"https:\/\/cdnoticias.com\/index.php\/wp-json\/wp\/v2\/types\/post"}],"author":[{"embeddable":true,"href":"https:\/\/cdnoticias.com\/index.php\/wp-json\/wp\/v2\/users\/4"}],"replies":[{"embeddable":true,"href":"https:\/\/cdnoticias.com\/index.php\/wp-json\/wp\/v2\/comments?post=124575"}],"version-history":[{"count":0,"href":"https:\/\/cdnoticias.com\/index.php\/wp-json\/wp\/v2\/posts\/124575\/revisions"}],"wp:featuredmedia":[{"embeddable":true,"href":"https:\/\/cdnoticias.com\/index.php\/wp-json\/wp\/v2\/media\/124576"}],"wp:attachment":[{"href":"https:\/\/cdnoticias.com\/index.php\/wp-json\/wp\/v2\/media?parent=124575"}],"wp:term":[{"taxonomy":"category","embeddable":true,"href":"https:\/\/cdnoticias.com\/index.php\/wp-json\/wp\/v2\/categories?post=124575"},{"taxonomy":"post_tag","embeddable":true,"href":"https:\/\/cdnoticias.com\/index.php\/wp-json\/wp\/v2\/tags?post=124575"}],"curies":[{"name":"wp","href":"https:\/\/api.w.org\/{rel}","templated":true}]}}