{"id":124571,"date":"2024-09-04T08:04:46","date_gmt":"2024-09-04T11:04:46","guid":{"rendered":"https:\/\/cdnoticias.com\/?p=124571"},"modified":"2024-09-04T08:04:47","modified_gmt":"2024-09-04T11:04:47","slug":"jorge-oscar-calzoni-petiso-q-e-p-d","status":"publish","type":"post","link":"https:\/\/cdnoticias.com\/index.php\/2024\/09\/04\/jorge-oscar-calzoni-petiso-q-e-p-d\/","title":{"rendered":"Jorge Oscar Calzoni \u201cPetiso\u201d (Q.E.P.D.)"},"content":{"rendered":"\n<p><\/p>\n\n\n\n<p>Falleci\u00f3 en Olavarr\u00eda el 3 de septiembre de 2024 a los 81 a\u00f1os de edad. Su hijo: Diego Jorge Calzoni Portilla; su nieto Valentino Calzoni; sus hermanos, hermanos pol\u00edticos, sobrinos y dem\u00e1s deudos participan su fallecimiento.<\/p>\n\n\n\n<p><\/p>\n\n\n\n<p>Sus restos ser\u00e1n velados en Espa\u00f1a 2942, Departamento &#8220;D&#8221; (comienza a las 9:00 y finaliza a las 13) y ser\u00e1n cremados en Crematorio Pinos de Paz, en d\u00eda y hora a confirmar, previo responso en la capilla ardiente. Vecino de barrio San Vicente. Nacido en Olavarr\u00eda. Jubilado.<\/p>\n","protected":false},"excerpt":{"rendered":"<p>Falleci\u00f3 en Olavarr\u00eda el 3 de septiembre de 2024 a los 81 a\u00f1os de edad. Su hijo: Diego Jorge Calzoni<\/p>\n","protected":false},"author":2,"featured_media":100390,"comment_status":"closed","ping_status":"closed","sticky":false,"template":"","format":"standard","meta":{"_jetpack_memberships_contains_paid_content":false,"footnotes":""},"categories":[10],"tags":[],"class_list":["post-124571","post","type-post","status-publish","format-standard","has-post-thumbnail","hentry","category-necrologicas"],"jetpack_featured_media_url":"https:\/\/i0.wp.com\/cdnoticias.com\/wp-content\/uploads\/2023\/10\/necrologicas-390-x-240.jpg?fit=390%2C240&ssl=1","jetpack_sharing_enabled":true,"_links":{"self":[{"href":"https:\/\/cdnoticias.com\/index.php\/wp-json\/wp\/v2\/posts\/124571","targetHints":{"allow":["GET"]}}],"collection":[{"href":"https:\/\/cdnoticias.com\/index.php\/wp-json\/wp\/v2\/posts"}],"about":[{"href":"https:\/\/cdnoticias.com\/index.php\/wp-json\/wp\/v2\/types\/post"}],"author":[{"embeddable":true,"href":"https:\/\/cdnoticias.com\/index.php\/wp-json\/wp\/v2\/users\/2"}],"replies":[{"embeddable":true,"href":"https:\/\/cdnoticias.com\/index.php\/wp-json\/wp\/v2\/comments?post=124571"}],"version-history":[{"count":0,"href":"https:\/\/cdnoticias.com\/index.php\/wp-json\/wp\/v2\/posts\/124571\/revisions"}],"wp:featuredmedia":[{"embeddable":true,"href":"https:\/\/cdnoticias.com\/index.php\/wp-json\/wp\/v2\/media\/100390"}],"wp:attachment":[{"href":"https:\/\/cdnoticias.com\/index.php\/wp-json\/wp\/v2\/media?parent=124571"}],"wp:term":[{"taxonomy":"category","embeddable":true,"href":"https:\/\/cdnoticias.com\/index.php\/wp-json\/wp\/v2\/categories?post=124571"},{"taxonomy":"post_tag","embeddable":true,"href":"https:\/\/cdnoticias.com\/index.php\/wp-json\/wp\/v2\/tags?post=124571"}],"curies":[{"name":"wp","href":"https:\/\/api.w.org\/{rel}","templated":true}]}}